{"id":31055,"date":"2013-10-04T17:28:31","date_gmt":"2013-10-04T21:28:31","guid":{"rendered":"https:\/\/archive.cafe.crea.ca\/saveurs-de-la-semaine-le-4-octobre-2013\/"},"modified":"2013-10-04T17:28:31","modified_gmt":"2013-10-04T21:28:31","slug":"saveurs-de-la-semaine-le-4-octobre-2013","status":"publish","type":"post","link":"https:\/\/archive.cafe.crea.ca\/fr\/saveurs-de-la-semaine-le-4-octobre-2013\/","title":{"rendered":"Saveurs de la semaine : le 4 octobre 2013"},"content":{"rendered":"<p><em>Les Saveurs de la semaine affichent des liens int\u00e9ressants vers des nouvelles sur l\u2019immobilier, bribes d\u2019information ou sujets qui vous int\u00e9ressent; vous pouvez les savourer en d\u00e9gustant votre caf\u00e9 pr\u00e9f\u00e9r\u00e9. Vous pouvez m\u00eame vous en servir pour entreprendre une bonne conversation avec le prochain client que vous rencontrerez. Bonne lecture!<\/em><\/p>\n<p><em>Voici mes choix de la semaine :<\/em><\/p>\n<p>La Presse a parl\u00e9 presque tous les jours du projet du Pont Champlain : <a href=\"http:\/\/tinyurl.com\/kr9d25c\" target=\"_blank\">lundi<\/a>, <a href=\"http:\/\/tinyurl.com\/p3rus7x\" target=\"_blank\">mardi<\/a>, <a href=\"http:\/\/tinyurl.com\/mdrcmow\" target=\"_blank\">mercredi<\/a> et encore <a href=\"http:\/\/tinyurl.com\/od9ggll\" target=\"_blank\">mercredi<\/a>.<\/p>\n<p>Du cot\u00e9 de Qu\u00e9bec, des <a href=\"http:\/\/tinyurl.com\/mj8t3zl\" target=\"_blank\">voies r\u00e9serv\u00e9es s\u00e8ment la confusion<\/a>, et le maire croit toujours au <a href=\"http:\/\/tinyurl.com\/kmttoo4\" target=\"_blank\">retour des Nordiques<\/a>.<\/p>\n<p>En Outaouais, le premier ministre <a href=\"http:\/\/tinyurl.com\/jvqggcw\" target=\"_blank\">Harper et sa famille chauffent l\u2019ext\u00e9rieur du 24 Sussex<\/a>, et la <a href=\"http:\/\/tinyurl.com\/njvraxa\" target=\"_blank\">Ville tente d\u2019\u00e9viter un autre litige avec la CCN<\/a>.<\/p>\n<p>Dans le Centre-du-Qu\u00e9bec, un <a href=\"http:\/\/tinyurl.com\/kqhvou4\" target=\"_blank\">entrepreneur veut acheter les maisons touch\u00e9es par la pyrrhotite<\/a>.<\/p>\n<p>En Californie, <a href=\"http:\/\/www.01net.com\/editorial\/604620\/facebook-se-lance-dans-limmobilier-a-menlo-park\/\" target=\"_blank\">Facebook se lance dans l\u2019immobilier<\/a>.<\/p>\n<p>\u00c0 Cuba, c\u2019est le <a href=\"http:\/\/www.latribune.fr\/actualites\/economie\/international\/20131002trib000788438\/a-cuba-c-est-le-grand-boom-du-marche-immobilier.html\" target=\"_blank\">grand boom du march\u00e9 immobilier<\/a>.<\/p>\n<p>De l\u2019autre c\u00f4t\u00e9 de l\u2019Atlantique, Finance et Investissement estime que <a href=\"http:\/\/www.finance-investissement.com\/l-immobilier-pourrait-miner-l-conomie\/a\/53475\" target=\"_blank\">l\u2019immobilier pourrait miner l\u2019\u00e9conomie<\/a>, alors que France 24 d\u00e9clare que <a href=\"http:\/\/www.france24.com\/fr\/20131002-immobilier-prix-lancien-poursuivent-leur-baisse?ns_campaign=editorial&amp;ns_source=RSS_public&amp;ns_mchannel=RSS&amp;ns_fee=0&amp;ns_linkname=20131002_immobilier_prix_lancien_poursuivent_leur_baisse\" target=\"_blank\">les prix poursuivent leur baisse<\/a>.<\/p>\n<p>La Tribune publie les propos de Michel Santi dans un article intitul\u00e9 <a href=\"http:\/\/tinyurl.com\/lqaqkrm\" target=\"_blank\">Comment l\u2019immobilier a appauvri l\u2019Occident<\/a>.<\/p>\n<p>TFI met en ligne un topo discutant de <a href=\"http:\/\/videos.tf1.fr\/jt-13h\/2013\/immobilier-que-faire-en-cas-de-vices-caches-8279550.html\" target=\"_blank\">vices cach\u00e9s<\/a>.<\/p>\n<p>Et en Grande Bretagne, on parle d\u2019un <a href=\"http:\/\/tempsreel.nouvelobs.com\/immobilier\/monde\/20130930.OBS9038\/grande-bretagne-un-risque-de-surchauffe-des-prix-immobiliers.html\" target=\"_blank\">risque de surchauffe des prix immobiliers<\/a>.<\/p>\n<p>&nbsp;<\/p>\n","protected":false},"excerpt":{"rendered":"<p>Les Saveurs de la semaine affichent des liens int\u00e9ressants vers des nouvelles sur l\u2019immobilier, bribes d\u2019information ou sujets qui vous int\u00e9ressent; vous pouvez les savourer en d\u00e9gustant votre caf\u00e9 pr\u00e9f\u00e9r\u00e9. Vous pouvez m\u00eame vous en servir pour entreprendre une bonne conversation avec le prochain client que vous rencontrerez. Bonne lecture! Voici mes choix de la &hellip; <a href=\"https:\/\/archive.cafe.crea.ca\/fr\/saveurs-de-la-semaine-le-4-octobre-2013\/\" class=\"more-link\">Continue reading <span class=\"screen-reader-text\">Saveurs de la semaine : le 4 octobre 2013<\/span><\/a><\/p>\n","protected":false},"author":23,"featured_media":27464,"comment_status":"open","ping_status":"open","sticky":false,"template":"","format":"standard","meta":{"footnotes":""},"categories":[2372],"tags":[],"coauthors":[],"class_list":["post-31055","post","type-post","status-publish","format-standard","has-post-thumbnail","hentry","category-divers"],"aioseo_notices":[],"_links":{"self":[{"href":"https:\/\/archive.cafe.crea.ca\/fr\/wp-json\/wp\/v2\/posts\/31055"}],"collection":[{"href":"https:\/\/archive.cafe.crea.ca\/fr\/wp-json\/wp\/v2\/posts"}],"about":[{"href":"https:\/\/archive.cafe.crea.ca\/fr\/wp-json\/wp\/v2\/types\/post"}],"author":[{"embeddable":true,"href":"https:\/\/archive.cafe.crea.ca\/fr\/wp-json\/wp\/v2\/users\/23"}],"replies":[{"embeddable":true,"href":"https:\/\/archive.cafe.crea.ca\/fr\/wp-json\/wp\/v2\/comments?post=31055"}],"version-history":[{"count":0,"href":"https:\/\/archive.cafe.crea.ca\/fr\/wp-json\/wp\/v2\/posts\/31055\/revisions"}],"wp:featuredmedia":[{"embeddable":true,"href":"https:\/\/archive.cafe.crea.ca\/fr\/wp-json\/wp\/v2\/media\/27464"}],"wp:attachment":[{"href":"https:\/\/archive.cafe.crea.ca\/fr\/wp-json\/wp\/v2\/media?parent=31055"}],"wp:term":[{"taxonomy":"category","embeddable":true,"href":"https:\/\/archive.cafe.crea.ca\/fr\/wp-json\/wp\/v2\/categories?post=31055"},{"taxonomy":"post_tag","embeddable":true,"href":"https:\/\/archive.cafe.crea.ca\/fr\/wp-json\/wp\/v2\/tags?post=31055"},{"taxonomy":"author","embeddable":true,"href":"https:\/\/archive.cafe.crea.ca\/fr\/wp-json\/wp\/v2\/coauthors?post=31055"}],"curies":[{"name":"wp","href":"https:\/\/api.w.org\/{rel}","templated":true}]}}