{"id":31051,"date":"2013-10-17T15:32:06","date_gmt":"2013-10-17T19:32:06","guid":{"rendered":"https:\/\/archive.cafe.crea.ca\/discours-du-trone\/"},"modified":"2013-10-17T15:32:06","modified_gmt":"2013-10-17T19:32:06","slug":"discours-du-trone","status":"publish","type":"post","link":"https:\/\/archive.cafe.crea.ca\/fr\/discours-du-trone\/","title":{"rendered":"Discours du Tr\u00f4ne"},"content":{"rendered":"<p>Et c\u2019est parti \u00e0 Ottawa!<\/p>\n<p>Hier, le discours du Tr\u00f4ne a donn\u00e9 le coup d\u2019envoi \u00e0 la course aux prochaines \u00e9lections f\u00e9d\u00e9rales. Le discours \u00e9tait l\u2019occasion pour le gouvernement de souligner ce qu\u2019il pr\u00e9voit accomplir durant la derni\u00e8re moiti\u00e9 de son mandat. Les d\u00e9tails quant \u00e0 la fa\u00e7on dont le gouvernement mettra son plan \u00e0 ex\u00e9cution seront d\u00e9finis dans des mesures l\u00e9gislatives ou des r\u00e8glements au cours des semaines ou mois \u00e0 venir, ou plus tard dans un budget ou une plateforme \u00e9lectorale.<\/p>\n<p>Du point de vue strat\u00e9gique, le discours d\u2019hier se r\u00e9sume \u00e0 trois R : red\u00e9marrer, red\u00e9finir et recentrer. Dans une tentative de d\u00e9vier l\u2019attention du scandale des d\u00e9penses au S\u00e9nat, le but du gouvernement \u00e9tait de communiquer qu\u2019il ma\u00eetrisait ses objectifs prioritaires \u2013 les emplois et la croissance \u00e9conomique \u2013 tout en d\u00e9montrant sa capacit\u00e9 de mettre de l\u2019avant des id\u00e9es novatrices, y compris un ensemble de mesures ax\u00e9es sur le consommateur et d\u2019autres engagements visant les petites entreprises.<\/p>\n<p>Les initiatives du gouvernement qui touchent les consommateurs comprendront des mesures qui r\u00e9duisent l\u2019\u00e9cart entre les prix \u00e0 la consommation du Canada et ceux des \u00c9tats-Unis, des modifications aux r\u00e8glements qui permettent aux entreprises de c\u00e2blodistribution d\u2019obliger les consommateurs \u00e0 payer pour des forfaits de programmation plut\u00f4t que pour les canaux individuels qu\u2019ils souhaitent regarder, des frais d\u2019itin\u00e9rance r\u00e9duits pour l\u2019utilisation de t\u00e9l\u00e9phones cellulaires au pays et plus de services bancaires sans frais.<\/p>\n<p>Pour les petites entreprises, le gouvernement s\u2019est engag\u00e9 \u00e0 r\u00e9duire le fardeau administratif du syst\u00e8me fiscal, \u00e0 fournir un all\u00e9gement fiscal une fois que le budget sera \u00e9quilibr\u00e9, ainsi qu\u2019\u00e0 introduire des mesures l\u00e9gislatives de mani\u00e8re \u00e0 consacrer dans la loi sa r\u00e8gle du \u00ab un-pour-un \u00bb, qui exige de supprimer un r\u00e8glement chaque fois qu\u2019un nouveau r\u00e8glement est adopt\u00e9.<\/p>\n<p>Parall\u00e8lement, nous nous attendons \u00e0 ce que le gouvernement intensifie sa critique des partis de l\u2019opposition et de leurs chefs, notamment Justin Trudeau et les lib\u00e9raux. Les annonces t\u00e9l\u00e9vis\u00e9es devraient passer en onde \u00e0 l\u2019approche du congr\u00e8s des conservateurs qui se tiendra \u00e0 Calgary \u00e0 la fin du mois, ou peu de temps apr\u00e8s. Si les annonces commencent, les lib\u00e9raux, qui ont appris une le\u00e7on p\u00e9nible \u00e0 l\u2019\u00e9poque de M. Ignatieff, ne resteront pas \u00e0 l\u2019\u00e9cart pendant qu\u2019on d\u00e9termine comment on per\u00e7oit leur chef. Attendez-vous \u00e0 une r\u00e9action! Le chef du NPD, Thomas Mulcair, se trouvera pris au milieu, autant du point de vue des programmes que des politiques \u2013 coinc\u00e9 entre les conservateurs et les lib\u00e9raux \u2013 il devrait donc se montrer plus agressif et passionn\u00e9 durant la p\u00e9riode de questions. Donc, si vous \u00eates un accro de la politique, dans les mots de M. Obama, <em>Que le meilleur gagne<\/em>!<\/p>\n<p>Le gouvernement voudra s\u00fbrement d\u00e9montrer des progr\u00e8s rapides en atteignant les objectifs d\u00e9finis dans le discours du Tr\u00f4ne. Il d\u00e9cidera peut-\u00eatre de mettre certaines mesures en place en d\u00e9posant un budget. Nous risquons donc de nous trouver devant un budget f\u00e9d\u00e9ral plus t\u00f4t que d\u2019habitude, ce qui rend <a href=\"http:\/\/listserv.realtorlink.ca\/t\/135987\/2422856\/4229\/0\/\" target=\"_blank\">les rencontres automnales du CAP<\/a> avec vos d\u00e9put\u00e9s encore plus importantes.<\/p>\n","protected":false},"excerpt":{"rendered":"<p>Et c\u2019est parti \u00e0 Ottawa! Hier, le discours du Tr\u00f4ne a donn\u00e9 le coup d\u2019envoi \u00e0 la course aux prochaines \u00e9lections f\u00e9d\u00e9rales. Le discours \u00e9tait l\u2019occasion pour le gouvernement de souligner ce qu\u2019il pr\u00e9voit accomplir durant la derni\u00e8re moiti\u00e9 de son mandat. Les d\u00e9tails quant \u00e0 la fa\u00e7on dont le gouvernement mettra son plan \u00e0 &hellip; <a href=\"https:\/\/archive.cafe.crea.ca\/fr\/discours-du-trone\/\" class=\"more-link\">Continue reading <span class=\"screen-reader-text\">Discours du Tr\u00f4ne<\/span><\/a><\/p>\n","protected":false},"author":12,"featured_media":27543,"comment_status":"open","ping_status":"open","sticky":false,"template":"","format":"standard","meta":{"footnotes":""},"categories":[2369],"tags":[],"coauthors":[],"class_list":["post-31051","post","type-post","status-publish","format-standard","has-post-thumbnail","hentry","category-defense-des-interets"],"aioseo_notices":[],"_links":{"self":[{"href":"https:\/\/archive.cafe.crea.ca\/fr\/wp-json\/wp\/v2\/posts\/31051"}],"collection":[{"href":"https:\/\/archive.cafe.crea.ca\/fr\/wp-json\/wp\/v2\/posts"}],"about":[{"href":"https:\/\/archive.cafe.crea.ca\/fr\/wp-json\/wp\/v2\/types\/post"}],"author":[{"embeddable":true,"href":"https:\/\/archive.cafe.crea.ca\/fr\/wp-json\/wp\/v2\/users\/12"}],"replies":[{"embeddable":true,"href":"https:\/\/archive.cafe.crea.ca\/fr\/wp-json\/wp\/v2\/comments?post=31051"}],"version-history":[{"count":0,"href":"https:\/\/archive.cafe.crea.ca\/fr\/wp-json\/wp\/v2\/posts\/31051\/revisions"}],"wp:featuredmedia":[{"embeddable":true,"href":"https:\/\/archive.cafe.crea.ca\/fr\/wp-json\/wp\/v2\/media\/27543"}],"wp:attachment":[{"href":"https:\/\/archive.cafe.crea.ca\/fr\/wp-json\/wp\/v2\/media?parent=31051"}],"wp:term":[{"taxonomy":"category","embeddable":true,"href":"https:\/\/archive.cafe.crea.ca\/fr\/wp-json\/wp\/v2\/categories?post=31051"},{"taxonomy":"post_tag","embeddable":true,"href":"https:\/\/archive.cafe.crea.ca\/fr\/wp-json\/wp\/v2\/tags?post=31051"},{"taxonomy":"author","embeddable":true,"href":"https:\/\/archive.cafe.crea.ca\/fr\/wp-json\/wp\/v2\/coauthors?post=31051"}],"curies":[{"name":"wp","href":"https:\/\/api.w.org\/{rel}","templated":true}]}}