{"id":31048,"date":"2013-10-25T17:37:33","date_gmt":"2013-10-25T21:37:33","guid":{"rendered":"https:\/\/archive.cafe.crea.ca\/saveurs-de-la-semaine-le-25-octobre-2013\/"},"modified":"2013-10-25T17:37:33","modified_gmt":"2013-10-25T21:37:33","slug":"saveurs-de-la-semaine-le-25-octobre-2013","status":"publish","type":"post","link":"https:\/\/archive.cafe.crea.ca\/fr\/saveurs-de-la-semaine-le-25-octobre-2013\/","title":{"rendered":"Saveurs de la semaine : le 25 octobre 2013"},"content":{"rendered":"<p><em>Les Saveurs de la semaine affichent des liens int\u00e9ressants vers des nouvelles sur l\u2019immobilier, bribes d\u2019information ou sujets qui vous int\u00e9ressent; vous pouvez les savourer en d\u00e9gustant votre caf\u00e9 pr\u00e9f\u00e9r\u00e9. Vous pouvez m\u00eame vous en servir pour entreprendre une bonne conversation avec le prochain client que vous rencontrerez. Bonne lecture!<\/em><\/p>\n<p><em>Voici mes choix de la semaine :<\/em><\/p>\n<p>\u00c9lections municipales et promesses\u00a0: Montr\u00e9al, <a href=\"http:\/\/listserv.realtorlink.ca\/t\/136885\/1183444\/44258\/0\/\" target=\"_blank\">pont cycliste<\/a>, <a href=\"http:\/\/listserv.realtorlink.ca\/t\/136885\/1183444\/44259\/0\/\" target=\"_blank\">\u00ab\u00a0grand projet\u00a0\u00bb pour l\u2019Assomption<\/a>, <a href=\"http:\/\/tinyurl.com\/ll4ena7\">\u00e9coquartier \u00e0 l\u2019hippodrome<\/a>; Qu\u00e9bec, <a href=\"http:\/\/listserv.realtorlink.ca\/t\/136885\/1183444\/44261\/0\/\" target=\"_blank\">transport en commun<\/a>, <a href=\"http:\/\/listserv.realtorlink.ca\/t\/136459\/1183444\/43985\/0\/\">\u00e9coquartiers<\/a> et <a href=\"http:\/\/listserv.realtorlink.ca\/t\/136885\/1183444\/44287\/0\/\">h\u00f4tel au Bassin Louise<\/a>.<\/p>\n<p>L\u2019UPA <a href=\"http:\/\/listserv.realtorlink.ca\/t\/136733\/1183444\/44117\/0\/\">craint pour les fermes familiales<\/a>.<\/p>\n<p>La Presse r\u00e9v\u00e8le que <a href=\"http:\/\/www.google.ca\/url?sa=t&amp;rct=j&amp;q=&amp;esrc=s&amp;frm=1&amp;source=newssearch&amp;cd=10&amp;cad=rja&amp;ved=0CEgQqQIoADAJ&amp;url=http%3A%2F%2Faffaires.lapresse.ca%2Feconomie%2Fetats-unis%2F201310%2F23%2F01-4702964-bank-of-america-juge-responsable-de-fraude-dans-limmobilier.php&amp;ei=lFppUo2IGqXiyAHN14DwBA&amp;usg=AFQjCNHeKkip3J_OEOu6__e31kV9gY8ctA&amp;bvm=bv.55123115,d.aWc\">Bank of America a \u00e9t\u00e9 jug\u00e9e responsable de fraude dans l\u2019immobilier<\/a>.<\/p>\n<p>\u00c0 San Francisco, <a href=\"http:\/\/www.atelier.net\/trends\/articles\/plateformes-communautaires-encouragent-developpement-un-management-urbain-participatif_424694\">des plateformes communautaires encouragent le d\u00e9veloppement d\u2019une gestion urbaine participative<\/a>.<\/p>\n<p>En France, <a href=\"http:\/\/www.lavieimmo.com\/prix-immobilier\/immobilier-les-francais-croient-de-moins-en-moins-a-la-baisse-des-prix-22702.html\">les Fran\u00e7ais croient de moins en moins \u00e0 la baisse des prix<\/a>.<\/p>\n<p>Un comit\u00e9 tente de<a href=\"http:\/\/www.bfmtv.com\/economie\/choc-simplification-touchera-limmobilier-professionnel-629614.html\"> \u00ab\u00a0simplifier\u00a0\u00bb l\u2019immobilier professionnel<\/a> (commercial\/industriel au Qu\u00e9bec).<\/p>\n<p>Les prix <a href=\"http:\/\/www.bfmtv.com\/economie\/immobilier-prix-explosent-a-londres-berlin-629020.html\">explosent \u00e0 Londres et \u00e0 Berlin<\/a>.<\/p>\n<p>En Chine, <a href=\"http:\/\/www.lefigaro.fr\/conjoncture\/2013\/10\/22\/20002-20131022ARTFIG00491-chine-les-prix-de-l-immobilier-au-plus-haut.php\">les prix de l\u2019immobilier sont au plus haut<\/a>.<\/p>\n<p>&nbsp;<\/p>\n","protected":false},"excerpt":{"rendered":"<p>Les Saveurs de la semaine affichent des liens int\u00e9ressants vers des nouvelles sur l\u2019immobilier, bribes d\u2019information ou sujets qui vous int\u00e9ressent; vous pouvez les savourer en d\u00e9gustant votre caf\u00e9 pr\u00e9f\u00e9r\u00e9. Vous pouvez m\u00eame vous en servir pour entreprendre une bonne conversation avec le prochain client que vous rencontrerez. Bonne lecture! Voici mes choix de la &hellip; <a href=\"https:\/\/archive.cafe.crea.ca\/fr\/saveurs-de-la-semaine-le-25-octobre-2013\/\" class=\"more-link\">Continue reading <span class=\"screen-reader-text\">Saveurs de la semaine : le 25 octobre 2013<\/span><\/a><\/p>\n","protected":false},"author":23,"featured_media":27464,"comment_status":"open","ping_status":"open","sticky":false,"template":"","format":"standard","meta":{"footnotes":""},"categories":[2372],"tags":[],"coauthors":[],"class_list":["post-31048","post","type-post","status-publish","format-standard","has-post-thumbnail","hentry","category-divers"],"aioseo_notices":[],"_links":{"self":[{"href":"https:\/\/archive.cafe.crea.ca\/fr\/wp-json\/wp\/v2\/posts\/31048"}],"collection":[{"href":"https:\/\/archive.cafe.crea.ca\/fr\/wp-json\/wp\/v2\/posts"}],"about":[{"href":"https:\/\/archive.cafe.crea.ca\/fr\/wp-json\/wp\/v2\/types\/post"}],"author":[{"embeddable":true,"href":"https:\/\/archive.cafe.crea.ca\/fr\/wp-json\/wp\/v2\/users\/23"}],"replies":[{"embeddable":true,"href":"https:\/\/archive.cafe.crea.ca\/fr\/wp-json\/wp\/v2\/comments?post=31048"}],"version-history":[{"count":0,"href":"https:\/\/archive.cafe.crea.ca\/fr\/wp-json\/wp\/v2\/posts\/31048\/revisions"}],"wp:featuredmedia":[{"embeddable":true,"href":"https:\/\/archive.cafe.crea.ca\/fr\/wp-json\/wp\/v2\/media\/27464"}],"wp:attachment":[{"href":"https:\/\/archive.cafe.crea.ca\/fr\/wp-json\/wp\/v2\/media?parent=31048"}],"wp:term":[{"taxonomy":"category","embeddable":true,"href":"https:\/\/archive.cafe.crea.ca\/fr\/wp-json\/wp\/v2\/categories?post=31048"},{"taxonomy":"post_tag","embeddable":true,"href":"https:\/\/archive.cafe.crea.ca\/fr\/wp-json\/wp\/v2\/tags?post=31048"},{"taxonomy":"author","embeddable":true,"href":"https:\/\/archive.cafe.crea.ca\/fr\/wp-json\/wp\/v2\/coauthors?post=31048"}],"curies":[{"name":"wp","href":"https:\/\/api.w.org\/{rel}","templated":true}]}}