{"id":31045,"date":"2013-11-01T17:28:32","date_gmt":"2013-11-01T21:28:32","guid":{"rendered":"https:\/\/archive.cafe.crea.ca\/saveurs-de-la-semaine-le-1-novembre-2013\/"},"modified":"2013-11-01T17:28:32","modified_gmt":"2013-11-01T21:28:32","slug":"saveurs-de-la-semaine-le-1-novembre-2013","status":"publish","type":"post","link":"https:\/\/archive.cafe.crea.ca\/fr\/saveurs-de-la-semaine-le-1-novembre-2013\/","title":{"rendered":"Saveurs de la semaine : le 1 novembre 2013"},"content":{"rendered":"<p><em>Les Saveurs de la semaine affichent des liens int\u00e9ressants vers des nouvelles sur l\u2019immobilier, bribes d\u2019information ou sujets qui vous int\u00e9ressent; vous pouvez les savourer en d\u00e9gustant votre caf\u00e9 pr\u00e9f\u00e9r\u00e9. Vous pouvez m\u00eame vous en servir pour entreprendre une bonne conversation avec le prochain client que vous rencontrerez. Bonne lecture!<\/em><\/p>\n<p><em>Voici mes choix de la semaine :<\/em><\/p>\n<p>Pour marquer son 50<sup>e<\/sup> anniversaire, l\u2019Ordre des Urbanistes du Qu\u00e9bec vient de publier un document illustrant <a href=\"http:\/\/www.ouq.qc.ca\/Congres2013\/Documents\/OUQ_50Projets_50e.pdf\" target=\"_blank\">50 projets qui ont marqu\u00e9 la province<\/a>.<\/p>\n<p><em>Les Affaires<\/em> r\u00e9v\u00e8le que <a href=\"http:\/\/www.lesaffaires.com\/mes-finances\/immobilier\/immobilier-le-marche-canadien-moins-abordable-au-troisieme-trimestre\/563036\" target=\"_blank\">le march\u00e9 immobilier canadien est moins abordable au troisi\u00e8me trimestre<\/a>.<\/p>\n<p>La Presse souligne que <a href=\"http:\/\/www.google.ca\/url?sa=t&amp;rct=j&amp;q=&amp;esrc=s&amp;frm=1&amp;source=newssearch&amp;cd=8&amp;cad=rja&amp;ved=0CEIQqQIoADAH&amp;url=http%3A%2F%2Fwww.lapresse.ca%2Factualites%2Fmontreal%2F201310%2F29%2F01-4705102-limmobilier-au-profit-du-slr.php&amp;ei=WI5yUuq_JKfF2AX_jID4AQ&amp;usg=AFQjCNGlmVIy5NppREJAQUZp7E9uVPmA0w&amp;bvm=bv.55819444,d.b2I\" target=\"_blank\">l\u2019immobilier le long du trac\u00e9 propos\u00e9 du SLR<\/a> profitera de son emplacement.<\/p>\n<p><em>Les \u00c9chos<\/em> demande si <a href=\"http:\/\/lecercle.lesechos.fr\/economie-societe\/immobilier\/221182996\/et-si-grand-paris-passait-a-urbanisme-collaboratif\" target=\"_blank\">le Grand Paris passait \u00e0 l\u2019urbanisme collaboratif<\/a>.<\/p>\n<p>Restant de l\u2019Halloween\u00a0: <a href=\"http:\/\/magimmo.seloger.com\/a-la-une-insolite\/il-decouvre-un-cadavre-dans-le-logement-qu-il-vient-d-a-t229105\" target=\"_blank\">un propri\u00e9taire d\u00e9couvre le cadavre de l\u2019ancien propri\u00e9taire, pendu, depuis huit ans<\/a>.<\/p>\n<p>Abou Dhabi est \u00e0 <a href=\"http:\/\/www.google.ca\/url?sa=t&amp;rct=j&amp;q=&amp;esrc=s&amp;frm=1&amp;source=newssearch&amp;cd=3&amp;cad=rja&amp;ved=0CDEQqQIoADAC&amp;url=http%3A%2F%2Fwww.lemonde.fr%2Fimmobilier%2Farticle%2F2013%2F10%2F31%2Fabou-dhabi-a-l-assaut-de-l-immobilier-francais_3506327_1306281.html&amp;ei=WI5yUuq_JKfF2AX_jID4AQ&amp;usg=AFQjCNEZ6F_6_iHqdkv8dT4LXgMDexkIaA&amp;bvm=bv.55819444,d.b2I\" target=\"_blank\">l\u2019assaut de l\u2019immobilier fran\u00e7ais<\/a>.<\/p>\n<p>Le pr\u00e9sident du G77 appelle au <a href=\"http:\/\/french.cri.cn\/621\/2013\/10\/29\/641s349799.htm\" target=\"_blank\">d\u00e9veloppement urbain durable<\/a>.<\/p>\n<p>&nbsp;<\/p>\n","protected":false},"excerpt":{"rendered":"<p>Les Saveurs de la semaine affichent des liens int\u00e9ressants vers des nouvelles sur l\u2019immobilier, bribes d\u2019information ou sujets qui vous int\u00e9ressent; vous pouvez les savourer en d\u00e9gustant votre caf\u00e9 pr\u00e9f\u00e9r\u00e9. Vous pouvez m\u00eame vous en servir pour entreprendre une bonne conversation avec le prochain client que vous rencontrerez. Bonne lecture! Voici mes choix de la &hellip; <a href=\"https:\/\/archive.cafe.crea.ca\/fr\/saveurs-de-la-semaine-le-1-novembre-2013\/\" class=\"more-link\">Continue reading <span class=\"screen-reader-text\">Saveurs de la semaine : le 1 novembre 2013<\/span><\/a><\/p>\n","protected":false},"author":34,"featured_media":27464,"comment_status":"open","ping_status":"open","sticky":false,"template":"","format":"standard","meta":{"footnotes":""},"categories":[2372],"tags":[],"coauthors":[],"class_list":["post-31045","post","type-post","status-publish","format-standard","has-post-thumbnail","hentry","category-divers"],"aioseo_notices":[],"_links":{"self":[{"href":"https:\/\/archive.cafe.crea.ca\/fr\/wp-json\/wp\/v2\/posts\/31045"}],"collection":[{"href":"https:\/\/archive.cafe.crea.ca\/fr\/wp-json\/wp\/v2\/posts"}],"about":[{"href":"https:\/\/archive.cafe.crea.ca\/fr\/wp-json\/wp\/v2\/types\/post"}],"author":[{"embeddable":true,"href":"https:\/\/archive.cafe.crea.ca\/fr\/wp-json\/wp\/v2\/users\/34"}],"replies":[{"embeddable":true,"href":"https:\/\/archive.cafe.crea.ca\/fr\/wp-json\/wp\/v2\/comments?post=31045"}],"version-history":[{"count":0,"href":"https:\/\/archive.cafe.crea.ca\/fr\/wp-json\/wp\/v2\/posts\/31045\/revisions"}],"wp:featuredmedia":[{"embeddable":true,"href":"https:\/\/archive.cafe.crea.ca\/fr\/wp-json\/wp\/v2\/media\/27464"}],"wp:attachment":[{"href":"https:\/\/archive.cafe.crea.ca\/fr\/wp-json\/wp\/v2\/media?parent=31045"}],"wp:term":[{"taxonomy":"category","embeddable":true,"href":"https:\/\/archive.cafe.crea.ca\/fr\/wp-json\/wp\/v2\/categories?post=31045"},{"taxonomy":"post_tag","embeddable":true,"href":"https:\/\/archive.cafe.crea.ca\/fr\/wp-json\/wp\/v2\/tags?post=31045"},{"taxonomy":"author","embeddable":true,"href":"https:\/\/archive.cafe.crea.ca\/fr\/wp-json\/wp\/v2\/coauthors?post=31045"}],"curies":[{"name":"wp","href":"https:\/\/api.w.org\/{rel}","templated":true}]}}