{"id":31036,"date":"2013-11-29T18:29:15","date_gmt":"2013-11-29T23:29:15","guid":{"rendered":"https:\/\/archive.cafe.crea.ca\/saveurs-de-la-semaine-le-29-novembre-2013\/"},"modified":"2013-11-29T18:29:15","modified_gmt":"2013-11-29T23:29:15","slug":"saveurs-de-la-semaine-le-29-novembre-2013","status":"publish","type":"post","link":"https:\/\/archive.cafe.crea.ca\/fr\/saveurs-de-la-semaine-le-29-novembre-2013\/","title":{"rendered":"Saveurs de la semaine : le 29 novembre 2013"},"content":{"rendered":"<p><em>Les Saveurs de la semaine affichent des liens int\u00e9ressants vers des nouvelles sur l\u2019immobilier, bribes d\u2019information ou sujets qui vous int\u00e9ressent; vous pouvez les savourer en d\u00e9gustant votre caf\u00e9 pr\u00e9f\u00e9r\u00e9. Vous pouvez m\u00eame vous en servir pour entreprendre une bonne conversation avec le prochain client que vous rencontrerez. Bonne lecture!<\/em><\/p>\n<p><em>Voici mes choix de la semaine :<\/em><\/p>\n<p>La Presse a organis\u00e9 une course entre le <a href=\"http:\/\/tinyurl.com\/jvjcnpj\" target=\"_blank\">quartier DIX30 et Le 1000 de la Gaucheti\u00e8re<\/a> en pleine heure de pointe \u2013 via l\u2019autobus, via le pont Champlain ou via le pont Jacques-Cartier. Selon vous, qui a gagn\u00e9?<\/p>\n<p>La Presse fait r\u00eaver avec un article sur les aubaines de <a href=\"http:\/\/www.google.ca\/url?sa=t&amp;rct=j&amp;q=&amp;esrc=s&amp;frm=1&amp;source=newssearch&amp;cd=18&amp;cad=rja&amp;ved=0CEAQqQIoADAHOAo&amp;url=http%3A%2F%2Faffaires.lapresse.ca%2Feconomie%2Fimmobilier%2F201311%2F22%2F01-4713688-une-casa-espagnole-pour-la-retraite.php&amp;ei=q1uWUrDYC-azyAGo44HwDQ&amp;usg=AFQjCNFUIyDAndmxfzo4NTO2ryXS-bhUyw&amp;bvm=bv.57155469,d.aWc\" target=\"_blank\">l&rsquo;immobilier espagnol<\/a>.<\/p>\n<p>Le Nouvelliste rapporte du nouveau dans le dossier de la pyrrhotite \u2013 un <a href=\"http:\/\/tinyurl.com\/mhjvt8m\" target=\"_blank\">assureur d\u00e9cide de payer<\/a>, la <a href=\"http:\/\/tinyurl.com\/mazextn\" target=\"_blank\">Coalition consid\u00e8re de faire lever le voile corporatif<\/a> et les <a href=\"http:\/\/tinyurl.com\/ktzzgtz\" target=\"_blank\">victimes sont sceptiques<\/a>.<\/p>\n<p>Le Monde rapporte que <a href=\"http:\/\/www.lemonde.fr\/immobilier\/article\/2013\/11\/27\/le-marche-immobilier-devrait-resister-en-2014_3521313_1306281.html\" target=\"_blank\">le march\u00e9 immobilier fran\u00e7ais devrait mieux r\u00e9sister que pr\u00e9vu en 2014<\/a>.<\/p>\n<p>Dans Les Echos\u00a0: <a href=\"http:\/\/patrimoine.lesechos.fr\/patrimoine\/immobilier\/actu\/0203151077558-immobilier-comment-profiter-de-la-transformation-de-bureaux-en-logements-632868.php\" target=\"_blank\">comment profiter de la transformation de bureaux en logements<\/a>?<\/p>\n<p>La Tribune parle de Lac-M\u00e9gantic et de ses retomb\u00e9es\u00a0: les <a href=\"http:\/\/tinyurl.com\/lhxhd6a\" target=\"_blank\">municipalit\u00e9s veulent faire partie de la solution<\/a> et le <a href=\"http:\/\/tinyurl.com\/lncogrp\" target=\"_blank\">centre-ville prend forme<\/a>.<\/p>\n<p>Jeffrey Sachs sugg\u00e8re de <a href=\"http:\/\/lecercle.lesechos.fr\/economistes-project-syndicate\/jeffrey-sachs\/221185419\/preparer-villes-developpement-durable-eviter-d\" target=\"_blank\">pr\u00e9parer les villes au d\u00e9veloppement durable pour \u00e9viter d\u2019autres typhons Haiyan<\/a>.<\/p>\n<p>En parlant d\u2019urbanisme \u2013 connaissez-vous la <a href=\"http:\/\/www.univers-nature.com\/actualite\/habitat\/densite-urbaine-la-demarche-bimby-se-developpe-64672.html\" target=\"_blank\">d\u00e9marche \u00ab\u00a0BIMBY\u00a0\u00bb<\/a>?<\/p>\n<p>La <a href=\"http:\/\/magimmo.seloger.com\/a-la-une-insolite\/la-maison-de-pinocchio-est-a-vendre-t229337\" target=\"_blank\">maison de Pinocchio<\/a> est \u00e0 vendre!<\/p>\n<p>Saviez-vous que le <a href=\"http:\/\/magimmo.seloger.com\/a-la-une-insolite\/le-bien-immobilier-le-plus-cher-au-monde-est-au-botswan-t229317\" target=\"_blank\">bien immobilier le plus cher au monde<\/a> est au\u2026 Botswana?<\/p>\n<p>&nbsp;<\/p>\n","protected":false},"excerpt":{"rendered":"<p>Les Saveurs de la semaine affichent des liens int\u00e9ressants vers des nouvelles sur l\u2019immobilier, bribes d\u2019information ou sujets qui vous int\u00e9ressent; vous pouvez les savourer en d\u00e9gustant votre caf\u00e9 pr\u00e9f\u00e9r\u00e9. Vous pouvez m\u00eame vous en servir pour entreprendre une bonne conversation avec le prochain client que vous rencontrerez. Bonne lecture! Voici mes choix de la &hellip; <a href=\"https:\/\/archive.cafe.crea.ca\/fr\/saveurs-de-la-semaine-le-29-novembre-2013\/\" class=\"more-link\">Continue reading <span class=\"screen-reader-text\">Saveurs de la semaine : le 29 novembre 2013<\/span><\/a><\/p>\n","protected":false},"author":23,"featured_media":27464,"comment_status":"open","ping_status":"open","sticky":false,"template":"","format":"standard","meta":{"footnotes":""},"categories":[2372],"tags":[],"coauthors":[],"class_list":["post-31036","post","type-post","status-publish","format-standard","has-post-thumbnail","hentry","category-divers"],"aioseo_notices":[],"_links":{"self":[{"href":"https:\/\/archive.cafe.crea.ca\/fr\/wp-json\/wp\/v2\/posts\/31036"}],"collection":[{"href":"https:\/\/archive.cafe.crea.ca\/fr\/wp-json\/wp\/v2\/posts"}],"about":[{"href":"https:\/\/archive.cafe.crea.ca\/fr\/wp-json\/wp\/v2\/types\/post"}],"author":[{"embeddable":true,"href":"https:\/\/archive.cafe.crea.ca\/fr\/wp-json\/wp\/v2\/users\/23"}],"replies":[{"embeddable":true,"href":"https:\/\/archive.cafe.crea.ca\/fr\/wp-json\/wp\/v2\/comments?post=31036"}],"version-history":[{"count":0,"href":"https:\/\/archive.cafe.crea.ca\/fr\/wp-json\/wp\/v2\/posts\/31036\/revisions"}],"wp:featuredmedia":[{"embeddable":true,"href":"https:\/\/archive.cafe.crea.ca\/fr\/wp-json\/wp\/v2\/media\/27464"}],"wp:attachment":[{"href":"https:\/\/archive.cafe.crea.ca\/fr\/wp-json\/wp\/v2\/media?parent=31036"}],"wp:term":[{"taxonomy":"category","embeddable":true,"href":"https:\/\/archive.cafe.crea.ca\/fr\/wp-json\/wp\/v2\/categories?post=31036"},{"taxonomy":"post_tag","embeddable":true,"href":"https:\/\/archive.cafe.crea.ca\/fr\/wp-json\/wp\/v2\/tags?post=31036"},{"taxonomy":"author","embeddable":true,"href":"https:\/\/archive.cafe.crea.ca\/fr\/wp-json\/wp\/v2\/coauthors?post=31036"}],"curies":[{"name":"wp","href":"https:\/\/api.w.org\/{rel}","templated":true}]}}