{"id":31034,"date":"2013-12-06T17:58:02","date_gmt":"2013-12-06T22:58:02","guid":{"rendered":"https:\/\/archive.cafe.crea.ca\/saveurs-de-la-semaine-le-6-decembre-2013\/"},"modified":"2013-12-06T17:58:02","modified_gmt":"2013-12-06T22:58:02","slug":"saveurs-de-la-semaine-le-6-decembre-2013","status":"publish","type":"post","link":"https:\/\/archive.cafe.crea.ca\/fr\/saveurs-de-la-semaine-le-6-decembre-2013\/","title":{"rendered":"Saveurs de la semaine : le 6 decembre 2013"},"content":{"rendered":"<p><em>Les Saveurs de la semaine affichent des liens int\u00e9ressants vers des nouvelles sur l\u2019immobilier, bribes d\u2019information ou sujets qui vous int\u00e9ressent; vous pouvez les savourer en d\u00e9gustant votre caf\u00e9 pr\u00e9f\u00e9r\u00e9. Vous pouvez m\u00eame vous en servir pour entreprendre une bonne conversation avec le prochain client que vous rencontrerez. Bonne lecture!<\/em><\/p>\n<p><em>Voici mes choix de la semaine :<\/em><\/p>\n<p>La Presse parle <a href=\"http:\/\/www.google.ca\/url?sa=t&amp;rct=j&amp;q=&amp;esrc=s&amp;frm=1&amp;source=newssearch&amp;cd=13&amp;cad=rja&amp;ved=0CDIQqQIoADACOAo&amp;url=http%3A%2F%2Fblogues.lapresse.ca%2Flapresseaffaires%2Fimmobilier%2F2013%2F12%2F04%2Fluxe-49-dacheteurs-etrangers-a-montreal%2F&amp;ei=epCfUrmJB-jUyQHM0IDYDA&amp;usg=AFQjCNH-dJ8nZDstcvVbaDVzEt-scBFqmg&amp;bvm=bv.57155469,d.aWc\" target=\"_blank\">d\u2019acheteurs \u00e9trangers \u00e0 Montr\u00e9al<\/a>.<\/p>\n<p>Des conseils pour <a href=\"http:\/\/tinyurl.com\/m3wvhud\" target=\"_blank\">r\u00e9nover son condo<\/a>.<\/p>\n<p>\u00c0 quoi sert un <a href=\"http:\/\/tinyurl.com\/m9xwwnu\" target=\"_blank\">\u00e9changeur d\u2019air<\/a>?<\/p>\n<p>Est-ce que mon <a href=\"http:\/\/tinyurl.com\/movk5zs\" target=\"_blank\">escalier a besoin d\u2019un garde-corps<\/a>?<\/p>\n<p>Combien co\u00fbte <a href=\"http:\/\/tinyurl.com\/n8zahfp\" target=\"_blank\">emm\u00e9nager dans un nouvel appart<\/a>?<\/p>\n<p>Montr\u00e9al songe aux <a href=\"http:\/\/tinyurl.com\/kqv3qtd\" target=\"_blank\">ruelles blanches<\/a>.<\/p>\n<p>Le Nouvel Observateur constate que <a href=\"http:\/\/tempsreel.nouvelobs.com\/immobilier\/logement\/20131204.OBS8069\/l-immobilier-reste-le-placement-prefere-des-francais.html\" target=\"_blank\">l\u2019immobilier demeure le placement pr\u00e9f\u00e9r\u00e9 des Fran\u00e7ais<\/a>.<\/p>\n<p>Immeubles \u00e0 bureaux \u2013 deux articles discutent de la situation en France\u00a0: <a href=\"http:\/\/tempsreel.nouvelobs.com\/immobilier\/immobilier-d-entreprise\/20131203.OBS7912\/bureaux-en-ile-de-france-l-immobilier-d-entreprise-face-a-la-crise.html\" target=\"_blank\">ici<\/a> et <a href=\"http:\/\/www.google.ca\/url?sa=t&amp;rct=j&amp;q=&amp;esrc=s&amp;frm=1&amp;source=newssearch&amp;cd=11&amp;cad=rja&amp;ved=0CCoQqQIoADAAOAo&amp;url=http%3A%2F%2Fwww.lemonde.fr%2Feconomie%2Farticle%2F2013%2F12%2F01%2Fimmobilier-de-bureaux-l-heure-des-soldes_3523456_3234.html&amp;ei=epCfUrmJB-jUyQHM0IDYDA&amp;usg=AFQjCNF_yEF23dUnB6CWeEpMgoeza360qQ&amp;bvm=bv.57155469,d.aWc\" target=\"_blank\">l\u00e0<\/a>.<\/p>\n<p>Boursorama publie un reportage sur <a href=\"http:\/\/www.boursorama.com\/actualites\/immobilier--acheter-pour-louer-une-bonne-idee-16f62c4ed06805d584ca92d13be00be5\" target=\"_blank\">l\u2019achat dans le but de louer\u00a0: une bonne id\u00e9e<\/a>?<\/p>\n<p>Un <a href=\"http:\/\/tempsreel.nouvelobs.com\/immobilier\/monde\/20131127.OBS7116\/insolite-un-ipod-responsable-d-un-incendie-d-appartement.html\" target=\"_blank\">iPod responsable d\u2019un incendie en Su\u00e8de<\/a>.<\/p>\n<p>L\u2019Islande vole <a href=\"http:\/\/www.google.ca\/url?sa=t&amp;rct=j&amp;q=&amp;esrc=s&amp;frm=1&amp;source=newssearch&amp;cd=12&amp;cad=rja&amp;ved=0CC0QqQIoADABOAo&amp;url=http%3A%2F%2Fwww.lefigaro.fr%2Fimmobilier%2F2013%2F12%2F01%2F05002-20131201ARTFIG00148-l-islande-vole-au-secours-des-emprunteurs-immobiliers.php&amp;ei=epCfUrmJB-jUyQHM0IDYDA&amp;usg=AFQjCNH89U3BOSacGbQqlTIeso2gl0-FWA&amp;bvm=bv.57155469,d.aWc\" target=\"_blank\">au secours des emprunteurs immobiliers<\/a>.<\/p>\n<p>En Afrique du Sud, un nouveau complexe h\u00f4telier offre un s\u00e9jour\u2026 dans <a href=\"http:\/\/magimmo.seloger.com\/a-la-une-insolite\/un-bidonville-non-un-complexe-hotelier-t233469\" target=\"_blank\">la mis\u00e8re d\u2019un bidonville<\/a>.<\/p>\n<p>&nbsp;<\/p>\n","protected":false},"excerpt":{"rendered":"<p>Les Saveurs de la semaine affichent des liens int\u00e9ressants vers des nouvelles sur l\u2019immobilier, bribes d\u2019information ou sujets qui vous int\u00e9ressent; vous pouvez les savourer en d\u00e9gustant votre caf\u00e9 pr\u00e9f\u00e9r\u00e9. Vous pouvez m\u00eame vous en servir pour entreprendre une bonne conversation avec le prochain client que vous rencontrerez. Bonne lecture! Voici mes choix de la &hellip; <a href=\"https:\/\/archive.cafe.crea.ca\/fr\/saveurs-de-la-semaine-le-6-decembre-2013\/\" class=\"more-link\">Continue reading <span class=\"screen-reader-text\">Saveurs de la semaine : le 6 decembre 2013<\/span><\/a><\/p>\n","protected":false},"author":23,"featured_media":27464,"comment_status":"open","ping_status":"open","sticky":false,"template":"","format":"standard","meta":{"footnotes":""},"categories":[2372],"tags":[],"coauthors":[],"class_list":["post-31034","post","type-post","status-publish","format-standard","has-post-thumbnail","hentry","category-divers"],"aioseo_notices":[],"_links":{"self":[{"href":"https:\/\/archive.cafe.crea.ca\/fr\/wp-json\/wp\/v2\/posts\/31034"}],"collection":[{"href":"https:\/\/archive.cafe.crea.ca\/fr\/wp-json\/wp\/v2\/posts"}],"about":[{"href":"https:\/\/archive.cafe.crea.ca\/fr\/wp-json\/wp\/v2\/types\/post"}],"author":[{"embeddable":true,"href":"https:\/\/archive.cafe.crea.ca\/fr\/wp-json\/wp\/v2\/users\/23"}],"replies":[{"embeddable":true,"href":"https:\/\/archive.cafe.crea.ca\/fr\/wp-json\/wp\/v2\/comments?post=31034"}],"version-history":[{"count":0,"href":"https:\/\/archive.cafe.crea.ca\/fr\/wp-json\/wp\/v2\/posts\/31034\/revisions"}],"wp:featuredmedia":[{"embeddable":true,"href":"https:\/\/archive.cafe.crea.ca\/fr\/wp-json\/wp\/v2\/media\/27464"}],"wp:attachment":[{"href":"https:\/\/archive.cafe.crea.ca\/fr\/wp-json\/wp\/v2\/media?parent=31034"}],"wp:term":[{"taxonomy":"category","embeddable":true,"href":"https:\/\/archive.cafe.crea.ca\/fr\/wp-json\/wp\/v2\/categories?post=31034"},{"taxonomy":"post_tag","embeddable":true,"href":"https:\/\/archive.cafe.crea.ca\/fr\/wp-json\/wp\/v2\/tags?post=31034"},{"taxonomy":"author","embeddable":true,"href":"https:\/\/archive.cafe.crea.ca\/fr\/wp-json\/wp\/v2\/coauthors?post=31034"}],"curies":[{"name":"wp","href":"https:\/\/api.w.org\/{rel}","templated":true}]}}