{"id":31032,"date":"2013-12-13T16:27:58","date_gmt":"2013-12-13T21:27:58","guid":{"rendered":"https:\/\/archive.cafe.crea.ca\/saveurs-de-la-semaine-le-13-decembre-2013\/"},"modified":"2013-12-13T16:27:58","modified_gmt":"2013-12-13T21:27:58","slug":"saveurs-de-la-semaine-le-13-decembre-2013","status":"publish","type":"post","link":"https:\/\/archive.cafe.crea.ca\/fr\/saveurs-de-la-semaine-le-13-decembre-2013\/","title":{"rendered":"Saveurs de la semaine : le 13 decembre 2013"},"content":{"rendered":"<p><em>Les Saveurs de la semaine affichent des liens int\u00e9ressants vers des nouvelles sur l\u2019immobilier, bribes d\u2019information ou sujets qui vous int\u00e9ressent; vous pouvez les savourer en d\u00e9gustant votre caf\u00e9 pr\u00e9f\u00e9r\u00e9. Vous pouvez m\u00eame vous en servir pour entreprendre une bonne conversation avec le prochain client que vous rencontrerez. Bonne lecture!<\/em><\/p>\n<p><em>Voici mes choix de la semaine :<\/em><\/p>\n<p>\u00c0 Montr\u00e9al, les <a href=\"http:\/\/tinyurl.com\/lpu658l\" target=\"_blank\">automobilistes ont peur<\/a> du pont Champlain.<\/p>\n<p>Qu\u00e9bec, la plus vieille ville en Am\u00e9rique du Nord aura <a href=\"http:\/\/tinyurl.com\/pdcxzd3\" target=\"_blank\">le meilleur r\u00e9seau d\u2019\u00e9gouts<\/a>.<\/p>\n<p>\u00c0 Ottawa\/Gatineau, un <a href=\"http:\/\/tinyurl.com\/l58aaff\" target=\"_blank\">terrain industriel sera transform\u00e9<\/a>.<\/p>\n<p>\u00c0 Trois-Rivi\u00e8res, un <a href=\"http:\/\/tinyurl.com\/lwd8bfg\" target=\"_blank\">aubergiste attire des ours<\/a> au grand dam des r\u00e9sidents.<\/p>\n<p>Offre incroyable \u2013 <a href=\"http:\/\/magimmo.seloger.com\/actualite-de-l-immobilier-insolite\/le-coffre-de-l-oncle-picsou-est-a-vendre-t233539\" target=\"_blank\">une salle de coffres bancaires \u00e0 vendre<\/a> (pour 400\u00a0000 francs suisses)!<\/p>\n<p>Le Figaro r\u00e9v\u00e8le que le <a href=\"http:\/\/www.lefigaro.fr\/flash-actu\/2013\/12\/11\/97001-20131211FILWWW00424-personnes-agees-le-parc-immobilier-inadapte.php\" target=\"_blank\">parc immobilier fran\u00e7ais est mal adapt\u00e9 aux personnes \u00e2g\u00e9es<\/a>.<\/p>\n<p>Selon France Info\u00a0: <a href=\"http:\/\/www.franceinfo.fr\/economie\/c-est-mon-boulot\/immobilier-les-entreprises-demenagent-en-banlieue-les-salaries-trinquent-1245269-2013-12-11\" target=\"_blank\">les entreprises d\u00e9m\u00e9nagent en banlieue alors que les salari\u00e9s trinquent<\/a>.<\/p>\n<p>Le journal Les \u00c9chos pr\u00e9sente <a href=\"http:\/\/www.lesechos.fr\/entreprises-secteurs\/service-distribution\/actu\/0203178988585-immobilier-un-studio-pret-a-louer-sous-forme-de-cube-a-poser-dans-son-jardin-636001.php\" target=\"_blank\">un studio pr\u00eat \u00e0 louer sous forme de cube \u00e0 poser dans son jardin<\/a>, et souligne qu\u2019il y a plus de <a href=\"http:\/\/www.google.ca\/url?sa=t&amp;rct=j&amp;q=&amp;esrc=s&amp;frm=1&amp;source=newssearch&amp;cd=7&amp;cad=rja&amp;ved=0CEEQqQIoADAG&amp;url=http%3A%2F%2Fpatrimoine.lesechos.fr%2Fpatrimoine%2Fimmobilier%2Factu%2F0203186817754-immobilier-plus-de-15-000-appartements-a-vendre-a-paris-636788.php&amp;ei=CRGqUuHLGMOdyQH59ICgDA&amp;usg=AFQjCNEhAZF0xCJ3ChRSyJ9eOmkq7zi6HA&amp;bvm=bv.57967247,d.aWc\" target=\"_blank\">15 000 appartements \u00e0 vendre dans la Ville Lumi\u00e8re<\/a>.<\/p>\n<p>cBanque rapporte que les d\u00e9put\u00e9s de l\u2019Union europ\u00e9enne ont adopt\u00e9 de <a href=\"http:\/\/www.cbanque.com\/actu\/42266\/immobilier-les-emprunteurs-recevront-une-fiche-information-sur-les-taux\" target=\"_blank\">nouvelles r\u00e8gles pour encadrer les pr\u00eats immobiliers<\/a>.<\/p>\n<p>Et pour terminer, un <a href=\"http:\/\/www.google.ca\/url?sa=t&amp;rct=j&amp;q=&amp;esrc=s&amp;frm=1&amp;source=newssearch&amp;cd=2&amp;cad=rja&amp;ved=0CC0QqQIoADAB&amp;url=http%3A%2F%2Fmagimmo.seloger.com%2Factualite-de-l-immobilier-insolite%2Fl-espagne-vend-meme-un-aeroport-t233565&amp;ei=ThGqUtn8IcTAyAGb44G4Cg&amp;usg=AFQjCNG0A_B2HTtFxDBKJ-eNGHdJjVi4bA&amp;bvm=bv.57967247,d.aWc\" target=\"_blank\">a\u00e9roport en Espagne, pourquoi pas<\/a>?<\/p>\n<p>&nbsp;<\/p>\n","protected":false},"excerpt":{"rendered":"<p>Les Saveurs de la semaine affichent des liens int\u00e9ressants vers des nouvelles sur l\u2019immobilier, bribes d\u2019information ou sujets qui vous int\u00e9ressent; vous pouvez les savourer en d\u00e9gustant votre caf\u00e9 pr\u00e9f\u00e9r\u00e9. Vous pouvez m\u00eame vous en servir pour entreprendre une bonne conversation avec le prochain client que vous rencontrerez. Bonne lecture! Voici mes choix de la &hellip; <a href=\"https:\/\/archive.cafe.crea.ca\/fr\/saveurs-de-la-semaine-le-13-decembre-2013\/\" class=\"more-link\">Continue reading <span class=\"screen-reader-text\">Saveurs de la semaine : le 13 decembre 2013<\/span><\/a><\/p>\n","protected":false},"author":23,"featured_media":27464,"comment_status":"open","ping_status":"open","sticky":false,"template":"","format":"standard","meta":{"footnotes":""},"categories":[2372],"tags":[],"coauthors":[],"class_list":["post-31032","post","type-post","status-publish","format-standard","has-post-thumbnail","hentry","category-divers"],"aioseo_notices":[],"_links":{"self":[{"href":"https:\/\/archive.cafe.crea.ca\/fr\/wp-json\/wp\/v2\/posts\/31032"}],"collection":[{"href":"https:\/\/archive.cafe.crea.ca\/fr\/wp-json\/wp\/v2\/posts"}],"about":[{"href":"https:\/\/archive.cafe.crea.ca\/fr\/wp-json\/wp\/v2\/types\/post"}],"author":[{"embeddable":true,"href":"https:\/\/archive.cafe.crea.ca\/fr\/wp-json\/wp\/v2\/users\/23"}],"replies":[{"embeddable":true,"href":"https:\/\/archive.cafe.crea.ca\/fr\/wp-json\/wp\/v2\/comments?post=31032"}],"version-history":[{"count":0,"href":"https:\/\/archive.cafe.crea.ca\/fr\/wp-json\/wp\/v2\/posts\/31032\/revisions"}],"wp:featuredmedia":[{"embeddable":true,"href":"https:\/\/archive.cafe.crea.ca\/fr\/wp-json\/wp\/v2\/media\/27464"}],"wp:attachment":[{"href":"https:\/\/archive.cafe.crea.ca\/fr\/wp-json\/wp\/v2\/media?parent=31032"}],"wp:term":[{"taxonomy":"category","embeddable":true,"href":"https:\/\/archive.cafe.crea.ca\/fr\/wp-json\/wp\/v2\/categories?post=31032"},{"taxonomy":"post_tag","embeddable":true,"href":"https:\/\/archive.cafe.crea.ca\/fr\/wp-json\/wp\/v2\/tags?post=31032"},{"taxonomy":"author","embeddable":true,"href":"https:\/\/archive.cafe.crea.ca\/fr\/wp-json\/wp\/v2\/coauthors?post=31032"}],"curies":[{"name":"wp","href":"https:\/\/api.w.org\/{rel}","templated":true}]}}