{"id":31030,"date":"2013-12-20T18:18:24","date_gmt":"2013-12-20T23:18:24","guid":{"rendered":"https:\/\/archive.cafe.crea.ca\/saveurs-de-la-semaine-le-20-decembre-2013\/"},"modified":"2013-12-20T18:18:24","modified_gmt":"2013-12-20T23:18:24","slug":"saveurs-de-la-semaine-le-20-decembre-2013","status":"publish","type":"post","link":"https:\/\/archive.cafe.crea.ca\/fr\/saveurs-de-la-semaine-le-20-decembre-2013\/","title":{"rendered":"Saveurs de la semaine : le 20 decembre 2013"},"content":{"rendered":"<p><em>Les Saveurs de la semaine affichent des liens int\u00e9ressants vers des nouvelles sur l\u2019immobilier, bribes d\u2019information ou sujets qui vous int\u00e9ressent; vous pouvez les savourer en d\u00e9gustant votre caf\u00e9 pr\u00e9f\u00e9r\u00e9. Vous pouvez m\u00eame vous en servir pour entreprendre une bonne conversation avec le prochain client que vous rencontrerez. Bonne lecture!<\/em><\/p>\n<p><em>Voici mes choix de la semaine :<\/em><\/p>\n<p>La Presse souligne qu\u2019il y a <a href=\"http:\/\/tinyurl.com\/o8lmwsd\" target=\"_blank\">420 000 passages impay\u00e9s sur le pont de l\u2019autoroute 25<\/a>.<\/p>\n<p>Le magazine Conseiller ne pr\u00e9voit <a href=\"http:\/\/www.conseiller.ca\/nouvelles\/pas-deffondrement-du-marche-en-2014-44832\" target=\"_blank\">pas d\u2019effondrement du march\u00e9 immobilier en 2014<\/a>.<\/p>\n<p>Finance et Investissement croit que les <a href=\"http:\/\/www.finance-investissement.com\/nouvelles\/economie-marches\/immobilier-les-ventes-baisseront-montr-al-et-qu-bec-en-2014\/a\/54408\" target=\"_blank\">ventes immobili\u00e8res baisseront \u00e0 Montr\u00e9al et Qu\u00e9bec en 2014<\/a>.<\/p>\n<p>De l\u2019autre c\u00f4t\u00e9 de l\u2019Atlantique, l\u2019Express discute des <a href=\"http:\/\/votreargent.lexpress.fr\/immobilier\/acheter-un-bien-immobilier-aux-encheres-comment-ca-marche_355217.html\" target=\"_blank\">ventes de biens immobiliers aux ench\u00e8res<\/a> et le Nouvel Observateur parle <a href=\"http:\/\/tempsreel.nouvelobs.com\/immobilier\/immobilier-d-entreprise\/20131218.OBS9942\/l-immobilier-de-sante-seduit-les-investisseurs.html\" target=\"_blank\">d\u2019investissement en immobilier de sant\u00e9<\/a>.<\/p>\n<p>En Espagne, <a href=\"http:\/\/magimmo.seloger.com\/actualite-de-l-immobilier-marche-de-l-immobilier\/les-prix-de-l-immobilier-espagnol-remontent-t233619\" target=\"_blank\">les prix commencent leur remont\u00e9e<\/a>.<\/p>\n<p>Esp\u00e9rons que cet <a href=\"http:\/\/www.huffingtonpost.fr\/2013\/12\/17\/photos-artiste-publicites-a_n_4457690.html\" target=\"_blank\">article ne donnera pas d\u2019id\u00e9es \u00e0 quelqu\u2019un<\/a>\u2026<\/p>\n<p><em>Joyeuses F\u00eates, et \u00e0 l\u2019ann\u00e9e prochaine!<\/em><\/p>\n<p>&nbsp;<\/p>\n","protected":false},"excerpt":{"rendered":"<p>Les Saveurs de la semaine affichent des liens int\u00e9ressants vers des nouvelles sur l\u2019immobilier, bribes d\u2019information ou sujets qui vous int\u00e9ressent; vous pouvez les savourer en d\u00e9gustant votre caf\u00e9 pr\u00e9f\u00e9r\u00e9. Vous pouvez m\u00eame vous en servir pour entreprendre une bonne conversation avec le prochain client que vous rencontrerez. Bonne lecture! Voici mes choix de la &hellip; <a href=\"https:\/\/archive.cafe.crea.ca\/fr\/saveurs-de-la-semaine-le-20-decembre-2013\/\" class=\"more-link\">Continue reading <span class=\"screen-reader-text\">Saveurs de la semaine : le 20 decembre 2013<\/span><\/a><\/p>\n","protected":false},"author":23,"featured_media":27464,"comment_status":"open","ping_status":"open","sticky":false,"template":"","format":"standard","meta":{"footnotes":""},"categories":[2372],"tags":[],"coauthors":[],"class_list":["post-31030","post","type-post","status-publish","format-standard","has-post-thumbnail","hentry","category-divers"],"aioseo_notices":[],"_links":{"self":[{"href":"https:\/\/archive.cafe.crea.ca\/fr\/wp-json\/wp\/v2\/posts\/31030"}],"collection":[{"href":"https:\/\/archive.cafe.crea.ca\/fr\/wp-json\/wp\/v2\/posts"}],"about":[{"href":"https:\/\/archive.cafe.crea.ca\/fr\/wp-json\/wp\/v2\/types\/post"}],"author":[{"embeddable":true,"href":"https:\/\/archive.cafe.crea.ca\/fr\/wp-json\/wp\/v2\/users\/23"}],"replies":[{"embeddable":true,"href":"https:\/\/archive.cafe.crea.ca\/fr\/wp-json\/wp\/v2\/comments?post=31030"}],"version-history":[{"count":0,"href":"https:\/\/archive.cafe.crea.ca\/fr\/wp-json\/wp\/v2\/posts\/31030\/revisions"}],"wp:featuredmedia":[{"embeddable":true,"href":"https:\/\/archive.cafe.crea.ca\/fr\/wp-json\/wp\/v2\/media\/27464"}],"wp:attachment":[{"href":"https:\/\/archive.cafe.crea.ca\/fr\/wp-json\/wp\/v2\/media?parent=31030"}],"wp:term":[{"taxonomy":"category","embeddable":true,"href":"https:\/\/archive.cafe.crea.ca\/fr\/wp-json\/wp\/v2\/categories?post=31030"},{"taxonomy":"post_tag","embeddable":true,"href":"https:\/\/archive.cafe.crea.ca\/fr\/wp-json\/wp\/v2\/tags?post=31030"},{"taxonomy":"author","embeddable":true,"href":"https:\/\/archive.cafe.crea.ca\/fr\/wp-json\/wp\/v2\/coauthors?post=31030"}],"curies":[{"name":"wp","href":"https:\/\/api.w.org\/{rel}","templated":true}]}}