{"id":31029,"date":"2014-01-10T18:34:34","date_gmt":"2014-01-10T23:34:34","guid":{"rendered":"https:\/\/archive.cafe.crea.ca\/saveurs-de-la-semaine-le-10-janvier-2014\/"},"modified":"2014-01-10T18:34:34","modified_gmt":"2014-01-10T23:34:34","slug":"saveurs-de-la-semaine-le-10-janvier-2014","status":"publish","type":"post","link":"https:\/\/archive.cafe.crea.ca\/fr\/saveurs-de-la-semaine-le-10-janvier-2014\/","title":{"rendered":"Saveurs de la semaine : le 10 janvier 2014"},"content":{"rendered":"<p><em>Les Saveurs de la semaine sont votre source hebdomadaire de nouvelles et de reportages sur l&rsquo;immobilier qui auraient pu vous \u00e9chapper.<\/em><em> Notre \u00e9quipe des Saveurs de la semaine s&rsquo;acharne \u00e0 parcourir le Web, les groupes de nouvelles et les forums \u00e0 la recherche de reportages obscurs, bizarres, int\u00e9ressants et informatifs sur l&rsquo;immobilier ou des sujets connexes. Si vous d\u00e9sirez en contribuer un, veuillez l&rsquo;afficher \u00e0 notre section r\u00e9serv\u00e9e aux commentaires ou gazouiller sur le reportage en utilisant le mot-clic <strong>#Saveursdelasemaine<\/strong>. Faites-vous couler une bonne tasse de caf\u00e9 frais, savourez ces reportages&#8230; et faites-en peut-\u00eatre m\u00eame part \u00e0 vos amis et coll\u00e8gues. Bonne lecture!<\/em><\/p>\n<p><em>Voici mes choix de la semaine\u00a0:<\/em><\/p>\n<p>Une \u00e9tude de Royal LePage d\u00e9montre que le <a href=\"http:\/\/affaires.lapresse.ca\/economie\/immobilier\/201401\/09\/01-4726968-le-prix-moyen-des-maisons-en-hausse-au-canada.php\" target=\"_blank\">prix moyen d\u2019une maison au Canada a augment\u00e9 entre 1,2 et 2,8\u00a0% au Canada au 4<sup>e<\/sup> trimestre 2013<\/a>.<\/p>\n<p>Fran\u00e7ois Cardinal songe au <a href=\"http:\/\/tinyurl.com\/mq3hcr9\" target=\"_blank\">nouveau centre-ville de Montr\u00e9al<\/a>.<\/p>\n<p>\u00c0 Qu\u00e9bec, une <a href=\"http:\/\/tinyurl.com\/k7dwety\" target=\"_blank\">nouvelle vocation pour l\u2019H\u00f4tel Concorde<\/a> fait des malheureux, alors que la <a href=\"http:\/\/tinyurl.com\/l98dlsg\" target=\"_blank\">FADOC accuse les commer\u00e7ants voisins d\u2019\u00e2gisme<\/a>.<\/p>\n<p>\u00c0 Trois-Rivi\u00e8res, <a href=\"http:\/\/tinyurl.com\/n4satac\" target=\"_blank\">la Coalition demande 200 millions de dollars<\/a> pour rem\u00e9dier \u00e0 la pyrrhotite.<\/p>\n<p>En France, <a href=\"http:\/\/www.boursorama.com\/actualites\/paris-a-la-traine-des-grandes-metropoles-dans-l-immobilier-de-luxe-en-2013-ef4889bc69f461e54f8b2bc62a8936bc\" target=\"_blank\">Paris \u00e0 la tra\u00eene des grandes m\u00e9tropoles<\/a>, les <a href=\"http:\/\/www.lefigaro.fr\/immobilier\/2014\/01\/09\/05002-20140109ARTFIG00445-immobilier-les-entreprises-demenagent-moins.php\" target=\"_blank\">entreprises d\u00e9m\u00e9nagent moins<\/a> et le Pr\u00e9sident Hollande veut <a href=\"http:\/\/lexpansion.lexpress.fr\/economie\/immobilier-comment-hollande-veut-accelerer-la-construction-et-reduire-les-prix_423164.html\" target=\"_blank\">acc\u00e9l\u00e9rer la construction et diminuer les prix<\/a>.<\/p>\n<p>En <a href=\"http:\/\/www.google.ca\/url?sa=t&amp;rct=j&amp;q=&amp;esrc=s&amp;frm=1&amp;source=newssearch&amp;cd=46&amp;cad=rja&amp;ved=0CDoQqQIoADAFOCg&amp;url=http%3A%2F%2Fwww.lefigaro.fr%2Fflash-eco%2F2014%2F01%2F08%2F97002-20140108FILWWW00342-bulle-immobiliere-redoutee-en-grande-bretagne.php&amp;ei=-gfPUv31N4nV2AX1sYDIBg&amp;usg=AFQjCNF0kUvrQudDJT-7dHolsAUum4rQMg&amp;bvm=bv.59026428,d.b2I\" target=\"_blank\">Grande Bretagne, on redoute une bulle immobili\u00e8re<\/a>.<\/p>\n<p>&nbsp;<\/p>\n","protected":false},"excerpt":{"rendered":"<p>Les Saveurs de la semaine sont votre source hebdomadaire de nouvelles et de reportages sur l&rsquo;immobilier qui auraient pu vous \u00e9chapper. Notre \u00e9quipe des Saveurs de la semaine s&rsquo;acharne \u00e0 parcourir le Web, les groupes de nouvelles et les forums \u00e0 la recherche de reportages obscurs, bizarres, int\u00e9ressants et informatifs sur l&rsquo;immobilier ou des sujets &hellip; <a href=\"https:\/\/archive.cafe.crea.ca\/fr\/saveurs-de-la-semaine-le-10-janvier-2014\/\" class=\"more-link\">Continue reading <span class=\"screen-reader-text\">Saveurs de la semaine : le 10 janvier 2014<\/span><\/a><\/p>\n","protected":false},"author":23,"featured_media":27464,"comment_status":"open","ping_status":"open","sticky":false,"template":"","format":"standard","meta":{"footnotes":""},"categories":[2372],"tags":[],"coauthors":[],"class_list":["post-31029","post","type-post","status-publish","format-standard","has-post-thumbnail","hentry","category-divers"],"aioseo_notices":[],"_links":{"self":[{"href":"https:\/\/archive.cafe.crea.ca\/fr\/wp-json\/wp\/v2\/posts\/31029"}],"collection":[{"href":"https:\/\/archive.cafe.crea.ca\/fr\/wp-json\/wp\/v2\/posts"}],"about":[{"href":"https:\/\/archive.cafe.crea.ca\/fr\/wp-json\/wp\/v2\/types\/post"}],"author":[{"embeddable":true,"href":"https:\/\/archive.cafe.crea.ca\/fr\/wp-json\/wp\/v2\/users\/23"}],"replies":[{"embeddable":true,"href":"https:\/\/archive.cafe.crea.ca\/fr\/wp-json\/wp\/v2\/comments?post=31029"}],"version-history":[{"count":0,"href":"https:\/\/archive.cafe.crea.ca\/fr\/wp-json\/wp\/v2\/posts\/31029\/revisions"}],"wp:featuredmedia":[{"embeddable":true,"href":"https:\/\/archive.cafe.crea.ca\/fr\/wp-json\/wp\/v2\/media\/27464"}],"wp:attachment":[{"href":"https:\/\/archive.cafe.crea.ca\/fr\/wp-json\/wp\/v2\/media?parent=31029"}],"wp:term":[{"taxonomy":"category","embeddable":true,"href":"https:\/\/archive.cafe.crea.ca\/fr\/wp-json\/wp\/v2\/categories?post=31029"},{"taxonomy":"post_tag","embeddable":true,"href":"https:\/\/archive.cafe.crea.ca\/fr\/wp-json\/wp\/v2\/tags?post=31029"},{"taxonomy":"author","embeddable":true,"href":"https:\/\/archive.cafe.crea.ca\/fr\/wp-json\/wp\/v2\/coauthors?post=31029"}],"curies":[{"name":"wp","href":"https:\/\/api.w.org\/{rel}","templated":true}]}}