{"id":31021,"date":"2014-02-07T18:17:47","date_gmt":"2014-02-07T23:17:47","guid":{"rendered":"https:\/\/archive.cafe.crea.ca\/saveurs-de-la-semaine-le-7-fevrier-2014\/"},"modified":"2014-02-07T18:17:47","modified_gmt":"2014-02-07T23:17:47","slug":"saveurs-de-la-semaine-le-7-fevrier-2014","status":"publish","type":"post","link":"https:\/\/archive.cafe.crea.ca\/fr\/saveurs-de-la-semaine-le-7-fevrier-2014\/","title":{"rendered":"Saveurs de la semaine : le 7 f\u00e9vrier 2014"},"content":{"rendered":"<p><em>Les Saveurs de la semaine sont votre source hebdomadaire de nouvelles et de reportages sur l\u2019immobilier qui auraient pu vous \u00e9chapper.<\/em><em> Notre \u00e9quipe des Saveurs de la semaine s\u2019acharne \u00e0 parcourir le Web, les groupes de nouvelles et les forums \u00e0 la recherche de reportages obscurs, bizarres, int\u00e9ressants et informatifs sur l\u2019immobilier ou des sujets connexes. Si vous d\u00e9sirez en contribuer un, veuillez l\u2019afficher \u00e0 notre section r\u00e9serv\u00e9e aux commentaires ou gazouiller sur le reportage en utilisant le mot-clic <strong>#Saveursdelasemaine<\/strong>. Faites-vous couler une bonne tasse de caf\u00e9 frais, savourez ces reportages\u2026 et faites-en peut-\u00eatre m\u00eame part \u00e0 vos amis et coll\u00e8gues. Bonne lecture!<\/em><\/p>\n<p><em>Voici mes choix de la semaine\u00a0:<\/em><\/p>\n<p>Selon Finance et investissement\u00a0: <a href=\"http:\/\/www.finance-investissement.com\/nouvelles\/economie-marches\/des-logements-dorment-et-l-immobilier-fatigue\/a\/55006\" target=\"_blank\">des logements dorment et l\u2019immobilier fatigue<\/a>.<\/p>\n<p>L\u2019agence <a href=\"http:\/\/maison.lapresse.ca\/habitation\/immobilier\/201402\/05\/01-4735918-virage-vert-chez-via-capitale.php\" target=\"_blank\">Via Capitale prend un virage vert<\/a>.<\/p>\n<p>Le gouvernement du Qu\u00e9bec ajoute <a href=\"http:\/\/tinyurl.com\/k8cnh7l\" target=\"_blank\">15 M$ au fonds de la pyrrhotite<\/a>.<\/p>\n<p>L\u2019Express propose des <a href=\"http:\/\/votreargent.lexpress.fr\/immobilier\/immobilier-comment-vendre-vite-et-au-bon-prix_358907.html\" target=\"_blank\">conseils pour boucler la transaction<\/a>.<\/p>\n<p>Le Parisien nous pr\u00e9sente les d\u00e9tails d\u2019une <a href=\"http:\/\/www.leparisien.fr\/insolite\/achetez-cette-maison-pour-10-euros-05-02-2014-3563029.php\" target=\"_blank\">maison \u00e0 10 euros<\/a>!<\/p>\n<p>Selon Les \u00c9chos\u00a0: <a href=\"http:\/\/www.lesechos.fr\/entreprises-secteurs\/service-distribution\/actu\/0203282405730-l-immobilier-cette-etrange-addiction-anglaise-647301.php\" target=\"_blank\">l\u2019\u00e9trange addiction anglaise \u00e0 l\u2019immobilier<\/a>.<\/p>\n<p>Batiactu pr\u00e9sente un reportage sur le <a href=\"http:\/\/www.batiactu.com\/edito\/immobilier---le-community-land-trust-ou-comment-el-37318.php\" target=\"_blank\">concept am\u00e9ricain du Community land trust<\/a>.<\/p>\n<p>Xerfi voit un <a href=\"http:\/\/tempsreel.nouvelobs.com\/immobilier\/marche-immobilier\/20140205.OBS5117\/vers-un-redemarrage-du-marche-immobilier-en-2015-selon-xerfi.html\" target=\"_blank\">red\u00e9marrage du march\u00e9 immobilier fran\u00e7ais en 2015<\/a>.<\/p>\n<p>En Belgique, les <a href=\"http:\/\/www.dhnet.be\/dernieres-depeches\/belga\/les-jeunes-continuent-d-investir-dans-l-immobilier-52f390203570516ba0b5b618\" target=\"_blank\">jeunes continuent d\u2019investir dans l\u2019immobilier<\/a>.<\/p>\n<p>&nbsp;<\/p>\n","protected":false},"excerpt":{"rendered":"<p>Les Saveurs de la semaine sont votre source hebdomadaire de nouvelles et de reportages sur l\u2019immobilier qui auraient pu vous \u00e9chapper. Notre \u00e9quipe des Saveurs de la semaine s\u2019acharne \u00e0 parcourir le Web, les groupes de nouvelles et les forums \u00e0 la recherche de reportages obscurs, bizarres, int\u00e9ressants et informatifs sur l\u2019immobilier ou des sujets &hellip; <a href=\"https:\/\/archive.cafe.crea.ca\/fr\/saveurs-de-la-semaine-le-7-fevrier-2014\/\" class=\"more-link\">Continue reading <span class=\"screen-reader-text\">Saveurs de la semaine : le 7 f\u00e9vrier 2014<\/span><\/a><\/p>\n","protected":false},"author":34,"featured_media":27464,"comment_status":"open","ping_status":"open","sticky":false,"template":"","format":"standard","meta":{"footnotes":""},"categories":[2372],"tags":[],"coauthors":[],"class_list":["post-31021","post","type-post","status-publish","format-standard","has-post-thumbnail","hentry","category-divers"],"aioseo_notices":[],"_links":{"self":[{"href":"https:\/\/archive.cafe.crea.ca\/fr\/wp-json\/wp\/v2\/posts\/31021"}],"collection":[{"href":"https:\/\/archive.cafe.crea.ca\/fr\/wp-json\/wp\/v2\/posts"}],"about":[{"href":"https:\/\/archive.cafe.crea.ca\/fr\/wp-json\/wp\/v2\/types\/post"}],"author":[{"embeddable":true,"href":"https:\/\/archive.cafe.crea.ca\/fr\/wp-json\/wp\/v2\/users\/34"}],"replies":[{"embeddable":true,"href":"https:\/\/archive.cafe.crea.ca\/fr\/wp-json\/wp\/v2\/comments?post=31021"}],"version-history":[{"count":0,"href":"https:\/\/archive.cafe.crea.ca\/fr\/wp-json\/wp\/v2\/posts\/31021\/revisions"}],"wp:featuredmedia":[{"embeddable":true,"href":"https:\/\/archive.cafe.crea.ca\/fr\/wp-json\/wp\/v2\/media\/27464"}],"wp:attachment":[{"href":"https:\/\/archive.cafe.crea.ca\/fr\/wp-json\/wp\/v2\/media?parent=31021"}],"wp:term":[{"taxonomy":"category","embeddable":true,"href":"https:\/\/archive.cafe.crea.ca\/fr\/wp-json\/wp\/v2\/categories?post=31021"},{"taxonomy":"post_tag","embeddable":true,"href":"https:\/\/archive.cafe.crea.ca\/fr\/wp-json\/wp\/v2\/tags?post=31021"},{"taxonomy":"author","embeddable":true,"href":"https:\/\/archive.cafe.crea.ca\/fr\/wp-json\/wp\/v2\/coauthors?post=31021"}],"curies":[{"name":"wp","href":"https:\/\/api.w.org\/{rel}","templated":true}]}}