{"id":31019,"date":"2014-02-14T18:16:14","date_gmt":"2014-02-14T23:16:14","guid":{"rendered":"https:\/\/archive.cafe.crea.ca\/saveurs-de-la-semaine-le-14-fevrier-2014\/"},"modified":"2014-02-14T18:16:14","modified_gmt":"2014-02-14T23:16:14","slug":"saveurs-de-la-semaine-le-14-fevrier-2014","status":"publish","type":"post","link":"https:\/\/archive.cafe.crea.ca\/fr\/saveurs-de-la-semaine-le-14-fevrier-2014\/","title":{"rendered":"Saveurs de la semaine : le 14 f\u00e9vrier 2014"},"content":{"rendered":"<p><em>Les Saveurs de la semaine sont votre source hebdomadaire de nouvelles et de reportages sur l\u2019immobilier qui auraient pu vous \u00e9chapper.<\/em><em> Notre \u00e9quipe des Saveurs de la semaine s\u2019acharne \u00e0 parcourir le Web, les groupes de nouvelles et les forums \u00e0 la recherche de reportages obscurs, bizarres, int\u00e9ressants et informatifs sur l\u2019immobilier ou des sujets connexes. Si vous d\u00e9sirez en contribuer un, veuillez l\u2019afficher \u00e0 notre section r\u00e9serv\u00e9e aux commentaires ou gazouiller sur le reportage en utilisant le mot-clic <strong>#Saveursdelasemaine<\/strong>. Faites-vous couler une bonne tasse de caf\u00e9 frais, savourez ces reportages\u2026 et faites-en peut-\u00eatre m\u00eame part \u00e0 vos amis et coll\u00e8gues. Bonne lecture!<\/em><\/p>\n<p><em>Voici mes choix de la semaine\u00a0:<\/em><\/p>\n<p>Quels immeubles sont sur <a href=\"http:\/\/tinyurl.com\/mmyo76q\" target=\"_blank\">la liste noire du patrimoine \u00e0 Montr\u00e9al<\/a>?<\/p>\n<p>La Presse r\u00e9v\u00e8le que les <a href=\"http:\/\/tinyurl.com\/jwqt6k8\" target=\"_blank\">hypoth\u00e8ques parapluie sont dans la mire d\u2019Ottawa<\/a>.<\/p>\n<p>Qu\u00e9bec tente de trouver une solution aux <a href=\"http:\/\/tinyurl.com\/mjtmoox\" target=\"_blank\">probl\u00e8mes de congestion routi\u00e8re \u00e0\u2026 Qu\u00e9bec<\/a>.<\/p>\n<p>On cherche des <a href=\"http:\/\/tinyurl.com\/k43mlzk\" target=\"_blank\">anciennes victimes de pyrite \u00e0 Trois-Rivi\u00e8res<\/a>.<\/p>\n<p>Les <a href=\"http:\/\/www.finance-investissement.com\/nouvelles\/economie-marches\/snowbirds-l-immobilier-devient-un-peu-moins-favorable-aux-canadiens\/a\/55024\" target=\"_blank\">Snowbirds canadiens<\/a> font face \u00e0 un march\u00e9 immobilier moins favorable.<\/p>\n<p>Atlantico tente de savoir <a href=\"http:\/\/www.atlantico.fr\/decryptage\/pourquoi-prix-immobiliers-pourraient-chuter-en-2014-marc-touati-976011.html\" target=\"_blank\">pourquoi les prix de l\u2019immobilier fran\u00e7ais pourraient chuter en 2014<\/a>.<\/p>\n<p><a href=\"http:\/\/www.bfmtv.com\/divertissement\/gerard-depardieu-se-recycle-limmobilier-705846.html\" target=\"_blank\">G\u00e9rard Depardieu<\/a> se recycle\u2026 dans l\u2019immobilier!<\/p>\n<p>Un site immobilier belge veut utiliser des <a href=\"http:\/\/datanews.levif.be\/ict\/actualite\/un-site-immobilier-veut-utiliser-des-drones-pour-photographier-des-maisons\/article-4000526387651.htm\" target=\"_blank\">drones pour photographier des maisons<\/a>.<\/p>\n<p>\u00c0 Strasbourg, une <a href=\"http:\/\/www.latribune.fr\/blogs\/la-tribune-des-municipales\/20140212trib000815008\/strasbourg-bataille-municipale-pour-relancer-l-immobilier-d-entreprise.html\" target=\"_blank\">bataille municipale pour relancer l\u2019immobilier d\u2019entreprise<\/a>.<\/p>\n<p>Les Olympiques de <a href=\"http:\/\/www.lavieimmo.com\/insolite\/les-prix-de-l-immobilier-flambent-a-sochi-24806.html\" target=\"_blank\">Sochi font flamber les prix de l\u2019immobilier<\/a>.<\/p>\n<p>&nbsp;<\/p>\n","protected":false},"excerpt":{"rendered":"<p>Les Saveurs de la semaine sont votre source hebdomadaire de nouvelles et de reportages sur l\u2019immobilier qui auraient pu vous \u00e9chapper. Notre \u00e9quipe des Saveurs de la semaine s\u2019acharne \u00e0 parcourir le Web, les groupes de nouvelles et les forums \u00e0 la recherche de reportages obscurs, bizarres, int\u00e9ressants et informatifs sur l\u2019immobilier ou des sujets &hellip; <a href=\"https:\/\/archive.cafe.crea.ca\/fr\/saveurs-de-la-semaine-le-14-fevrier-2014\/\" class=\"more-link\">Continue reading <span class=\"screen-reader-text\">Saveurs de la semaine : le 14 f\u00e9vrier 2014<\/span><\/a><\/p>\n","protected":false},"author":23,"featured_media":27464,"comment_status":"open","ping_status":"open","sticky":false,"template":"","format":"standard","meta":{"footnotes":""},"categories":[2372],"tags":[],"coauthors":[],"class_list":["post-31019","post","type-post","status-publish","format-standard","has-post-thumbnail","hentry","category-divers"],"aioseo_notices":[],"_links":{"self":[{"href":"https:\/\/archive.cafe.crea.ca\/fr\/wp-json\/wp\/v2\/posts\/31019"}],"collection":[{"href":"https:\/\/archive.cafe.crea.ca\/fr\/wp-json\/wp\/v2\/posts"}],"about":[{"href":"https:\/\/archive.cafe.crea.ca\/fr\/wp-json\/wp\/v2\/types\/post"}],"author":[{"embeddable":true,"href":"https:\/\/archive.cafe.crea.ca\/fr\/wp-json\/wp\/v2\/users\/23"}],"replies":[{"embeddable":true,"href":"https:\/\/archive.cafe.crea.ca\/fr\/wp-json\/wp\/v2\/comments?post=31019"}],"version-history":[{"count":0,"href":"https:\/\/archive.cafe.crea.ca\/fr\/wp-json\/wp\/v2\/posts\/31019\/revisions"}],"wp:featuredmedia":[{"embeddable":true,"href":"https:\/\/archive.cafe.crea.ca\/fr\/wp-json\/wp\/v2\/media\/27464"}],"wp:attachment":[{"href":"https:\/\/archive.cafe.crea.ca\/fr\/wp-json\/wp\/v2\/media?parent=31019"}],"wp:term":[{"taxonomy":"category","embeddable":true,"href":"https:\/\/archive.cafe.crea.ca\/fr\/wp-json\/wp\/v2\/categories?post=31019"},{"taxonomy":"post_tag","embeddable":true,"href":"https:\/\/archive.cafe.crea.ca\/fr\/wp-json\/wp\/v2\/tags?post=31019"},{"taxonomy":"author","embeddable":true,"href":"https:\/\/archive.cafe.crea.ca\/fr\/wp-json\/wp\/v2\/coauthors?post=31019"}],"curies":[{"name":"wp","href":"https:\/\/api.w.org\/{rel}","templated":true}]}}