{"id":31017,"date":"2014-02-21T19:03:15","date_gmt":"2014-02-22T00:03:15","guid":{"rendered":"https:\/\/archive.cafe.crea.ca\/saveurs-de-la-semaine-le-21-fevrier-2014\/"},"modified":"2014-02-21T19:03:15","modified_gmt":"2014-02-22T00:03:15","slug":"saveurs-de-la-semaine-le-21-fevrier-2014","status":"publish","type":"post","link":"https:\/\/archive.cafe.crea.ca\/fr\/saveurs-de-la-semaine-le-21-fevrier-2014\/","title":{"rendered":"Saveurs de la semaine : le 21 f\u00e9vrier 2014"},"content":{"rendered":"<p><em>Les Saveurs de la semaine sont votre source hebdomadaire de nouvelles et de reportages sur l\u2019immobilier qui auraient pu vous \u00e9chapper.<\/em><em> Notre \u00e9quipe des Saveurs de la semaine s\u2019acharne \u00e0 parcourir le Web, les groupes de nouvelles et les forums \u00e0 la recherche de reportages obscurs, bizarres, int\u00e9ressants et informatifs sur l\u2019immobilier ou des sujets connexes. Si vous d\u00e9sirez en contribuer un, veuillez l\u2019afficher \u00e0 notre section r\u00e9serv\u00e9e aux commentaires ou gazouiller sur le reportage en utilisant le mot-clic <strong>#Saveursdelasemaine<\/strong>. Faites-vous couler une bonne tasse de caf\u00e9 frais, savourez ces reportages\u2026 et faites-en peut-\u00eatre m\u00eame part \u00e0 vos amis et coll\u00e8gues. Bonne lecture!<\/em><\/p>\n<p><em>Voici mes choix de la semaine\u00a0:<\/em><\/p>\n<p>Postes Canada annonce les <a href=\"http:\/\/tinyurl.com\/l3saugw\" target=\"_blank\">premi\u00e8res villes qui seront touch\u00e9es par la d\u00e9cision d\u2019arr\u00eater les livraisons<\/a> de courrier \u00e0 domicile.<\/p>\n<p>Les difficult\u00e9s des r\u00e9sidents en r\u00e9gion de se trouver un m\u00e9decin de famille \u2013 \u00e0 <a href=\"http:\/\/tinyurl.com\/l2f9rjf\" target=\"_blank\">Gatineau<\/a> et en <a href=\"http:\/\/tinyurl.com\/mhjxnl6\" target=\"_blank\">Mauricie<\/a>.<\/p>\n<p>Pour les Canadiens, <a href=\"http:\/\/tinyurl.com\/kqy2haw\" target=\"_blank\">la maison est leur principale source de revenu<\/a> de retraite.<\/p>\n<p>Prot\u00e9gez-vous consid\u00e8re les co\u00fbts <a href=\"http:\/\/tinyurl.com\/kmwr4y2\" target=\"_blank\">d\u2019acheter sans courtier<\/a>.<\/p>\n<p>L\u2019\u00c9cho de Repentigny r\u00e9v\u00e8le que <a href=\"http:\/\/tinyurl.com\/m2yslw2\" target=\"_blank\">les municipalit\u00e9s courent apr\u00e8s des millions en taxes impay\u00e9es<\/a>.<\/p>\n<p>Atlantico pr\u00e9sente les <a href=\"http:\/\/www.atlantico.fr\/decryptage\/immobilier-cinq-erreurs-plus-frequentes-quand-on-decide-acheter-bien-patrick-chappey-980179.html\" target=\"_blank\">cinq erreurs les plus fr\u00e9quentes<\/a> quand on d\u00e9cide d\u2019acheter un bien immobilier.<\/p>\n<p>La Vie Immo d\u00e9couvre que <a href=\"http:\/\/www.lavieimmo.com\/prix-immobilier\/l-etiquette-energetique-influe-sur-les-prix-de-l-immobilier-24964.html\" target=\"_blank\">l\u2019\u00e9tiquette \u00e9nerg\u00e9tique influe sur les prix de l\u2019immobilier<\/a>.<\/p>\n<p>Business Immo conclut que l\u2019<a href=\"http:\/\/www.businessimmo.com\/contents\/40956\/l-immobilier-des-entreprises-est-passe-d-une-fonction-support-a-une-fonction-strategique--3\" target=\"_blank\">immobilier des entreprises est pass\u00e9 d\u2019une fonction support \u00e0 une fonction strat\u00e9gique<\/a>.<\/p>\n<p>La Tribune publie un reportage sur les <a href=\"http:\/\/www.latribune.fr\/vos-finances\/immobilier\/20140219trib000816172\/agent-immobilier-la-crise-et-le-net-metamorphosent-la-profession.html\" target=\"_blank\">m\u00e9tamorphoses de la profession d\u2019agent immobilier<\/a>.<\/p>\n<p>Le pouvoir <a href=\"http:\/\/www.leparticulier.fr\/jcms\/p1_1554524\/le-pouvoir-d-achat-immobilier-des-francais-est-en-hausse\" target=\"_blank\">d\u2019achat immobilier des Fran\u00e7ais est en hausse<\/a>.<\/p>\n<p>Ouest-France nous informe qu\u2019une Ardennaise a choisi de vendre sa maison par l\u2019entremise d\u2019une loterie &#8211; <a href=\"http:\/\/www.ouest-france.fr\/insolite-10-euros-pour-gagner-une-maison-estimee-2-millions-1939844\" target=\"_blank\">10\u20ac pour une chance de gagner une maison d\u2019une valeur de 2 millions \u20ac.<\/a><\/p>\n<p>&nbsp;<\/p>\n","protected":false},"excerpt":{"rendered":"<p>Les Saveurs de la semaine sont votre source hebdomadaire de nouvelles et de reportages sur l\u2019immobilier qui auraient pu vous \u00e9chapper. Notre \u00e9quipe des Saveurs de la semaine s\u2019acharne \u00e0 parcourir le Web, les groupes de nouvelles et les forums \u00e0 la recherche de reportages obscurs, bizarres, int\u00e9ressants et informatifs sur l\u2019immobilier ou des sujets &hellip; <a href=\"https:\/\/archive.cafe.crea.ca\/fr\/saveurs-de-la-semaine-le-21-fevrier-2014\/\" class=\"more-link\">Continue reading <span class=\"screen-reader-text\">Saveurs de la semaine : le 21 f\u00e9vrier 2014<\/span><\/a><\/p>\n","protected":false},"author":23,"featured_media":27464,"comment_status":"open","ping_status":"open","sticky":false,"template":"","format":"standard","meta":{"footnotes":""},"categories":[2372],"tags":[],"coauthors":[],"class_list":["post-31017","post","type-post","status-publish","format-standard","has-post-thumbnail","hentry","category-divers"],"aioseo_notices":[],"_links":{"self":[{"href":"https:\/\/archive.cafe.crea.ca\/fr\/wp-json\/wp\/v2\/posts\/31017"}],"collection":[{"href":"https:\/\/archive.cafe.crea.ca\/fr\/wp-json\/wp\/v2\/posts"}],"about":[{"href":"https:\/\/archive.cafe.crea.ca\/fr\/wp-json\/wp\/v2\/types\/post"}],"author":[{"embeddable":true,"href":"https:\/\/archive.cafe.crea.ca\/fr\/wp-json\/wp\/v2\/users\/23"}],"replies":[{"embeddable":true,"href":"https:\/\/archive.cafe.crea.ca\/fr\/wp-json\/wp\/v2\/comments?post=31017"}],"version-history":[{"count":0,"href":"https:\/\/archive.cafe.crea.ca\/fr\/wp-json\/wp\/v2\/posts\/31017\/revisions"}],"wp:featuredmedia":[{"embeddable":true,"href":"https:\/\/archive.cafe.crea.ca\/fr\/wp-json\/wp\/v2\/media\/27464"}],"wp:attachment":[{"href":"https:\/\/archive.cafe.crea.ca\/fr\/wp-json\/wp\/v2\/media?parent=31017"}],"wp:term":[{"taxonomy":"category","embeddable":true,"href":"https:\/\/archive.cafe.crea.ca\/fr\/wp-json\/wp\/v2\/categories?post=31017"},{"taxonomy":"post_tag","embeddable":true,"href":"https:\/\/archive.cafe.crea.ca\/fr\/wp-json\/wp\/v2\/tags?post=31017"},{"taxonomy":"author","embeddable":true,"href":"https:\/\/archive.cafe.crea.ca\/fr\/wp-json\/wp\/v2\/coauthors?post=31017"}],"curies":[{"name":"wp","href":"https:\/\/api.w.org\/{rel}","templated":true}]}}