{"id":31015,"date":"2014-02-28T19:11:31","date_gmt":"2014-03-01T00:11:31","guid":{"rendered":"https:\/\/archive.cafe.crea.ca\/saveurs-de-la-semaine-le-28-fevrier-2014\/"},"modified":"2014-02-28T19:11:31","modified_gmt":"2014-03-01T00:11:31","slug":"saveurs-de-la-semaine-le-28-fevrier-2014","status":"publish","type":"post","link":"https:\/\/archive.cafe.crea.ca\/fr\/saveurs-de-la-semaine-le-28-fevrier-2014\/","title":{"rendered":"Saveurs de la semaine : le 28 f\u00e9vrier 2014"},"content":{"rendered":"<p><em>Les Saveurs de la semaine sont votre source hebdomadaire de nouvelles et de reportages sur l\u2019immobilier qui auraient pu vous \u00e9chapper.<\/em><em> Notre \u00e9quipe des Saveurs de la semaine s\u2019acharne \u00e0 parcourir le Web, les groupes de nouvelles et les forums \u00e0 la recherche de reportages obscurs, bizarres, int\u00e9ressants et informatifs sur l\u2019immobilier ou des sujets connexes. Si vous d\u00e9sirez en contribuer un, veuillez l\u2019afficher \u00e0 notre section r\u00e9serv\u00e9e aux commentaires ou gazouiller sur le reportage en utilisant le mot-clic <strong>#Saveursdelasemaine<\/strong>. Faites-vous couler une bonne tasse de caf\u00e9 frais, savourez ces reportages\u2026 et faites-en peut-\u00eatre m\u00eame part \u00e0 vos amis et coll\u00e8gues. Bonne lecture!<\/em><\/p>\n<p><em>Voici mes choix de la semaine\u00a0:<\/em><\/p>\n<p>Le Soleil pr\u00e9sente un reportage intitul\u00e9 <a href=\"http:\/\/tinyurl.com\/m3nzx82\" target=\"_blank\">Le courtier immobilier, \u00ab\u00a0d\u00e9mineur\u00a0\u00bb professionnel<\/a>.<\/p>\n<p>La Presse nous pr\u00e9sente des <a href=\"http:\/\/tinyurl.com\/moope8n\" target=\"_blank\">po\u00eales accept\u00e9s \u00e0 Montr\u00e9al<\/a>.<\/p>\n<p>Le Devoir pr\u00e9sente deux articles sur l\u2019achat d\u2019une propri\u00e9t\u00e9 \u2013 un sur <a href=\"http:\/\/tinyurl.com\/m48cnqd\" target=\"_blank\">utiliser un courtier (ou non)<\/a>, et l\u2019autre sur <a href=\"http:\/\/tinyurl.com\/kwxlff5\" target=\"_blank\">les pr\u00eats pr\u00e9autoris\u00e9s<\/a>.<\/p>\n<p>Gatineau pr\u00e9sente une <a href=\"http:\/\/tinyurl.com\/lu3b75v\" target=\"_blank\">vision de 103\u00a0millions de dollars pour son centre-ville<\/a>.<\/p>\n<p>Challenges pr\u00e9sente un <a href=\"http:\/\/www.challenges.fr\/galeries-photos\/monde\/20140226.CHA0845\/immobilier-les-gouts-de-luxe-des-dictateurs-et-autres-potentats-dechus.html\" target=\"_blank\">diaporama illustrant les go\u00fbts de luxe des dictateurs<\/a>.<\/p>\n<p>L\u2019Internaute.com publie un reportage regroupant <a href=\"http:\/\/www.linternaute.com\/argent\/immobilier\/biens-immobiliers-atypiques-2014\/\" target=\"_blank\">25 biens immobiliers atypiques fran\u00e7ais \u00e0 saisir<\/a>.<\/p>\n<p>Une agence parisienne <a href=\"http:\/\/www.24presse.com\/innovation_immobilier___une_agence_immobiliere_realise_des_visites_3d_des_biens_a_renover-9912921.html\" target=\"_blank\">propose de modeler en 3D des biens immobiliers dans le but d\u2019aider les acheteurs potentiels \u00e0 s&rsquo;imaginer sur les lieux<\/a>.<\/p>\n<p>\u00c0 Paris, on peut <a href=\"http:\/\/www.challenges.fr\/entreprise\/20140224.CHA0786\/voici-des-lieux-tres-a-part-pour-negocier-ou-faire-la-fete.html\" target=\"_blank\">louer des lieux insolites et confidentiels pour n\u00e9gocier ou festoyer<\/a>.<\/p>\n<p>Un nouveau sondage (fran\u00e7ais) conclut qu\u2019en <a href=\"http:\/\/tempsreel.nouvelobs.com\/immobilier\/achat-vente\/20140225.OBS7631\/immobilier-66-des-hommes-sont-proprietaires-contre-59-des-femmes.html\" target=\"_blank\">immobilier, 66\u00a0% des propri\u00e9taires sont des hommes, comparativement \u00e0 59 % pour les femmes<\/a>.<\/p>\n<p>\u00c0 Londres, on demande <a href=\"http:\/\/www.tf1.fr\/auto-moto\/actualite\/insolite-une-place-de-parking-vendue-483-792-euros-a-londres-8370775.html\" target=\"_blank\">483 792 \u20ac pour une place de stationnement priv\u00e9 au Royal Albert Hall<\/a>.<\/p>\n<p>En Chine, <a href=\"http:\/\/french.cri.cn\/621\/2014\/02\/24\/602s370303.htm\" target=\"_blank\">davantage de villes enregistrent une baisse des prix de l\u2019immobilier<\/a>.<\/p>\n<p>&nbsp;<\/p>\n","protected":false},"excerpt":{"rendered":"<p>Les Saveurs de la semaine sont votre source hebdomadaire de nouvelles et de reportages sur l\u2019immobilier qui auraient pu vous \u00e9chapper. Notre \u00e9quipe des Saveurs de la semaine s\u2019acharne \u00e0 parcourir le Web, les groupes de nouvelles et les forums \u00e0 la recherche de reportages obscurs, bizarres, int\u00e9ressants et informatifs sur l\u2019immobilier ou des sujets &hellip; <a href=\"https:\/\/archive.cafe.crea.ca\/fr\/saveurs-de-la-semaine-le-28-fevrier-2014\/\" class=\"more-link\">Continue reading <span class=\"screen-reader-text\">Saveurs de la semaine : le 28 f\u00e9vrier 2014<\/span><\/a><\/p>\n","protected":false},"author":23,"featured_media":27464,"comment_status":"open","ping_status":"open","sticky":false,"template":"","format":"standard","meta":{"footnotes":""},"categories":[2372],"tags":[],"coauthors":[],"class_list":["post-31015","post","type-post","status-publish","format-standard","has-post-thumbnail","hentry","category-divers"],"aioseo_notices":[],"_links":{"self":[{"href":"https:\/\/archive.cafe.crea.ca\/fr\/wp-json\/wp\/v2\/posts\/31015"}],"collection":[{"href":"https:\/\/archive.cafe.crea.ca\/fr\/wp-json\/wp\/v2\/posts"}],"about":[{"href":"https:\/\/archive.cafe.crea.ca\/fr\/wp-json\/wp\/v2\/types\/post"}],"author":[{"embeddable":true,"href":"https:\/\/archive.cafe.crea.ca\/fr\/wp-json\/wp\/v2\/users\/23"}],"replies":[{"embeddable":true,"href":"https:\/\/archive.cafe.crea.ca\/fr\/wp-json\/wp\/v2\/comments?post=31015"}],"version-history":[{"count":0,"href":"https:\/\/archive.cafe.crea.ca\/fr\/wp-json\/wp\/v2\/posts\/31015\/revisions"}],"wp:featuredmedia":[{"embeddable":true,"href":"https:\/\/archive.cafe.crea.ca\/fr\/wp-json\/wp\/v2\/media\/27464"}],"wp:attachment":[{"href":"https:\/\/archive.cafe.crea.ca\/fr\/wp-json\/wp\/v2\/media?parent=31015"}],"wp:term":[{"taxonomy":"category","embeddable":true,"href":"https:\/\/archive.cafe.crea.ca\/fr\/wp-json\/wp\/v2\/categories?post=31015"},{"taxonomy":"post_tag","embeddable":true,"href":"https:\/\/archive.cafe.crea.ca\/fr\/wp-json\/wp\/v2\/tags?post=31015"},{"taxonomy":"author","embeddable":true,"href":"https:\/\/archive.cafe.crea.ca\/fr\/wp-json\/wp\/v2\/coauthors?post=31015"}],"curies":[{"name":"wp","href":"https:\/\/api.w.org\/{rel}","templated":true}]}}