{"id":31013,"date":"2014-03-07T18:58:53","date_gmt":"2014-03-07T23:58:53","guid":{"rendered":"https:\/\/archive.cafe.crea.ca\/saveurs-de-la-semaine-le-7-mars-2014\/"},"modified":"2014-03-07T18:58:53","modified_gmt":"2014-03-07T23:58:53","slug":"saveurs-de-la-semaine-le-7-mars-2014","status":"publish","type":"post","link":"https:\/\/archive.cafe.crea.ca\/fr\/saveurs-de-la-semaine-le-7-mars-2014\/","title":{"rendered":"Saveurs de la semaine : le 7 mars 2014"},"content":{"rendered":"<p><em>Les Saveurs de la semaine sont votre source hebdomadaire de nouvelles et de reportages sur l\u2019immobilier qui auraient pu vous \u00e9chapper.<\/em><em> Notre \u00e9quipe des Saveurs de la semaine s\u2019acharne \u00e0 parcourir le Web, les groupes de nouvelles et les forums \u00e0 la recherche de reportages obscurs, bizarres, int\u00e9ressants et informatifs sur l\u2019immobilier ou des sujets connexes. Si vous d\u00e9sirez en contribuer un, veuillez l\u2019afficher \u00e0 notre section r\u00e9serv\u00e9e aux commentaires ou gazouiller sur le reportage en utilisant le mot-clic <strong>#Saveursdelasemaine<\/strong>. Faites-vous couler une bonne tasse de caf\u00e9 frais, savourez ces reportages\u2026 et faites-en peut-\u00eatre m\u00eame part \u00e0 vos amis et coll\u00e8gues. Bonne lecture!<\/em><\/p>\n<p><em>Voici mes choix de la semaine\u00a0:<\/em><\/p>\n<p>Une \u00e9tude de BMO signale que les <a href=\"http:\/\/affaires.lapresse.ca\/economie\/immobilier\/201403\/05\/01-4744928-les-canadiens-prets-a-surencherir-pour-obtenir-une-propriete.php?utm_categorieinterne=trafficdrivers&amp;utm_contenuinterne=lapresseaffaires_LA5_nouvelles_98718_accueil_POS13\" target=\"_blank\">Canadiens sont pr\u00eats \u00e0 surench\u00e9rir pour obtenir une propri\u00e9t\u00e9<\/a>.<\/p>\n<p>\u00c0 Montr\u00e9al, des <a href=\"http:\/\/tinyurl.com\/ljq744b\" target=\"_blank\">propri\u00e9taires de condos<\/a> se sont fait avoir.<\/p>\n<p>Songez aux <a href=\"http:\/\/tinyurl.com\/lsso27e\" target=\"_blank\">subventions avant d\u2019entreprendre un projet de r\u00e9novation<\/a>.<\/p>\n<p>M\u00e9tro Montr\u00e9al songe au <a href=\"http:\/\/www.google.ca\/url?sa=t&amp;rct=j&amp;q=&amp;esrc=s&amp;frm=1&amp;source=newssearch&amp;cd=6&amp;cad=rja&amp;uact=8&amp;ved=0CD0QqQIoADAF&amp;url=http%3A%2F%2Fjournalmetro.com%2Fplus%2Fimmobilier%2F458132%2Fquel-sera-le-sort-pour-limmobilier-en-2014%2F&amp;ei=idUYU7KKHs_wqgHq5IHgCA&amp;usg=AFQjCNHzTSjzGb9yzwSUkWmDWZWwZWne-Q&amp;bvm=bv.62577051,d.aWM\" target=\"_blank\">sort de l\u2019immobilier en 2014<\/a>.<\/p>\n<p>La <a href=\"http:\/\/tinyurl.com\/mz2nbd3\" target=\"_blank\">SCHL augmentera les primes d\u2019assurance hypoth\u00e9caire<\/a>.<\/p>\n<p>De l\u2019autre c\u00f4t\u00e9 de l\u2019Atlantique, <a href=\"http:\/\/www.google.ca\/url?sa=t&amp;rct=j&amp;q=&amp;esrc=s&amp;frm=1&amp;source=newssearch&amp;cd=10&amp;cad=rja&amp;ved=0CFcQqQIoADAJ&amp;url=http%3A%2F%2Fwww.capital.fr%2Fimmobilier%2Factualites%2Fles-prix-de-l-immobilier-de-luxe-s-emballent-un-peu-partout-sur-la-planete-sauf-a-paris-915660&amp;ei=kHYXU7LmE5SfqAGst4GQDw&amp;usg=AFQjCNGx0iBRiwOYOIk4lo5W-teXubAOlA&amp;bvm=bv.62286460,d.aWM\" target=\"_blank\">les prix de l\u2019immobilier de luxe s\u2019emballent<\/a>, l\u2019Express souligne que <a href=\"http:\/\/www.google.ca\/url?sa=t&amp;rct=j&amp;q=&amp;esrc=s&amp;frm=1&amp;source=newssearch&amp;cd=6&amp;cad=rja&amp;ved=0CD8QqQIoADAF&amp;url=http%3A%2F%2Fwww.lexpress.fr%2Factualite%2Fimmobilier%2Fimmobilier-les-acheteurs-sont-de-retour_1497261.html&amp;ei=kHYXU7LmE5SfqAGst4GQDw&amp;usg=AFQjCNFsq2jhFsU8_-dgKw48DbsQxW4jmQ&amp;bvm=bv.62286460,d.aWM\" target=\"_blank\">les acheteurs sont de retour<\/a>, et <a href=\"http:\/\/www.google.ca\/url?sa=t&amp;rct=j&amp;q=&amp;esrc=s&amp;frm=1&amp;source=newssearch&amp;cd=21&amp;cad=rja&amp;ved=0CCYQqQIoADAAOBQ&amp;url=http%3A%2F%2Fwww.lemonde.fr%2Fimmobilier%2Farticle%2F2014%2F02%2F28%2Fa-paris-20-ans-de-flambee-immobiliere_4375370_1306281.html&amp;ei=XHcXU--FK4e8rQGY74HQDg&amp;usg=AFQjCNFpRgicm_vTDUDgO4iNm2Or4Zeh-Q&amp;bvm=bv.62286460,d.aWM\" target=\"_blank\">\u00e0 Paris, 20 ans de flamb\u00e9e immobili\u00e8re<\/a>.<\/p>\n<p>Le Monde pr\u00e9sente une <a href=\"http:\/\/www.lemonde.fr\/economie\/article\/2014\/03\/03\/investir-dans-l-immobilier-autrement_4376045_3234.html\" target=\"_blank\">nouvelle tendance pour acqu\u00e9rir des biens immobiliers\u00a0:\u00a0le SCPI<\/a>.<\/p>\n<p>En Suisse, on croit que c\u2019est <a href=\"http:\/\/www.google.ca\/url?sa=t&amp;rct=j&amp;q=&amp;esrc=s&amp;frm=1&amp;source=newssearch&amp;cd=9&amp;cad=rja&amp;ved=0CFAQqQIoADAI&amp;url=http%3A%2F%2Fwww.bilan.ch%2Feconomie%2Fvers-une-baisse-des-prix-de-limmobilier-suisse&amp;ei=kHYXU7LmE5SfqAGst4GQDw&amp;usg=AFQjCNGP2QN6S9kOuOt4aZwOPvDeuWdxuQ&amp;bvm=bv.62286460,d.aWM\" target=\"_blank\">le d\u00e9but d\u2019une baisse de prix<\/a>.<\/p>\n<p>&nbsp;<\/p>\n","protected":false},"excerpt":{"rendered":"<p>Les Saveurs de la semaine sont votre source hebdomadaire de nouvelles et de reportages sur l\u2019immobilier qui auraient pu vous \u00e9chapper. Notre \u00e9quipe des Saveurs de la semaine s\u2019acharne \u00e0 parcourir le Web, les groupes de nouvelles et les forums \u00e0 la recherche de reportages obscurs, bizarres, int\u00e9ressants et informatifs sur l\u2019immobilier ou des sujets &hellip; <a href=\"https:\/\/archive.cafe.crea.ca\/fr\/saveurs-de-la-semaine-le-7-mars-2014\/\" class=\"more-link\">Continue reading <span class=\"screen-reader-text\">Saveurs de la semaine : le 7 mars 2014<\/span><\/a><\/p>\n","protected":false},"author":23,"featured_media":27464,"comment_status":"open","ping_status":"open","sticky":false,"template":"","format":"standard","meta":{"footnotes":""},"categories":[2372],"tags":[],"coauthors":[],"class_list":["post-31013","post","type-post","status-publish","format-standard","has-post-thumbnail","hentry","category-divers"],"aioseo_notices":[],"_links":{"self":[{"href":"https:\/\/archive.cafe.crea.ca\/fr\/wp-json\/wp\/v2\/posts\/31013"}],"collection":[{"href":"https:\/\/archive.cafe.crea.ca\/fr\/wp-json\/wp\/v2\/posts"}],"about":[{"href":"https:\/\/archive.cafe.crea.ca\/fr\/wp-json\/wp\/v2\/types\/post"}],"author":[{"embeddable":true,"href":"https:\/\/archive.cafe.crea.ca\/fr\/wp-json\/wp\/v2\/users\/23"}],"replies":[{"embeddable":true,"href":"https:\/\/archive.cafe.crea.ca\/fr\/wp-json\/wp\/v2\/comments?post=31013"}],"version-history":[{"count":0,"href":"https:\/\/archive.cafe.crea.ca\/fr\/wp-json\/wp\/v2\/posts\/31013\/revisions"}],"wp:featuredmedia":[{"embeddable":true,"href":"https:\/\/archive.cafe.crea.ca\/fr\/wp-json\/wp\/v2\/media\/27464"}],"wp:attachment":[{"href":"https:\/\/archive.cafe.crea.ca\/fr\/wp-json\/wp\/v2\/media?parent=31013"}],"wp:term":[{"taxonomy":"category","embeddable":true,"href":"https:\/\/archive.cafe.crea.ca\/fr\/wp-json\/wp\/v2\/categories?post=31013"},{"taxonomy":"post_tag","embeddable":true,"href":"https:\/\/archive.cafe.crea.ca\/fr\/wp-json\/wp\/v2\/tags?post=31013"},{"taxonomy":"author","embeddable":true,"href":"https:\/\/archive.cafe.crea.ca\/fr\/wp-json\/wp\/v2\/coauthors?post=31013"}],"curies":[{"name":"wp","href":"https:\/\/api.w.org\/{rel}","templated":true}]}}