{"id":31011,"date":"2014-03-14T17:38:00","date_gmt":"2014-03-14T21:38:00","guid":{"rendered":"https:\/\/archive.cafe.crea.ca\/saveurs-de-la-semaine-le-14-mars-2014\/"},"modified":"2014-03-14T17:38:00","modified_gmt":"2014-03-14T21:38:00","slug":"saveurs-de-la-semaine-le-14-mars-2014","status":"publish","type":"post","link":"https:\/\/archive.cafe.crea.ca\/fr\/saveurs-de-la-semaine-le-14-mars-2014\/","title":{"rendered":"Saveurs de la semaine : le 14 mars 2014"},"content":{"rendered":"<p><em>Les Saveurs de la semaine sont votre source hebdomadaire de nouvelles et de reportages sur l\u2019immobilier qui auraient pu vous \u00e9chapper.<\/em><em> Notre \u00e9quipe des Saveurs de la semaine s\u2019acharne \u00e0 parcourir le Web, les groupes de nouvelles et les forums \u00e0 la recherche de reportages obscurs, bizarres, int\u00e9ressants et informatifs sur l\u2019immobilier ou des sujets connexes. Si vous d\u00e9sirez en contribuer un, veuillez l\u2019afficher \u00e0 notre section r\u00e9serv\u00e9e aux commentaires ou gazouiller sur le reportage en utilisant le mot-clic <strong>#Saveursdelasemaine<\/strong>. Faites-vous couler une bonne tasse de caf\u00e9 frais, savourez ces reportages\u2026 et faites-en peut-\u00eatre m\u00eame part \u00e0 vos amis et coll\u00e8gues. Bonne lecture!<\/em><\/p>\n<p><em>Voici mes choix de la semaine\u00a0:<\/em><\/p>\n<p>La Presse publie deux reportages sur un nouveau ph\u00e9nom\u00e8ne au Qu\u00e9bec \u2013 <a href=\"http:\/\/tinyurl.com\/pbf4cdc\" target=\"_blank\">le premier pr\u00e9sente le concept<\/a> et <a href=\"http:\/\/tinyurl.com\/lvzkmft\" target=\"_blank\">le deuxi\u00e8me pr\u00e9sente des propri\u00e9taires<\/a>.<\/p>\n<p>Une \u00e9tude conclut qu\u2019<a href=\"http:\/\/tinyurl.com\/l35k3nh\" target=\"_blank\">Ottawa nuit au march\u00e9 immobilier<\/a>.<\/p>\n<p>La <a href=\"http:\/\/www.lavieimmo.com\/insolite\/quand-la-legalisation-du-cannabis-dope-l-immobilier-25416.html\" target=\"_blank\">l\u00e9galisation de la marijuana au Colorado a des r\u00e9percussions sur les prix de l\u2019immobilier<\/a>.<\/p>\n<p>AFP discute d\u2019<a href=\"http:\/\/www.courrier-picard.fr\/france-monde\/boom-immobilier-au-bresil-une-bulle-pourrait-bientot-eclater-ia781b0n330247\" target=\"_blank\">un boom immobilier au Br\u00e9sil<\/a>.<\/p>\n<p>Atlantico propose <a href=\"http:\/\/www.atlantico.fr\/decryptage\/immobilier-toutes-questions-se-poser-absolument-avant-acheter-pour-premiere-fois-1006236.html\" target=\"_blank\">toutes les questions \u00e0 se poser avant d\u2019acheter pour la premi\u00e8re fois<\/a>.<\/p>\n<p>Mathias Th\u00e9pot de La Tribune publie un reportage sur <a href=\"http:\/\/www.latribune.fr\/vos-finances\/immobilier\/20140313trib000819763\/les-agents-immobiliers-en-quete-de-sens-economique.html\" target=\"_blank\">la qu\u00eate de sens des agents immobiliers en France<\/a>.<\/p>\n<p>La Tribune tente aussi de r\u00e9pondre \u00e0 la question <a href=\"http:\/\/www.latribune.fr\/vos-finances\/immobilier\/20140311trib000819354\/pourquoi-l-immobilier-parisien-connait-une-evolution-singuliere-depuis-1980.html\" target=\"_blank\">pourquoi l\u2019immobilier parisien conna\u00eet une \u00e9volution singuli\u00e8re depuis 1980<\/a>.<\/p>\n<p>En <a href=\"http:\/\/tempsreel.nouvelobs.com\/immobilier\/monde\/20140310.OBS9120\/espagne-la-baisse-des-prix-de-l-immobilier-se-poursuit.html\" target=\"_blank\">Espagne, la baisse des prix se poursuit<\/a>.<\/p>\n<p>Du c\u00f4t\u00e9 commercial, on dit que <a href=\"http:\/\/www.bfmtv.com\/economie\/immobilier-bureaux-londres-n-1-villes-plus-cheres-730598.html\" target=\"_blank\">les bureaux de Londres sont les plus chers au monde<\/a> et que <a href=\"http:\/\/www.lefigaro.fr\/immobilier\/2014\/03\/11\/05002-20140311ARTFIG00321-immobilier-d-entreprise-paris-attire-les-investisseurs-etrangers.php\" target=\"_blank\">Paris attire les investisseurs \u00e9trangers<\/a>.<\/p>\n<p>&nbsp;<\/p>\n","protected":false},"excerpt":{"rendered":"<p>Les Saveurs de la semaine sont votre source hebdomadaire de nouvelles et de reportages sur l\u2019immobilier qui auraient pu vous \u00e9chapper. Notre \u00e9quipe des Saveurs de la semaine s\u2019acharne \u00e0 parcourir le Web, les groupes de nouvelles et les forums \u00e0 la recherche de reportages obscurs, bizarres, int\u00e9ressants et informatifs sur l\u2019immobilier ou des sujets &hellip; <a href=\"https:\/\/archive.cafe.crea.ca\/fr\/saveurs-de-la-semaine-le-14-mars-2014\/\" class=\"more-link\">Continue reading <span class=\"screen-reader-text\">Saveurs de la semaine : le 14 mars 2014<\/span><\/a><\/p>\n","protected":false},"author":23,"featured_media":27464,"comment_status":"open","ping_status":"open","sticky":false,"template":"","format":"standard","meta":{"footnotes":""},"categories":[2372],"tags":[],"coauthors":[],"class_list":["post-31011","post","type-post","status-publish","format-standard","has-post-thumbnail","hentry","category-divers"],"aioseo_notices":[],"_links":{"self":[{"href":"https:\/\/archive.cafe.crea.ca\/fr\/wp-json\/wp\/v2\/posts\/31011"}],"collection":[{"href":"https:\/\/archive.cafe.crea.ca\/fr\/wp-json\/wp\/v2\/posts"}],"about":[{"href":"https:\/\/archive.cafe.crea.ca\/fr\/wp-json\/wp\/v2\/types\/post"}],"author":[{"embeddable":true,"href":"https:\/\/archive.cafe.crea.ca\/fr\/wp-json\/wp\/v2\/users\/23"}],"replies":[{"embeddable":true,"href":"https:\/\/archive.cafe.crea.ca\/fr\/wp-json\/wp\/v2\/comments?post=31011"}],"version-history":[{"count":0,"href":"https:\/\/archive.cafe.crea.ca\/fr\/wp-json\/wp\/v2\/posts\/31011\/revisions"}],"wp:featuredmedia":[{"embeddable":true,"href":"https:\/\/archive.cafe.crea.ca\/fr\/wp-json\/wp\/v2\/media\/27464"}],"wp:attachment":[{"href":"https:\/\/archive.cafe.crea.ca\/fr\/wp-json\/wp\/v2\/media?parent=31011"}],"wp:term":[{"taxonomy":"category","embeddable":true,"href":"https:\/\/archive.cafe.crea.ca\/fr\/wp-json\/wp\/v2\/categories?post=31011"},{"taxonomy":"post_tag","embeddable":true,"href":"https:\/\/archive.cafe.crea.ca\/fr\/wp-json\/wp\/v2\/tags?post=31011"},{"taxonomy":"author","embeddable":true,"href":"https:\/\/archive.cafe.crea.ca\/fr\/wp-json\/wp\/v2\/coauthors?post=31011"}],"curies":[{"name":"wp","href":"https:\/\/api.w.org\/{rel}","templated":true}]}}