{"id":31009,"date":"2014-03-21T17:37:59","date_gmt":"2014-03-21T21:37:59","guid":{"rendered":"https:\/\/archive.cafe.crea.ca\/saveurs-de-la-semaine-le-21-mars-2014\/"},"modified":"2014-03-21T17:37:59","modified_gmt":"2014-03-21T21:37:59","slug":"saveurs-de-la-semaine-le-21-mars-2014","status":"publish","type":"post","link":"https:\/\/archive.cafe.crea.ca\/fr\/saveurs-de-la-semaine-le-21-mars-2014\/","title":{"rendered":"Saveurs de la semaine : le 21 mars 2014"},"content":{"rendered":"<p><em>Les Saveurs de la semaine sont votre source hebdomadaire de nouvelles et de reportages sur l\u2019immobilier qui auraient pu vous \u00e9chapper.<\/em><em> Notre \u00e9quipe des Saveurs de la semaine s\u2019acharne \u00e0 parcourir le Web, les groupes de nouvelles et les forums \u00e0 la recherche de reportages obscurs, bizarres, int\u00e9ressants et informatifs sur l\u2019immobilier ou des sujets connexes. Si vous d\u00e9sirez en contribuer un, veuillez l\u2019afficher \u00e0 notre section r\u00e9serv\u00e9e aux commentaires ou gazouiller sur le reportage en utilisant le mot-clic <strong>#Saveursdelasemaine<\/strong>. Faites-vous couler une bonne tasse de caf\u00e9 frais, savourez ces reportages\u2026 et faites-en peut-\u00eatre m\u00eame part \u00e0 vos amis et coll\u00e8gues. Bonne lecture!<\/em><\/p>\n<p><em>Voici mes choix de la semaine\u00a0:<\/em><\/p>\n<p>La Presse discute de <a href=\"http:\/\/tinyurl.com\/o9hgw6k\" target=\"_blank\">r\u00e9novation verte<\/a>.<\/p>\n<p>Le Soleil propose <a href=\"http:\/\/tinyurl.com\/lt4e7d4\" target=\"_blank\">10 avanc\u00e9es en plomberie<\/a>.<\/p>\n<p>Bernard Mooney du magazine Les Affaires <a href=\"http:\/\/tinyurl.com\/q9a8kmt\" target=\"_blank\">croit que l\u2019immobilier canadien est toujours sur\u00e9valu\u00e9<\/a>.<\/p>\n<p>G\u00e9rard B\u00e9rub\u00e9 du Devoir <a href=\"http:\/\/www.ledevoir.com\/economie\/finances-personnelles\/402683\/vosfinances-la-bulle-immobiliere-a-qui-la-faute\" target=\"_blank\">tente de trouver le responsable de la bulle immobili\u00e8re<\/a>.<\/p>\n<p>Finance et Investissement rapporte les r\u00e9sultats d\u2019un <a href=\"http:\/\/www.finance-investissement.com\/nouvelles\/economie-marches\/immobilier-les-premiers-acheteurs-prets-a-en-mettre-plus-sur-la-table\/a\/55519\" target=\"_blank\">sondage de BMO, qui r\u00e9v\u00e8le que les premiers acheteurs sont pr\u00eats \u00e0 en mettre plus sur la table<\/a>.<\/p>\n<p>Avertissement \u00e0 ceux qui louent leurs biens immobiliers sur le net \u2013 on peut avoir des <a href=\"http:\/\/www.sudinfo.be\/961966\/article\/fun\/insolite\/2014-03-17\/il-loue-son-appartement-a-un-homme-venu-assister-a-un-mariage-il-decouvre-que-so\" target=\"_blank\">locataires\u2026 originaux<\/a>!<\/p>\n<p>Eric Treguier tente de trouver <a href=\"http:\/\/www.challenges.fr\/actu-immo\/20140313.CHA1562\/immobilier-pourquoi-la-france-evite-toujours-le-krach.html\" target=\"_blank\">comment l\u2019immobilier fran\u00e7ais a \u00e9vit\u00e9 le krach<\/a>, comparativement \u00e0 d\u2019autres pays en Europe.<\/p>\n<p>La Tribune publie un reportage sur le <a href=\"http:\/\/www.google.ca\/url?sa=t&amp;rct=j&amp;q=&amp;esrc=s&amp;frm=1&amp;source=newssearch&amp;cd=3&amp;cad=rja&amp;uact=8&amp;ved=0CC8QqQIoADAC&amp;url=http%3A%2F%2Fwww.latribune.fr%2Fvos-finances%2Fimmobilier%2F20140320trib000821065%2Fimmobilier-les-frais-d-agence-vont-etre-encadres.html&amp;ei=mCkrU5HQG5HOqAG9iIGgCg&amp;usg=AFQjCNEeTF-JOtnwmfSF4vz64LU0M9pblw&amp;bvm=bv.62922401,d.aWM\" target=\"_blank\">projet de loi qui encadrera les frais d\u2019agence<\/a>.<\/p>\n<p>Un <a href=\"http:\/\/www.challenges.fr\/economie\/20140319.CHA1700\/immobilier-l-etat-va-t-il-vraiment-s-attaquer-a-la-remuneration-des-notaires.html\" target=\"_blank\">article du journal Challenges<\/a> discute d\u2019un projet de loi qui veut encadrer les frais des notaires.<\/p>\n<p>&nbsp;<\/p>\n","protected":false},"excerpt":{"rendered":"<p>Les Saveurs de la semaine sont votre source hebdomadaire de nouvelles et de reportages sur l\u2019immobilier qui auraient pu vous \u00e9chapper. Notre \u00e9quipe des Saveurs de la semaine s\u2019acharne \u00e0 parcourir le Web, les groupes de nouvelles et les forums \u00e0 la recherche de reportages obscurs, bizarres, int\u00e9ressants et informatifs sur l\u2019immobilier ou des sujets &hellip; <a href=\"https:\/\/archive.cafe.crea.ca\/fr\/saveurs-de-la-semaine-le-21-mars-2014\/\" class=\"more-link\">Continue reading <span class=\"screen-reader-text\">Saveurs de la semaine : le 21 mars 2014<\/span><\/a><\/p>\n","protected":false},"author":23,"featured_media":27464,"comment_status":"open","ping_status":"open","sticky":false,"template":"","format":"standard","meta":{"footnotes":""},"categories":[2372],"tags":[],"coauthors":[],"class_list":["post-31009","post","type-post","status-publish","format-standard","has-post-thumbnail","hentry","category-divers"],"aioseo_notices":[],"_links":{"self":[{"href":"https:\/\/archive.cafe.crea.ca\/fr\/wp-json\/wp\/v2\/posts\/31009"}],"collection":[{"href":"https:\/\/archive.cafe.crea.ca\/fr\/wp-json\/wp\/v2\/posts"}],"about":[{"href":"https:\/\/archive.cafe.crea.ca\/fr\/wp-json\/wp\/v2\/types\/post"}],"author":[{"embeddable":true,"href":"https:\/\/archive.cafe.crea.ca\/fr\/wp-json\/wp\/v2\/users\/23"}],"replies":[{"embeddable":true,"href":"https:\/\/archive.cafe.crea.ca\/fr\/wp-json\/wp\/v2\/comments?post=31009"}],"version-history":[{"count":0,"href":"https:\/\/archive.cafe.crea.ca\/fr\/wp-json\/wp\/v2\/posts\/31009\/revisions"}],"wp:featuredmedia":[{"embeddable":true,"href":"https:\/\/archive.cafe.crea.ca\/fr\/wp-json\/wp\/v2\/media\/27464"}],"wp:attachment":[{"href":"https:\/\/archive.cafe.crea.ca\/fr\/wp-json\/wp\/v2\/media?parent=31009"}],"wp:term":[{"taxonomy":"category","embeddable":true,"href":"https:\/\/archive.cafe.crea.ca\/fr\/wp-json\/wp\/v2\/categories?post=31009"},{"taxonomy":"post_tag","embeddable":true,"href":"https:\/\/archive.cafe.crea.ca\/fr\/wp-json\/wp\/v2\/tags?post=31009"},{"taxonomy":"author","embeddable":true,"href":"https:\/\/archive.cafe.crea.ca\/fr\/wp-json\/wp\/v2\/coauthors?post=31009"}],"curies":[{"name":"wp","href":"https:\/\/api.w.org\/{rel}","templated":true}]}}