{"id":31007,"date":"2014-03-28T18:02:32","date_gmt":"2014-03-28T22:02:32","guid":{"rendered":"https:\/\/archive.cafe.crea.ca\/saveurs-de-la-semaine-le-28-mars-2014\/"},"modified":"2014-03-28T18:02:32","modified_gmt":"2014-03-28T22:02:32","slug":"saveurs-de-la-semaine-le-28-mars-2014","status":"publish","type":"post","link":"https:\/\/archive.cafe.crea.ca\/fr\/saveurs-de-la-semaine-le-28-mars-2014\/","title":{"rendered":"Saveurs de la semaine : le 28 mars 2014"},"content":{"rendered":"<p><em>Les Saveurs de la semaine sont votre source hebdomadaire de nouvelles et de reportages sur l\u2019immobilier qui auraient pu vous \u00e9chapper.<\/em><em> Notre \u00e9quipe des Saveurs de la semaine s\u2019acharne \u00e0 parcourir le Web, les groupes de nouvelles et les forums \u00e0 la recherche de reportages obscurs, bizarres, int\u00e9ressants et informatifs sur l\u2019immobilier ou des sujets connexes. Si vous d\u00e9sirez en contribuer un, veuillez l\u2019afficher \u00e0 notre section r\u00e9serv\u00e9e aux commentaires ou gazouiller sur le reportage en utilisant le mot-clic <strong>#Saveursdelasemaine<\/strong>. Faites-vous couler une bonne tasse de caf\u00e9 frais, savourez ces reportages\u2026 et faites-en peut-\u00eatre m\u00eame part \u00e0 vos amis et coll\u00e8gues. Bonne lecture!<\/em><\/p>\n<p><em>Voici mes choix de la semaine\u00a0:<\/em><\/p>\n<p>Apr\u00e8s 79 ans d\u2019existence, <a href=\"http:\/\/gatineau.rougefm.ca\/info-rougefm\/blogentry.aspx?BlogEntryID=10660577\" target=\"_blank\">le jeu de soci\u00e9t\u00e9 Monopoly met \u00e0 jour ses r\u00e8glements<\/a> avec l\u2019aide des joueurs!<\/p>\n<p>Yahoo propose <a href=\"http:\/\/tinyurl.com\/mfzdctf\" target=\"_blank\">10 trucs pour faire face \u00e0 une guerre de prix<\/a>.<\/p>\n<p>Qu\u00e9bec Hebdo estime que le <a href=\"http:\/\/www.quebechebdo.com\/Actualites\/Immobilier\/2014-03-23\/article-3657238\/Le-resserrement-hypothecaire-a-nui-au-marche-immobilier\/1\" target=\"_blank\">resserrement hypoth\u00e9caire a nui au march\u00e9 immobilier au Qu\u00e9bec<\/a>.<\/p>\n<p>Le <a href=\"http:\/\/tinyurl.com\/lbaoh8y\" target=\"_blank\">groupe Desjardins chouchoute les maisons vertes<\/a>.<\/p>\n<p>La Presse souligne que <a href=\"http:\/\/tinyurl.com\/kpwmbex\" target=\"_blank\">l\u2019exode vers le 450 ralentit<\/a>.<\/p>\n<p>\u00c0 Qu\u00e9bec, on <a href=\"http:\/\/tinyurl.com\/n3h5mmw\" target=\"_blank\">r\u00eave d\u2019un tunnel entre la vieille capitale et L\u00e9vis<\/a>.<\/p>\n<p>Finance et Investissement pr\u00e9sente une nouvelle tendance au Qu\u00e9bec \u2013 <a href=\"http:\/\/www.finance-investissement.com\/nouvelles\/economie-marches\/immobilier-acheter-en-famille-ou-entre-amis\/a\/55554\" target=\"_blank\">acheter en famille ou entre amis<\/a>.<\/p>\n<p>Challenges propose un reportage discutant de l\u2019\u00e9tat g\u00e9n\u00e9ral du <a href=\"http:\/\/www.challenges.fr\/economie\/20140325.CHA1941\/pourquoi-marche-immobilier-est-encore-plus-grippe-qu-on-ne-le-pense.html\" target=\"_blank\">march\u00e9 immobilier fran\u00e7ais depuis le krach<\/a>.<\/p>\n<p>Le Figaro \u00e9value les <a href=\"http:\/\/www.lefigaro.fr\/immobilier\/2014\/03\/26\/05002-20140326ARTFIG00004-de-nouvelles-possibilites-pour-investir-dans-l-immobilier-d-entreprise.php\" target=\"_blank\">nouvelles possibilit\u00e9s pour investir dans l\u2019immobilier d\u2019entreprise<\/a>.<\/p>\n<p>EuroNews rapporte que <a href=\"http:\/\/fr.euronews.com\/2014\/03\/25\/le-developpement-des-villes-intelligentes-favorise-la-croissance\/\" target=\"_blank\">le d\u00e9veloppement des villes \u00ab\u00a0intelligentes\u00a0\u00bb favorise la croissance \u00e9conomique<\/a> \u2013 et la ville de Montr\u00e9al approuve <a href=\"http:\/\/tinyurl.com\/kqjc9zk\" target=\"_blank\">la cr\u00e9ation de son Bureau de la ville intelligente<\/a>.<\/p>\n<p>&nbsp;<\/p>\n","protected":false},"excerpt":{"rendered":"<p>Les Saveurs de la semaine sont votre source hebdomadaire de nouvelles et de reportages sur l\u2019immobilier qui auraient pu vous \u00e9chapper. Notre \u00e9quipe des Saveurs de la semaine s\u2019acharne \u00e0 parcourir le Web, les groupes de nouvelles et les forums \u00e0 la recherche de reportages obscurs, bizarres, int\u00e9ressants et informatifs sur l\u2019immobilier ou des sujets &hellip; <a href=\"https:\/\/archive.cafe.crea.ca\/fr\/saveurs-de-la-semaine-le-28-mars-2014\/\" class=\"more-link\">Continue reading <span class=\"screen-reader-text\">Saveurs de la semaine : le 28 mars 2014<\/span><\/a><\/p>\n","protected":false},"author":23,"featured_media":27464,"comment_status":"open","ping_status":"open","sticky":false,"template":"","format":"standard","meta":{"footnotes":""},"categories":[2372],"tags":[],"coauthors":[],"class_list":["post-31007","post","type-post","status-publish","format-standard","has-post-thumbnail","hentry","category-divers"],"aioseo_notices":[],"_links":{"self":[{"href":"https:\/\/archive.cafe.crea.ca\/fr\/wp-json\/wp\/v2\/posts\/31007"}],"collection":[{"href":"https:\/\/archive.cafe.crea.ca\/fr\/wp-json\/wp\/v2\/posts"}],"about":[{"href":"https:\/\/archive.cafe.crea.ca\/fr\/wp-json\/wp\/v2\/types\/post"}],"author":[{"embeddable":true,"href":"https:\/\/archive.cafe.crea.ca\/fr\/wp-json\/wp\/v2\/users\/23"}],"replies":[{"embeddable":true,"href":"https:\/\/archive.cafe.crea.ca\/fr\/wp-json\/wp\/v2\/comments?post=31007"}],"version-history":[{"count":0,"href":"https:\/\/archive.cafe.crea.ca\/fr\/wp-json\/wp\/v2\/posts\/31007\/revisions"}],"wp:featuredmedia":[{"embeddable":true,"href":"https:\/\/archive.cafe.crea.ca\/fr\/wp-json\/wp\/v2\/media\/27464"}],"wp:attachment":[{"href":"https:\/\/archive.cafe.crea.ca\/fr\/wp-json\/wp\/v2\/media?parent=31007"}],"wp:term":[{"taxonomy":"category","embeddable":true,"href":"https:\/\/archive.cafe.crea.ca\/fr\/wp-json\/wp\/v2\/categories?post=31007"},{"taxonomy":"post_tag","embeddable":true,"href":"https:\/\/archive.cafe.crea.ca\/fr\/wp-json\/wp\/v2\/tags?post=31007"},{"taxonomy":"author","embeddable":true,"href":"https:\/\/archive.cafe.crea.ca\/fr\/wp-json\/wp\/v2\/coauthors?post=31007"}],"curies":[{"name":"wp","href":"https:\/\/api.w.org\/{rel}","templated":true}]}}