{"id":31005,"date":"2014-04-04T18:41:42","date_gmt":"2014-04-04T22:41:42","guid":{"rendered":"https:\/\/archive.cafe.crea.ca\/saveurs-de-la-semaine-le-4-avril-2014\/"},"modified":"2014-04-04T18:41:42","modified_gmt":"2014-04-04T22:41:42","slug":"saveurs-de-la-semaine-le-4-avril-2014","status":"publish","type":"post","link":"https:\/\/archive.cafe.crea.ca\/fr\/saveurs-de-la-semaine-le-4-avril-2014\/","title":{"rendered":"Saveurs de la semaine : le 4 avril 2014"},"content":{"rendered":"<p><em>Les Saveurs de la semaine sont votre source hebdomadaire de nouvelles et de reportages sur l\u2019immobilier qui auraient pu vous \u00e9chapper.<\/em><em> Notre \u00e9quipe des Saveurs de la semaine s\u2019acharne \u00e0 parcourir le Web, les groupes de nouvelles et les forums \u00e0 la recherche de reportages obscurs, bizarres, int\u00e9ressants et informatifs sur l\u2019immobilier ou des sujets connexes. Si vous d\u00e9sirez en contribuer un, veuillez l\u2019afficher \u00e0 notre section r\u00e9serv\u00e9e aux commentaires ou gazouiller sur le reportage en utilisant le mot-clic <strong>#Saveursdelasemaine<\/strong>. Faites-vous couler une bonne tasse de caf\u00e9 frais, savourez ces reportages\u2026 et faites-en peut-\u00eatre m\u00eame part \u00e0 vos amis et coll\u00e8gues. Bonne lecture!<\/em><\/p>\n<p><em>Voici mes choix de la semaine\u00a0:<\/em><\/p>\n<p>Des conseils pour <a href=\"http:\/\/tinyurl.com\/nynm6po\" target=\"_blank\">prot\u00e9ger votre fr\u00eane de l\u2019agrile du fr\u00eane<\/a>.<\/p>\n<p>Les courtiers ont h\u00e2te \u00e0 la <a href=\"http:\/\/tinyurl.com\/lew9zuw\" target=\"_blank\">fin de cette campagne \u00e9lectorale<\/a>.<\/p>\n<p>La Presse demande si <a href=\"http:\/\/affaires.lapresse.ca\/economie\/immobilier\/201404\/01\/01-4753429-le-temps-des-plex-est-il-revolu.php\" target=\"_blank\">le temps des \u00ab\u00a0plex\u00a0\u00bb est r\u00e9volu<\/a>.<\/p>\n<p>Un \u00e9conomiste de la <a href=\"http:\/\/tinyurl.com\/k5sc22n\" target=\"_blank\">CIBC d\u00e9crie le manque d\u2019information sur le march\u00e9 immobilier canadien<\/a>.<\/p>\n<p>Les <a href=\"http:\/\/tinyurl.com\/kvp2kdd\" target=\"_blank\">compteurs intelligents ne sont pas dangereux<\/a>, conclut un rapport.<\/p>\n<p>\u00c0 Los Angeles, <a href=\"http:\/\/patrimoine.lesechos.fr\/patrimoine\/immobilier\/actu\/0203417787612-immobilier-vente-record-de-plus-de-100-millions-de-dollars-a-los-angeles-661808.php\" target=\"_blank\">vente record de plus de 100 M$<\/a>!<\/p>\n<p>Les prix de l\u2019immobilier \u00e0 <a href=\"http:\/\/lci.tf1.fr\/insolite\/central-park-dit-goodbye-a-ses-caleches-8391744.html\" target=\"_blank\">New York entra\u00eeneront la fin des cal\u00e8ches de Central Park<\/a>.<\/p>\n<p>L\u2019Express propose des conseils pour <a href=\"http:\/\/www.lexpress.fr\/styles\/enfant\/comment-gerer-un-demenagement-quand-on-a-des-enfants_1503791.html\" target=\"_blank\">g\u00e9rer un d\u00e9m\u00e9nagement quand on a des enfants<\/a>.<\/p>\n<p>Le Nouvel Observateur publie les r\u00e9sultats d\u2019une \u00e9tude qui conclut que <a href=\"http:\/\/tempsreel.nouvelobs.com\/immobilier\/achat-vente\/20140331.OBS1966\/achat-immobilier-toujours-plus-loin-toujours-plus-petit.html\" target=\"_blank\">les Fran\u00e7ais ach\u00e8tent un logement plus petit et plus loin que dans leurs r\u00eaves<\/a>.<\/p>\n<p>Le Monde discute comment <a href=\"http:\/\/www.lemonde.fr\/immobilier\/article\/2014\/03\/29\/immobilier-ces-voisins-qui-coutent-cher_4391924_1306281.html\" target=\"_blank\">les acheteurs profitent d\u2019un march\u00e9 morose pour faire baisser les prix<\/a> et comment <a href=\"http:\/\/www.lemonde.fr\/economie\/article\/2014\/03\/31\/l-or-gris-peut-se-muer-en-plomb_4393026_3234.html\" target=\"_blank\">investir dans des \u00e9tablissements d\u2019h\u00e9bergement pour les personnes \u00e2g\u00e9es paie<\/a>.<\/p>\n<p>Un nouveau <a href=\"http:\/\/www.usinenouvelle.com\/article\/casablanca-nouveau-mega-projet-d-immobilier-touristique-en-front-de-mer.N252774\" target=\"_blank\">m\u00e9ga projet touristique prend forme au bord de la mer \u00e0 Casablanca<\/a>.<\/p>\n<p>&nbsp;<\/p>\n","protected":false},"excerpt":{"rendered":"<p>Les Saveurs de la semaine sont votre source hebdomadaire de nouvelles et de reportages sur l\u2019immobilier qui auraient pu vous \u00e9chapper. Notre \u00e9quipe des Saveurs de la semaine s\u2019acharne \u00e0 parcourir le Web, les groupes de nouvelles et les forums \u00e0 la recherche de reportages obscurs, bizarres, int\u00e9ressants et informatifs sur l\u2019immobilier ou des sujets &hellip; <a href=\"https:\/\/archive.cafe.crea.ca\/fr\/saveurs-de-la-semaine-le-4-avril-2014\/\" class=\"more-link\">Continue reading <span class=\"screen-reader-text\">Saveurs de la semaine : le 4 avril 2014<\/span><\/a><\/p>\n","protected":false},"author":23,"featured_media":27464,"comment_status":"open","ping_status":"open","sticky":false,"template":"","format":"standard","meta":{"footnotes":""},"categories":[2372],"tags":[],"coauthors":[],"class_list":["post-31005","post","type-post","status-publish","format-standard","has-post-thumbnail","hentry","category-divers"],"aioseo_notices":[],"_links":{"self":[{"href":"https:\/\/archive.cafe.crea.ca\/fr\/wp-json\/wp\/v2\/posts\/31005"}],"collection":[{"href":"https:\/\/archive.cafe.crea.ca\/fr\/wp-json\/wp\/v2\/posts"}],"about":[{"href":"https:\/\/archive.cafe.crea.ca\/fr\/wp-json\/wp\/v2\/types\/post"}],"author":[{"embeddable":true,"href":"https:\/\/archive.cafe.crea.ca\/fr\/wp-json\/wp\/v2\/users\/23"}],"replies":[{"embeddable":true,"href":"https:\/\/archive.cafe.crea.ca\/fr\/wp-json\/wp\/v2\/comments?post=31005"}],"version-history":[{"count":0,"href":"https:\/\/archive.cafe.crea.ca\/fr\/wp-json\/wp\/v2\/posts\/31005\/revisions"}],"wp:featuredmedia":[{"embeddable":true,"href":"https:\/\/archive.cafe.crea.ca\/fr\/wp-json\/wp\/v2\/media\/27464"}],"wp:attachment":[{"href":"https:\/\/archive.cafe.crea.ca\/fr\/wp-json\/wp\/v2\/media?parent=31005"}],"wp:term":[{"taxonomy":"category","embeddable":true,"href":"https:\/\/archive.cafe.crea.ca\/fr\/wp-json\/wp\/v2\/categories?post=31005"},{"taxonomy":"post_tag","embeddable":true,"href":"https:\/\/archive.cafe.crea.ca\/fr\/wp-json\/wp\/v2\/tags?post=31005"},{"taxonomy":"author","embeddable":true,"href":"https:\/\/archive.cafe.crea.ca\/fr\/wp-json\/wp\/v2\/coauthors?post=31005"}],"curies":[{"name":"wp","href":"https:\/\/api.w.org\/{rel}","templated":true}]}}