{"id":31002,"date":"2014-04-11T17:44:12","date_gmt":"2014-04-11T21:44:12","guid":{"rendered":"https:\/\/archive.cafe.crea.ca\/saveurs-de-la-semaine-le-11-avril-2014\/"},"modified":"2014-04-11T17:44:12","modified_gmt":"2014-04-11T21:44:12","slug":"saveurs-de-la-semaine-le-11-avril-2014","status":"publish","type":"post","link":"https:\/\/archive.cafe.crea.ca\/fr\/saveurs-de-la-semaine-le-11-avril-2014\/","title":{"rendered":"Saveurs de la semaine : le 11 avril 2014"},"content":{"rendered":"<p><em>Les Saveurs de la semaine sont votre source hebdomadaire de nouvelles et de reportages sur l\u2019immobilier qui auraient pu vous \u00e9chapper.<\/em><em> Notre \u00e9quipe des Saveurs de la semaine s\u2019acharne \u00e0 parcourir le Web, les groupes de nouvelles et les forums \u00e0 la recherche de reportages obscurs, bizarres, int\u00e9ressants et informatifs sur l\u2019immobilier ou des sujets connexes. Si vous d\u00e9sirez en contribuer un, veuillez l\u2019afficher \u00e0 notre section r\u00e9serv\u00e9e aux commentaires ou gazouiller sur le reportage en utilisant le mot-clic <strong>#Saveursdelasemaine<\/strong>. Faites-vous couler une bonne tasse de caf\u00e9 frais, savourez ces reportages\u2026 et faites-en peut-\u00eatre m\u00eame part \u00e0 vos amis et coll\u00e8gues. Bonne lecture!<\/em><\/p>\n<p><em>Voici mes choix de la semaine\u00a0:<\/em><\/p>\n<p>Le journal Les Affaires rapporte que le <a href=\"http:\/\/www.google.ca\/url?sa=t&amp;rct=j&amp;q=&amp;esrc=s&amp;frm=1&amp;source=newssearch&amp;cd=2&amp;cad=rja&amp;uact=8&amp;ved=0CCwQ-AsoATAB&amp;url=http%3A%2F%2Fwww.lesaffaires.com%2Fsecteurs-d-activite%2Fimmobilier%2Fle-marche-montrealais-de-la-copropriete-s-essouffle%2F567896&amp;ei=7oRFU62FKMK82gX_yoHwBA&amp;usg=AFQjCNEx9TYF_EhGsEB26nmXR6JwXnrJwQ&amp;bvm=bv.64507335,d.b2I\" target=\"_blank\">march\u00e9 est plus favorable aux acheteurs \u00e0 Montr\u00e9al<\/a>.<\/p>\n<p>TVA souligne que la <a href=\"http:\/\/tinyurl.com\/l2kgf3f\" target=\"_blank\">Ville de Montr\u00e9al court apr\u00e8s des millions en taxes fonci\u00e8res<\/a>.<\/p>\n<p>Le Soleil discute de <a href=\"http:\/\/tinyurl.com\/mnmeuzr\" target=\"_blank\">jardins communautaires et collectifs<\/a>.<\/p>\n<p>Des d\u00e9veloppements dans le <a href=\"http:\/\/tinyurl.com\/kdhtuxf\" target=\"_blank\">dossier de la pyrrhotite \u00e0 Trois-Rivi\u00e8res<\/a>.<\/p>\n<p>Le Figaro r\u00e9v\u00e8le que <a href=\"http:\/\/www.lefigaro.fr\/immobilier\/2014\/04\/08\/05002-20140408ARTFIG00030-immobilier-les-francais-ne-constatent-pas-de-baisse-des-prix.php\" target=\"_blank\">les Fran\u00e7ais ne constatent pas de baisse des prix<\/a>.<\/p>\n<p>Le Parisien illustre que <a href=\"http:\/\/www.leparisien.fr\/economie\/immobilier\/ile-de-france-leurs-prix-grimpent-les-logements-retrecissent-08-04-2014-3752273.php\" target=\"_blank\">les prix grimpent, mais que les logements r\u00e9tr\u00e9cissent<\/a>.<\/p>\n<p>Le Nouvel Observateur indique que les <a href=\"http:\/\/tempsreel.nouvelobs.com\/immobilier\/luxe\/20140404.OBS2719\/immobilier-de-prestige-retour-des-acquereurs-sur-le-marche-francais.html\" target=\"_blank\">acqu\u00e9reurs de biens immobiliers de luxe fran\u00e7ais sont de retour<\/a>.<\/p>\n<p>Le Soir publie un reportage qui sugg\u00e8re que <a href=\"http:\/\/www.lesoir.be\/517930\/article\/economie\/immo\/2014-04-10\/l-agent-immobilier-doit-changer-pour-durer\" target=\"_blank\">l\u2019agent immobilier doit changer pour durer<\/a>.<\/p>\n<p>La mise en sc\u00e8ne d&rsquo;int\u00e9rieur fait son apparition en France\u00a0dans l\u2019article du <a href=\"http:\/\/www.google.ca\/url?sa=t&amp;rct=j&amp;q=&amp;esrc=s&amp;frm=1&amp;source=newssearch&amp;cd=30&amp;cad=rja&amp;uact=8&amp;ved=0CEEQqQIoADAJOBQ&amp;url=http%3A%2F%2Ftempsreel.nouvelobs.com%2Fimmobilier%2Fsalons-immobilier%2F20140403.OBS2621%2Fsalon-de-l-immobilier-2014-le-home-staging-en-plein-essor.html&amp;ei=RYhFU7_FJeHN2QWi_ICYBQ&amp;usg=AFQjCNGweZxFM4_NjFMkxFIcjtPqPC2inw&amp;bvm=bv.64507335,d.b2I\" target=\"_blank\">Nouvel Observateur<\/a>, et celui de <a href=\"http:\/\/www.google.ca\/url?sa=t&amp;rct=j&amp;q=&amp;esrc=s&amp;frm=1&amp;source=newssearch&amp;cd=30&amp;cad=rja&amp;uact=8&amp;ved=0CEIQ-AsoATAJOBQ&amp;url=http%3A%2F%2Fwww.liberation.fr%2Feconomie%2F2014%2F04%2F03%2Fimmobilier-le-home-staging-fait-des-emules_992962&amp;ei=RYhFU7_FJeHN2QWi_ICYBQ&amp;usg=AFQjCNEyI9SdvC8Kvt82ImgSZJcd5QM-Vw&amp;bvm=bv.64507335,d.b2I\" target=\"_blank\">Lib\u00e9ration<\/a>.<\/p>\n<p>En Essonne, un bailleur social met en vente <a href=\"http:\/\/www.ouest-france.fr\/insolite-une-tour-de-23-etages-saisir-pour-un-euro-2131607\" target=\"_blank\">une tour de 23 \u00e9tages pour la somme de\u2026 un Euro<\/a>.<\/p>\n<p>&nbsp;<\/p>\n","protected":false},"excerpt":{"rendered":"<p>Les Saveurs de la semaine sont votre source hebdomadaire de nouvelles et de reportages sur l\u2019immobilier qui auraient pu vous \u00e9chapper. Notre \u00e9quipe des Saveurs de la semaine s\u2019acharne \u00e0 parcourir le Web, les groupes de nouvelles et les forums \u00e0 la recherche de reportages obscurs, bizarres, int\u00e9ressants et informatifs sur l\u2019immobilier ou des sujets &hellip; <a href=\"https:\/\/archive.cafe.crea.ca\/fr\/saveurs-de-la-semaine-le-11-avril-2014\/\" class=\"more-link\">Continue reading <span class=\"screen-reader-text\">Saveurs de la semaine : le 11 avril 2014<\/span><\/a><\/p>\n","protected":false},"author":23,"featured_media":27464,"comment_status":"open","ping_status":"open","sticky":false,"template":"","format":"standard","meta":{"footnotes":""},"categories":[2372],"tags":[],"coauthors":[],"class_list":["post-31002","post","type-post","status-publish","format-standard","has-post-thumbnail","hentry","category-divers"],"aioseo_notices":[],"_links":{"self":[{"href":"https:\/\/archive.cafe.crea.ca\/fr\/wp-json\/wp\/v2\/posts\/31002"}],"collection":[{"href":"https:\/\/archive.cafe.crea.ca\/fr\/wp-json\/wp\/v2\/posts"}],"about":[{"href":"https:\/\/archive.cafe.crea.ca\/fr\/wp-json\/wp\/v2\/types\/post"}],"author":[{"embeddable":true,"href":"https:\/\/archive.cafe.crea.ca\/fr\/wp-json\/wp\/v2\/users\/23"}],"replies":[{"embeddable":true,"href":"https:\/\/archive.cafe.crea.ca\/fr\/wp-json\/wp\/v2\/comments?post=31002"}],"version-history":[{"count":0,"href":"https:\/\/archive.cafe.crea.ca\/fr\/wp-json\/wp\/v2\/posts\/31002\/revisions"}],"wp:featuredmedia":[{"embeddable":true,"href":"https:\/\/archive.cafe.crea.ca\/fr\/wp-json\/wp\/v2\/media\/27464"}],"wp:attachment":[{"href":"https:\/\/archive.cafe.crea.ca\/fr\/wp-json\/wp\/v2\/media?parent=31002"}],"wp:term":[{"taxonomy":"category","embeddable":true,"href":"https:\/\/archive.cafe.crea.ca\/fr\/wp-json\/wp\/v2\/categories?post=31002"},{"taxonomy":"post_tag","embeddable":true,"href":"https:\/\/archive.cafe.crea.ca\/fr\/wp-json\/wp\/v2\/tags?post=31002"},{"taxonomy":"author","embeddable":true,"href":"https:\/\/archive.cafe.crea.ca\/fr\/wp-json\/wp\/v2\/coauthors?post=31002"}],"curies":[{"name":"wp","href":"https:\/\/api.w.org\/{rel}","templated":true}]}}