{"id":31001,"date":"2014-04-15T12:43:00","date_gmt":"2014-04-15T16:43:00","guid":{"rendered":"https:\/\/archive.cafe.crea.ca\/la-mobilisation-de-la-base-solide-fondation-de-la-reussite-que-connaitra-la-prochaine-generation-de-courtiers-et-agents\/"},"modified":"2014-04-15T12:43:00","modified_gmt":"2014-04-15T16:43:00","slug":"la-mobilisation-de-la-base-solide-fondation-de-la-reussite-que-connaitra-la-prochaine-generation-de-courtiers-et-agents","status":"publish","type":"post","link":"https:\/\/archive.cafe.crea.ca\/fr\/la-mobilisation-de-la-base-solide-fondation-de-la-reussite-que-connaitra-la-prochaine-generation-de-courtiers-et-agents\/","title":{"rendered":"La mobilisation de la base : solide fondation de la r\u00e9ussite que conna\u00eetra la prochaine g\u00e9n\u00e9ration de courtiers et agents"},"content":{"rendered":"<p><img loading=\"lazy\" decoding=\"async\" class=\"size-full wp-image-3648 alignright\" src=\"http:\/\/www.crea.ca\/wp-content\/uploads\/2014\/04\/quotebox01_fr-1.jpg\" alt=\"\" width=\"275\" height=\"343\" \/>La \u00ab mobilisation de la base \u00bb est une fa\u00e7on efficace pour le secteur immobilier de mettre \u00e0 profit sa voix collective et son expertise afin d\u2019apporter des changements sur la Colline du Parlement.<\/p>\n<p>Souvent compl\u00e9mentaire aux pressions politiques du personnel des associations, la mobilisation de la base aupr\u00e8s des \u00e9lus emprunte une vari\u00e9t\u00e9 de formes, de l&rsquo;envoi de lettres \u00e0 la signature de p\u00e9titions. Elle s&rsquo;est r\u00e9v\u00e9l\u00e9e efficace pour donner lieu \u00e0 la participation de milliers, de centaines de milliers et m\u00eame de millions de personnes. Prenons, sur l&rsquo;\u00e9chiquier international, la s\u00e9rie de protestations au Moyen-Orient, qu&rsquo;on a appel\u00e9e le <a href=\"http:\/\/www.scienceshumaines.com\/printemps-arabe-la-chronologie-pays-par-pays_fr_27710.html\" target=\"_blank\">printemps arabe<\/a> et qui a entra\u00een\u00e9 des changements dans plusieurs r\u00e9gimes en 2010. Ces changements sont directement issus du rassemblement de citoyens qui se sont organis\u00e9s et ont renseign\u00e9 le peuple \u00e0 l&rsquo;aide des m\u00e9dias sociaux.<\/p>\n<p><strong>Des organisations mobilisent aussi leur base pour provoquer des changements ensemble. <\/strong><\/p>\n<p><img loading=\"lazy\" decoding=\"async\" class=\" wp-image-3649 alignleft\" src=\"http:\/\/www.crea.ca\/wp-content\/uploads\/2014\/04\/BigCatRescueRevised1-1.jpg\" alt=\"\" width=\"200\" height=\"135\" \/>En 2003, <a href=\"http:\/\/bigcatrescue.org\/\" target=\"_blank\">Big Cat Rescue<\/a> (BCR), un organisme am\u00e9ricain sans but lucratif qui se voue au sauvetage de grande taille, a d\u00fb refuser d&rsquo;aider 300 grands f\u00e9lins n\u00e9glig\u00e9s ou abus\u00e9s en raison d&rsquo;un manque d&rsquo;espace et de ressources. Parall\u00e8lement, un projet de loi au Congr\u00e8s am\u00e9ricain qui aurait grandement r\u00e9duit le commerce des grands f\u00e9lins (et les probl\u00e8mes aff\u00e9rents) stagnait depuis plus de six ans. Pour attirer l&rsquo;attention des l\u00e9gislateurs sur le projet de loi et le sort des grands f\u00e9lins, BCR a employ\u00e9 sa plateforme de mobilisation de la base con\u00e7ue par <a href=\"http:\/\/www.votervoice.net\" target=\"_blank\">voterVOICE<\/a>, un fournisseur pris\u00e9 de technologies de d\u00e9fense des int\u00e9r\u00eats en ligne, pour tirer profit de son r\u00e9seau d&rsquo;\u00ab AdvoCats \u00bb (\u00ab prochats \u00bb) qui, \u00e0 son tour, a communiqu\u00e9 aux l\u00e9gislateurs l&rsquo;importance que le public accordait au projet de loi. En d\u00e9cembre 2003, le gouvernement a adopt\u00e9 la loi intitul\u00e9e <em>Captive Wild Animal Safety Act <\/em>(loi sur la s\u00e9curit\u00e9 des animaux sauvages en captivit\u00e9), qui rend ill\u00e9gal le commerce inter\u00e9tatique des grands chats.<\/p>\n<p><img loading=\"lazy\" decoding=\"async\" class=\" wp-image-3650 alignleft\" src=\"http:\/\/www.crea.ca\/wp-content\/uploads\/2014\/04\/USTA-Logo1-1.jpg\" alt=\"\" width=\"200\" height=\"200\" \/>Pour attirer l&rsquo;attention du Congr\u00e8s sur les projets d&rsquo;infrastructure et la l\u00e9gislation n\u00e9cessaires au soutien du secteur des voyages, la <a href=\"http:\/\/www.ustravel.org\/\" target=\"_blank\">U.S. Travel Association<\/a> (association am\u00e9ricaine des voyages) a lanc\u00e9 en 2013 une campagne encourageant ses membres \u00e0 envoyer une lettre au Congr\u00e8s pour lui faire part de leurs pr\u00e9occupations. L&rsquo;association a aussi \u00e9tabli un num\u00e9ro texto et un mot-clic sur Twitter afin que les passagers a\u00e9riens qui se d\u00e9pla\u00e7aient entre les a\u00e9roports du pays puissent parler des probl\u00e8mes auxquels ils faisaient face le week-end le plus achaland\u00e9 de l&rsquo;ann\u00e9e, soit celui de l&rsquo;Action de gr\u00e2ces. La m\u00e9thode \u00e0 deux volets a g\u00e9n\u00e9r\u00e9 plus de 400 r\u00e9ponses \u00e0 l&rsquo;appel \u00e0 l&rsquo;action ainsi que des centaines de gazouillis et de textos de la part de voyageurs frustr\u00e9s, dont bon nombre ont \u00e9t\u00e9 envoy\u00e9s au Congr\u00e8s et affichaient un lien vers le site Web de l&rsquo;association.<\/p>\n<p>Le RAI est adapt\u00e9 aux particularit\u00e9s du contexte politique canadien. Il \u00e9tablit une communication directe entre le secteur immobilier et les d\u00e9put\u00e9s f\u00e9d\u00e9raux, et il permet au secteur de s&rsquo;exprimer \u00e0 l&rsquo;unisson. Comme dans le cas de tous les moyens et outils de mobilisation de la base, la r\u00e9ussite continue repose sur votre participation; joignez-vous au r\u00e9seau et encouragez les autres \u00e0 \u00eatre solidaires.<\/p>\n<p>Apprenez-en davantage sur le r\u00e9seau \u00e0 <a href=\"http:\/\/www.REALTORActionNetwork.ca\" target=\"_blank\">www.ReseaudActionImmobilier.ca<\/a> ou joignez-vous y. Utilisez les nom d&rsquo;utilisateur et mot de passe dont vous vous servez au Lien IMMOBILIER<sup>MC<\/sup>.<\/p>\n<p>&nbsp;<\/p>\n","protected":false},"excerpt":{"rendered":"<p>La \u00ab mobilisation de la base \u00bb est une fa\u00e7on efficace pour le secteur immobilier de mettre \u00e0 profit sa voix collective et son expertise afin d\u2019apporter des changements sur la Colline du Parlement. Souvent compl\u00e9mentaire aux pressions politiques du personnel des associations, la mobilisation de la base aupr\u00e8s des \u00e9lus emprunte une vari\u00e9t\u00e9 de &hellip; <a href=\"https:\/\/archive.cafe.crea.ca\/fr\/la-mobilisation-de-la-base-solide-fondation-de-la-reussite-que-connaitra-la-prochaine-generation-de-courtiers-et-agents\/\" class=\"more-link\">Continue reading <span class=\"screen-reader-text\">La mobilisation de la base : solide fondation de la r\u00e9ussite que conna\u00eetra la prochaine g\u00e9n\u00e9ration de courtiers et agents<\/span><\/a><\/p>\n","protected":false},"author":33,"featured_media":27543,"comment_status":"open","ping_status":"open","sticky":false,"template":"","format":"standard","meta":{"footnotes":""},"categories":[2369],"tags":[],"coauthors":[],"class_list":["post-31001","post","type-post","status-publish","format-standard","has-post-thumbnail","hentry","category-defense-des-interets"],"aioseo_notices":[],"_links":{"self":[{"href":"https:\/\/archive.cafe.crea.ca\/fr\/wp-json\/wp\/v2\/posts\/31001"}],"collection":[{"href":"https:\/\/archive.cafe.crea.ca\/fr\/wp-json\/wp\/v2\/posts"}],"about":[{"href":"https:\/\/archive.cafe.crea.ca\/fr\/wp-json\/wp\/v2\/types\/post"}],"author":[{"embeddable":true,"href":"https:\/\/archive.cafe.crea.ca\/fr\/wp-json\/wp\/v2\/users\/33"}],"replies":[{"embeddable":true,"href":"https:\/\/archive.cafe.crea.ca\/fr\/wp-json\/wp\/v2\/comments?post=31001"}],"version-history":[{"count":0,"href":"https:\/\/archive.cafe.crea.ca\/fr\/wp-json\/wp\/v2\/posts\/31001\/revisions"}],"wp:featuredmedia":[{"embeddable":true,"href":"https:\/\/archive.cafe.crea.ca\/fr\/wp-json\/wp\/v2\/media\/27543"}],"wp:attachment":[{"href":"https:\/\/archive.cafe.crea.ca\/fr\/wp-json\/wp\/v2\/media?parent=31001"}],"wp:term":[{"taxonomy":"category","embeddable":true,"href":"https:\/\/archive.cafe.crea.ca\/fr\/wp-json\/wp\/v2\/categories?post=31001"},{"taxonomy":"post_tag","embeddable":true,"href":"https:\/\/archive.cafe.crea.ca\/fr\/wp-json\/wp\/v2\/tags?post=31001"},{"taxonomy":"author","embeddable":true,"href":"https:\/\/archive.cafe.crea.ca\/fr\/wp-json\/wp\/v2\/coauthors?post=31001"}],"curies":[{"name":"wp","href":"https:\/\/api.w.org\/{rel}","templated":true}]}}