{"id":30999,"date":"2014-04-17T19:03:32","date_gmt":"2014-04-17T23:03:32","guid":{"rendered":"https:\/\/archive.cafe.crea.ca\/saveurs-de-la-semaine-le-17-avril-2014\/"},"modified":"2014-04-17T19:03:32","modified_gmt":"2014-04-17T23:03:32","slug":"saveurs-de-la-semaine-le-17-avril-2014","status":"publish","type":"post","link":"https:\/\/archive.cafe.crea.ca\/fr\/saveurs-de-la-semaine-le-17-avril-2014\/","title":{"rendered":"Saveurs de la semaine : le 17 avril 2014"},"content":{"rendered":"<p><em>Les Saveurs de la semaine sont votre source hebdomadaire de nouvelles et de reportages sur l\u2019immobilier qui auraient pu vous \u00e9chapper.<\/em><em> Notre \u00e9quipe des Saveurs de la semaine s\u2019acharne \u00e0 parcourir le Web, les groupes de nouvelles et les forums \u00e0 la recherche de reportages obscurs, bizarres, int\u00e9ressants et informatifs sur l\u2019immobilier ou des sujets connexes. Si vous d\u00e9sirez en contribuer un, veuillez l\u2019afficher \u00e0 notre section r\u00e9serv\u00e9e aux commentaires ou gazouiller sur le reportage en utilisant le mot-clic <strong>#Saveursdelasemaine<\/strong>. Faites-vous couler une bonne tasse de caf\u00e9 frais, savourez ces reportages\u2026 et faites-en peut-\u00eatre m\u00eame part \u00e0 vos amis et coll\u00e8gues. Bonne lecture!<\/em><\/p>\n<p><em>Voici mes choix de la semaine\u00a0:<\/em><\/p>\n<p>Les Affaires r\u00e9v\u00e8le que <a href=\"http:\/\/www.google.ca\/url?sa=t&amp;rct=j&amp;q=&amp;esrc=s&amp;frm=1&amp;source=newssearch&amp;cd=7&amp;cad=rja&amp;uact=8&amp;ved=0CD4QqQIoADAG&amp;url=http%3A%2F%2Fwww.lesaffaires.com%2Fsecteurs-d-activite%2Fimmobilier%2Fimmobilier-les-montrealais-reprennent-le-gout-dacheter%2F568077&amp;ei=7btOU6LzJ-qO8gH984DgAg&amp;usg=AFQjCNGTwsz4vAErMwkQVtXFmRvqnjvreA&amp;bvm=bv.64764171,d.aWw\" target=\"_blank\">les Montr\u00e9alais ont repris le go\u00fbt d\u2019acheter<\/a>.<\/p>\n<p>Maxime Bergeron de La Presse discute d\u2019un <a href=\"http:\/\/tinyurl.com\/okjjquz\" target=\"_blank\">clivage Est-Ouest pour le march\u00e9 immobilier<\/a>.<\/p>\n<p>Samuel Auger du Soleil sugg\u00e8re que <a href=\"http:\/\/www.lapresse.ca\/le-soleil\/actualites\/societe\/201404\/13\/01-4757222-le-reve-de-la-banlieue-bien-vivant-a-quebec.php?utm_categorieinterne=trafficdrivers&amp;utm_contenuinterne=cyberpresse_B13b_la-capitale_577_section_POS1\" target=\"_blank\">le r\u00eave de la banlieue est bien vivant dans la vieille capitale<\/a>.<\/p>\n<p>Gatineau cherche \u00e0 <a href=\"http:\/\/tinyurl.com\/oekn57v\" target=\"_blank\">se densifier<\/a>.<\/p>\n<p>De bons conseils pour <a href=\"http:\/\/tinyurl.com\/l3kjfom\" target=\"_blank\">ouvrir son chalet<\/a>, ou encore pour <a href=\"http:\/\/tinyurl.com\/q8a8esu\" target=\"_blank\">garder l\u2019eau dehors<\/a>.<\/p>\n<p>La maison la <a href=\"http:\/\/www.google.ca\/url?sa=t&amp;rct=j&amp;q=&amp;esrc=s&amp;frm=1&amp;source=newssearch&amp;cd=1&amp;cad=rja&amp;uact=8&amp;ved=0CCgQqQIoADAA&amp;url=http%3A%2F%2Fmagimmo.seloger.com%2Factualite-de-l-immobilier-insolite%2Fla-maison-la-plus-chere-des-usa-a-trouve-preneur-t234611&amp;ei=BL5OU4MfgavyAe7MgLgI&amp;usg=AFQjCNE0-YYTrkWHKfUBHWyvCkARWke8Kw&amp;bvm=bv.64764171,d.aWw\" target=\"_blank\">plus ch\u00e8re des \u00c9tats-Unis a trouv\u00e9 preneur<\/a>!<\/p>\n<p>La Presse r\u00e9v\u00e8le que <a href=\"http:\/\/www.lapresse.ca\/international\/europe\/201404\/14\/01-4757645-le-phenomene-tanguy-samplifie-en-europe.php\" target=\"_blank\">le ph\u00e9nom\u00e8ne Tanguy s\u2019amplifie en Europe<\/a>.<\/p>\n<p>L\u2019Express consid\u00e8re que <a href=\"http:\/\/www.google.ca\/url?sa=t&amp;rct=j&amp;q=&amp;esrc=s&amp;frm=1&amp;source=newssearch&amp;cd=11&amp;cad=rja&amp;uact=8&amp;ved=0CCcQqQIoADAAOAo&amp;url=http%3A%2F%2Fvotreargent.lexpress.fr%2Fimmobilier%2Fimmobilier-les-acheteurs-ont-le-pouvoir-mais-n-en-profitent-pas_364372.html&amp;ei=O71OU4u9KeXF8AHA-IDICw&amp;usg=AFQjCNHXhiYMwyxTM4Y2YrukUVElLzllhw&amp;bvm=bv.64764171,d.aWw\" target=\"_blank\">les acheteurs ont le pouvoir, mais n\u2019en profitent pas<\/a>.<\/p>\n<p>La Tribune rapporte que <a href=\"http:\/\/www.latribune.fr\/vos-finances\/immobilier\/20140415trib000825419\/immobilier-les-jeunes-veulent-plus-d-interventionnisme-et-plus-de-requisitions.html\" target=\"_blank\">les jeunes veulent plus d\u2019interventionnisme en immobilier<\/a>.<\/p>\n<p>RTL raconte qu\u2019un <a href=\"http:\/\/www.rtl.fr\/actualites\/info\/insolite\/article\/victime-d-une-arnaque-il-vend-un-rein-pour-eponger-ses-dettes-7771200794\" target=\"_blank\">habitant de Pas-de-Calais est pr\u00eat \u00e0 donner un rein pour \u00e9ponger sa dette<\/a>.<\/p>\n<p>20 Minutes partage le <a href=\"http:\/\/www.20minutes.fr\/paris\/1348809-un-olivier-de-1-100-ans-va-elire-domicile-dans-le-16e-arrondissement\" target=\"_blank\">d\u00e9m\u00e9nagement d\u2019un olivier parisien vieux de 1\u00a0100 ans<\/a>.<\/p>\n<p>&nbsp;<\/p>\n","protected":false},"excerpt":{"rendered":"<p>Les Saveurs de la semaine sont votre source hebdomadaire de nouvelles et de reportages sur l\u2019immobilier qui auraient pu vous \u00e9chapper. Notre \u00e9quipe des Saveurs de la semaine s\u2019acharne \u00e0 parcourir le Web, les groupes de nouvelles et les forums \u00e0 la recherche de reportages obscurs, bizarres, int\u00e9ressants et informatifs sur l\u2019immobilier ou des sujets &hellip; <a href=\"https:\/\/archive.cafe.crea.ca\/fr\/saveurs-de-la-semaine-le-17-avril-2014\/\" class=\"more-link\">Continue reading <span class=\"screen-reader-text\">Saveurs de la semaine : le 17 avril 2014<\/span><\/a><\/p>\n","protected":false},"author":23,"featured_media":27464,"comment_status":"open","ping_status":"open","sticky":false,"template":"","format":"standard","meta":{"footnotes":""},"categories":[2372],"tags":[],"coauthors":[],"class_list":["post-30999","post","type-post","status-publish","format-standard","has-post-thumbnail","hentry","category-divers"],"aioseo_notices":[],"_links":{"self":[{"href":"https:\/\/archive.cafe.crea.ca\/fr\/wp-json\/wp\/v2\/posts\/30999"}],"collection":[{"href":"https:\/\/archive.cafe.crea.ca\/fr\/wp-json\/wp\/v2\/posts"}],"about":[{"href":"https:\/\/archive.cafe.crea.ca\/fr\/wp-json\/wp\/v2\/types\/post"}],"author":[{"embeddable":true,"href":"https:\/\/archive.cafe.crea.ca\/fr\/wp-json\/wp\/v2\/users\/23"}],"replies":[{"embeddable":true,"href":"https:\/\/archive.cafe.crea.ca\/fr\/wp-json\/wp\/v2\/comments?post=30999"}],"version-history":[{"count":0,"href":"https:\/\/archive.cafe.crea.ca\/fr\/wp-json\/wp\/v2\/posts\/30999\/revisions"}],"wp:featuredmedia":[{"embeddable":true,"href":"https:\/\/archive.cafe.crea.ca\/fr\/wp-json\/wp\/v2\/media\/27464"}],"wp:attachment":[{"href":"https:\/\/archive.cafe.crea.ca\/fr\/wp-json\/wp\/v2\/media?parent=30999"}],"wp:term":[{"taxonomy":"category","embeddable":true,"href":"https:\/\/archive.cafe.crea.ca\/fr\/wp-json\/wp\/v2\/categories?post=30999"},{"taxonomy":"post_tag","embeddable":true,"href":"https:\/\/archive.cafe.crea.ca\/fr\/wp-json\/wp\/v2\/tags?post=30999"},{"taxonomy":"author","embeddable":true,"href":"https:\/\/archive.cafe.crea.ca\/fr\/wp-json\/wp\/v2\/coauthors?post=30999"}],"curies":[{"name":"wp","href":"https:\/\/api.w.org\/{rel}","templated":true}]}}