{"id":30997,"date":"2014-04-25T17:24:36","date_gmt":"2014-04-25T21:24:36","guid":{"rendered":"https:\/\/archive.cafe.crea.ca\/saveurs-de-la-semaine-le-25-avril-2014\/"},"modified":"2014-04-25T17:24:36","modified_gmt":"2014-04-25T21:24:36","slug":"saveurs-de-la-semaine-le-25-avril-2014","status":"publish","type":"post","link":"https:\/\/archive.cafe.crea.ca\/fr\/saveurs-de-la-semaine-le-25-avril-2014\/","title":{"rendered":"Saveurs de la semaine : le 25 avril 2014"},"content":{"rendered":"<p><em>Les Saveurs de la semaine sont votre source hebdomadaire de nouvelles et de reportages sur l\u2019immobilier qui auraient pu vous \u00e9chapper.<\/em><em> Notre \u00e9quipe des Saveurs de la semaine s\u2019acharne \u00e0 parcourir le Web, les groupes de nouvelles et les forums \u00e0 la recherche de reportages obscurs, bizarres, int\u00e9ressants et informatifs sur l\u2019immobilier ou des sujets connexes. Si vous d\u00e9sirez en contribuer un, veuillez l\u2019afficher \u00e0 notre section r\u00e9serv\u00e9e aux commentaires ou gazouiller sur le reportage en utilisant le mot-clic <strong>#Saveursdelasemaine<\/strong>. Faites-vous couler une bonne tasse de caf\u00e9 frais, savourez ces reportages\u2026 et faites-en peut-\u00eatre m\u00eame part \u00e0 vos amis et coll\u00e8gues. Bonne lecture!<\/em><\/p>\n<p><em>Voici mes choix de la semaine\u00a0:<\/em><\/p>\n<p>La Presse discute de <a href=\"http:\/\/tinyurl.com\/kyuwxrk\" target=\"_blank\">la r\u00e9volution verte<\/a>.<\/p>\n<p>Le Devoir r\u00e9v\u00e8le que <a href=\"http:\/\/tinyurl.com\/mhkqnqs\" target=\"_blank\">Qu\u00e9bec est la meilleure ville canadienne o\u00f9 vivre pour les femmes<\/a>.<\/p>\n<p>Comment <a href=\"http:\/\/tinyurl.com\/k2ddg4u\" target=\"_blank\">d\u00e9corer chez soi en motif Canadiens de Montr\u00e9al<\/a> (pour les s\u00e9ries).<\/p>\n<p>Un <a href=\"http:\/\/tinyurl.com\/m759rl7\" target=\"_blank\">nouveau projet est propos\u00e9 pour les \u00eeles<\/a> entre Ottawa et Gatineau.<\/p>\n<p>Le Monde tente de r\u00e9pondre \u00e0 la question\u00a0: <a href=\"http:\/\/www.google.ca\/url?sa=t&amp;rct=j&amp;q=&amp;esrc=s&amp;frm=1&amp;source=newssearch&amp;cd=2&amp;cad=rja&amp;uact=8&amp;ved=0CCkQqQIoADAB&amp;url=http%3A%2F%2Fwww.lemonde.fr%2Fimmobilier%2Fvideo%2F2014%2F04%2F24%2Fpourquoi-l-immobilier-est-il-si-cher-en-france_4406316_1306281.html&amp;ei=LV1ZU-XAJ4fX2QXMmoDICw&amp;usg=AFQjCNEJCmncfy4xseFtZ02x7ZQJienl5g&amp;bvm=bv.65397613,d.b2I\" target=\"_blank\">Pourquoi l\u2019immobilier est-il si cher en France<\/a>?<\/p>\n<p>Le Figaro estime que <a href=\"http:\/\/www.google.ca\/url?sa=t&amp;rct=j&amp;q=&amp;esrc=s&amp;frm=1&amp;source=newssearch&amp;cd=9&amp;cad=rja&amp;uact=8&amp;ved=0CEUQqQIoADAI&amp;url=http%3A%2F%2Fwww.lefigaro.fr%2Fimmobilier%2F2014%2F04%2F22%2F05002-20140422ARTFIG00027-l-immobilier-trop-cher-freine-la-croissance-francaise.php&amp;ei=LV1ZU-XAJ4fX2QXMmoDICw&amp;usg=AFQjCNHx_vN3g9eVbvduJ2jEszUWKtyzUQ&amp;bvm=bv.65397613,d.b2I\" target=\"_blank\">l\u2019immobilier trop cher freine la croissance de l\u2019\u00e9conomie fran\u00e7aise<\/a>.<\/p>\n<p>L\u2019actrice <a href=\"http:\/\/www.google.ca\/url?sa=t&amp;rct=j&amp;q=&amp;esrc=s&amp;frm=1&amp;source=newssearch&amp;cd=5&amp;cad=rja&amp;uact=8&amp;ved=0CD0QqQIoADAE&amp;url=http%3A%2F%2Fwww.europe1.fr%2FImmobilier%2FVous-avez-4-millions-Catherine-Deneuve-vend-son-chateau-2099485%2F&amp;ei=-7lWU-q9N4nL2gX3tYAo&amp;usg=AFQjCNEEPfOQ9vzPETeWEY6YkHxsRX1aag&amp;bvm=bv.65177938,d.b2I\" target=\"_blank\">Catherine Deneuve a mis son ch\u00e2teau datant du XVIII<sup>e<\/sup> si\u00e8cle<\/a> en vente.<\/p>\n<p>Les <a href=\"http:\/\/www.google.ca\/url?sa=t&amp;rct=j&amp;q=&amp;esrc=s&amp;frm=1&amp;source=newssearch&amp;cd=12&amp;cad=rja&amp;uact=8&amp;ved=0CCoQqQIoADABOAo&amp;url=http%3A%2F%2Fwww.sudinfo.be%2F989998%2Farticle%2F2014-04-22%2Fles-belges-investissent-massivement-dans-l-immobilier-en-espagne&amp;ei=H7tWU6TwBIqF2gXbuIHYAw&amp;usg=AFQjCNFFH1dOOruJs3LXQCJru2YeKWnPpQ&amp;bvm=bv.65177938,d.b2I\" target=\"_blank\">Belges investissent dans l\u2019immobilier espagnol<\/a>.<\/p>\n<p><a href=\"http:\/\/www.google.ca\/url?sa=t&amp;rct=j&amp;q=&amp;esrc=s&amp;frm=1&amp;source=newssearch&amp;cd=2&amp;cad=rja&amp;uact=8&amp;ved=0CDQQqQIoADAB&amp;url=http%3A%2F%2Fmagimmo.seloger.com%2Factualite-de-l-immobilier-insolite%2F10-maisons-sortent-de-terre-en-24h-grace-a-une-impriman-t234633&amp;ei=qV1ZU-I1opvZBa_fgOgK&amp;usg=AFQjCNHajye-Us67oMtUXpK7GpbYNkWtDg&amp;bvm=bv.65397613,d.b2I\" target=\"_blank\">Dix maisons sortent de terre en 24 heures<\/a> gr\u00e2ce \u00e0 une imprimante 3D.<\/p>\n<p>&nbsp;<\/p>\n","protected":false},"excerpt":{"rendered":"<p>Les Saveurs de la semaine sont votre source hebdomadaire de nouvelles et de reportages sur l\u2019immobilier qui auraient pu vous \u00e9chapper. Notre \u00e9quipe des Saveurs de la semaine s\u2019acharne \u00e0 parcourir le Web, les groupes de nouvelles et les forums \u00e0 la recherche de reportages obscurs, bizarres, int\u00e9ressants et informatifs sur l\u2019immobilier ou des sujets &hellip; <a href=\"https:\/\/archive.cafe.crea.ca\/fr\/saveurs-de-la-semaine-le-25-avril-2014\/\" class=\"more-link\">Continue reading <span class=\"screen-reader-text\">Saveurs de la semaine : le 25 avril 2014<\/span><\/a><\/p>\n","protected":false},"author":23,"featured_media":27464,"comment_status":"open","ping_status":"open","sticky":false,"template":"","format":"standard","meta":{"footnotes":""},"categories":[2372],"tags":[],"coauthors":[],"class_list":["post-30997","post","type-post","status-publish","format-standard","has-post-thumbnail","hentry","category-divers"],"aioseo_notices":[],"_links":{"self":[{"href":"https:\/\/archive.cafe.crea.ca\/fr\/wp-json\/wp\/v2\/posts\/30997"}],"collection":[{"href":"https:\/\/archive.cafe.crea.ca\/fr\/wp-json\/wp\/v2\/posts"}],"about":[{"href":"https:\/\/archive.cafe.crea.ca\/fr\/wp-json\/wp\/v2\/types\/post"}],"author":[{"embeddable":true,"href":"https:\/\/archive.cafe.crea.ca\/fr\/wp-json\/wp\/v2\/users\/23"}],"replies":[{"embeddable":true,"href":"https:\/\/archive.cafe.crea.ca\/fr\/wp-json\/wp\/v2\/comments?post=30997"}],"version-history":[{"count":0,"href":"https:\/\/archive.cafe.crea.ca\/fr\/wp-json\/wp\/v2\/posts\/30997\/revisions"}],"wp:featuredmedia":[{"embeddable":true,"href":"https:\/\/archive.cafe.crea.ca\/fr\/wp-json\/wp\/v2\/media\/27464"}],"wp:attachment":[{"href":"https:\/\/archive.cafe.crea.ca\/fr\/wp-json\/wp\/v2\/media?parent=30997"}],"wp:term":[{"taxonomy":"category","embeddable":true,"href":"https:\/\/archive.cafe.crea.ca\/fr\/wp-json\/wp\/v2\/categories?post=30997"},{"taxonomy":"post_tag","embeddable":true,"href":"https:\/\/archive.cafe.crea.ca\/fr\/wp-json\/wp\/v2\/tags?post=30997"},{"taxonomy":"author","embeddable":true,"href":"https:\/\/archive.cafe.crea.ca\/fr\/wp-json\/wp\/v2\/coauthors?post=30997"}],"curies":[{"name":"wp","href":"https:\/\/api.w.org\/{rel}","templated":true}]}}