{"id":30982,"date":"2014-06-10T12:44:03","date_gmt":"2014-06-10T16:44:03","guid":{"rendered":"https:\/\/archive.cafe.crea.ca\/parlons-politique-sur-la-colline-mais-dabord-laissez-moi-prendre-une-autophoto\/"},"modified":"2014-06-10T12:44:03","modified_gmt":"2014-06-10T16:44:03","slug":"parlons-politique-sur-la-colline-mais-dabord-laissez-moi-prendre-une-autophoto","status":"publish","type":"post","link":"https:\/\/archive.cafe.crea.ca\/fr\/parlons-politique-sur-la-colline-mais-dabord-laissez-moi-prendre-une-autophoto\/","title":{"rendered":"Parlons politique sur la Colline\u2026 mais d\u2019abord, laissez-moi prendre une autophoto"},"content":{"rendered":"<p>Chaque ann\u00e9e durant les Journ\u00e9es du CAP, les courtiers et agents immobiliers se rendent sur la Colline pour discuter avec les d\u00e9put\u00e9s des dossiers importants qui touchent les acheteurs de maisons, les propri\u00e9taires et les collectivit\u00e9s. Bien que pour certaines personnes, la seule mention du terme \u00ab politique \u00bb soit aussi invitante que la visite d\u2019une propri\u00e9t\u00e9 au beau milieu de l\u2019hiver, nos preuves photographiques nous montrent que \u00ab le plaisir \u00bb et \u00ab l\u2019action politique \u00bb peuvent r\u00e9ellement coexister.<\/p>\n<p>La campagne d\u2019autophotos de cette ann\u00e9e a suscit\u00e9 une comp\u00e9tition amicale entre les participants, mais surtout, elle a \u00e9t\u00e9 une occasion d\u2019\u00e9tendre notre port\u00e9e, de maximiser notre influence et de faire avancer notre objectif sur la Colline. Merci \u00e0 tous ceux et celles qui ont assist\u00e9 \u00e0 l\u2019\u00e9v\u00e9nement et particip\u00e9 \u00e0 notre campagne!<\/p>\n<p><iframe loading=\"lazy\" id=\"vp1o5d21\" title=\"Video Player\" src=\"https:\/\/s3.amazonaws.com\/embed.animoto.com\/play.html?w=swf\/production\/vp1&amp;e=1402404044&amp;f=o5d21JiNvJdhaD36b2vEZg&amp;d=0&amp;m=p&amp;r=360p&amp;volume=100&amp;start_res=360p&amp;i=m&amp;ct=Prot%C3%A9gez%20votre%20entreprise.%20Aidez%20vos%20clients.%20Joignez-vous%20au%20R%C3%A9seau%20d%E2%80%99action%20immobilier%20d%C3%A8s%20aujourd'hui.&amp;cu=http:\/\/ReseaudActionImmobilier.ca&amp;asset_domain=s3-p.animoto.com&amp;animoto_domain=animoto.com&amp;options=\" width=\"640\" height=\"360\" frameborder=\"0\"><\/iframe><\/p>\n<p>&nbsp;<\/p>\n","protected":false},"excerpt":{"rendered":"<p>Chaque ann\u00e9e durant les Journ\u00e9es du CAP, les courtiers et agents immobiliers se rendent sur la Colline pour discuter avec les d\u00e9put\u00e9s des dossiers importants qui touchent les acheteurs de maisons, les propri\u00e9taires et les collectivit\u00e9s. Bien que pour certaines personnes, la seule mention du terme \u00ab politique \u00bb soit aussi invitante que la visite &hellip; <a href=\"https:\/\/archive.cafe.crea.ca\/fr\/parlons-politique-sur-la-colline-mais-dabord-laissez-moi-prendre-une-autophoto\/\" class=\"more-link\">Continue reading <span class=\"screen-reader-text\">Parlons politique sur la Colline\u2026 mais d\u2019abord, laissez-moi prendre une autophoto<\/span><\/a><\/p>\n","protected":false},"author":34,"featured_media":27543,"comment_status":"open","ping_status":"open","sticky":false,"template":"","format":"standard","meta":{"footnotes":""},"categories":[2369],"tags":[],"coauthors":[],"class_list":["post-30982","post","type-post","status-publish","format-standard","has-post-thumbnail","hentry","category-defense-des-interets"],"aioseo_notices":[],"_links":{"self":[{"href":"https:\/\/archive.cafe.crea.ca\/fr\/wp-json\/wp\/v2\/posts\/30982"}],"collection":[{"href":"https:\/\/archive.cafe.crea.ca\/fr\/wp-json\/wp\/v2\/posts"}],"about":[{"href":"https:\/\/archive.cafe.crea.ca\/fr\/wp-json\/wp\/v2\/types\/post"}],"author":[{"embeddable":true,"href":"https:\/\/archive.cafe.crea.ca\/fr\/wp-json\/wp\/v2\/users\/34"}],"replies":[{"embeddable":true,"href":"https:\/\/archive.cafe.crea.ca\/fr\/wp-json\/wp\/v2\/comments?post=30982"}],"version-history":[{"count":0,"href":"https:\/\/archive.cafe.crea.ca\/fr\/wp-json\/wp\/v2\/posts\/30982\/revisions"}],"wp:featuredmedia":[{"embeddable":true,"href":"https:\/\/archive.cafe.crea.ca\/fr\/wp-json\/wp\/v2\/media\/27543"}],"wp:attachment":[{"href":"https:\/\/archive.cafe.crea.ca\/fr\/wp-json\/wp\/v2\/media?parent=30982"}],"wp:term":[{"taxonomy":"category","embeddable":true,"href":"https:\/\/archive.cafe.crea.ca\/fr\/wp-json\/wp\/v2\/categories?post=30982"},{"taxonomy":"post_tag","embeddable":true,"href":"https:\/\/archive.cafe.crea.ca\/fr\/wp-json\/wp\/v2\/tags?post=30982"},{"taxonomy":"author","embeddable":true,"href":"https:\/\/archive.cafe.crea.ca\/fr\/wp-json\/wp\/v2\/coauthors?post=30982"}],"curies":[{"name":"wp","href":"https:\/\/api.w.org\/{rel}","templated":true}]}}