{"id":30937,"date":"2014-11-05T16:12:28","date_gmt":"2014-11-05T21:12:28","guid":{"rendered":"https:\/\/archive.cafe.crea.ca\/la-voie-du-changement-aidez-a-sauvegarder-le-pouvoir-dachat-du-regime-daccession-a-la-propriete\/"},"modified":"2014-11-05T16:12:28","modified_gmt":"2014-11-05T21:12:28","slug":"la-voie-du-changement-aidez-a-sauvegarder-le-pouvoir-dachat-du-regime-daccession-a-la-propriete","status":"publish","type":"post","link":"https:\/\/archive.cafe.crea.ca\/fr\/la-voie-du-changement-aidez-a-sauvegarder-le-pouvoir-dachat-du-regime-daccession-a-la-propriete\/","title":{"rendered":"La voie du changement : Aidez \u00e0 sauvegarder le pouvoir d\u2019achat du R\u00e9gime d\u2019accession \u00e0 la propri\u00e9t\u00e9"},"content":{"rendered":"<p>Il est fort probable que vos clients soient parmi les 2,6 millions de Canadiens \u00e0 avoir eu recours au R\u00e9gime d&rsquo;accession \u00e0 la propri\u00e9t\u00e9 (RAP) pour l&rsquo;achat de leur premi\u00e8re maison. Pour certains, cela leur a permis de devenir propri\u00e9taires en empruntant de leur R\u00e9gime enregistr\u00e9 d&rsquo;\u00e9pargne-retraite (REER) afin de faire un versement initial au lieu de demeurer locataires. Malheureusement, l&rsquo;inflation \u00e9rode progressivement la valeur du R\u00e9gime. Vos clients ont besoin de vous <a href=\"http:\/\/reseaudactionimmobilier.ca\" target=\"_blank\">entendre amorcer une conversation spontan\u00e9e<\/a> sur la Colline du Parlement afin de faire ajouter l&rsquo;indexation du RAP au budget de 2015.<\/p>\n<p>Comment notre effectif de plus de 109 000 membres peut-il le r\u00e9aliser?<\/p>\n<p><a href=\"http:\/\/archive.cafe.crea.ca\/?attachment_id=4615\" rel=\"attachment wp-att-4615\"><img loading=\"lazy\" decoding=\"async\" class=\"alignnone size-full wp-image-4615\" src=\"http:\/\/www.crea.ca\/wp-content\/uploads\/2014\/11\/PAC_Infographic-Cafe_fr_640px-1.jpg\" alt=\"PAC_Infographic-CafeNov5_french\" width=\"640\" height=\"2198\" \/><\/a><\/p>\n<p>&nbsp;<\/p>\n","protected":false},"excerpt":{"rendered":"<p>Il est fort probable que vos clients soient parmi les 2,6 millions de Canadiens \u00e0 avoir eu recours au R\u00e9gime d&rsquo;accession \u00e0 la propri\u00e9t\u00e9 (RAP) pour l&rsquo;achat de leur premi\u00e8re maison. Pour certains, cela leur a permis de devenir propri\u00e9taires en empruntant de leur R\u00e9gime enregistr\u00e9 d&rsquo;\u00e9pargne-retraite (REER) afin de faire un versement initial au &hellip; <a href=\"https:\/\/archive.cafe.crea.ca\/fr\/la-voie-du-changement-aidez-a-sauvegarder-le-pouvoir-dachat-du-regime-daccession-a-la-propriete\/\" class=\"more-link\">Continue reading <span class=\"screen-reader-text\">La voie du changement : Aidez \u00e0 sauvegarder le pouvoir d\u2019achat du R\u00e9gime d\u2019accession \u00e0 la propri\u00e9t\u00e9<\/span><\/a><\/p>\n","protected":false},"author":33,"featured_media":27632,"comment_status":"open","ping_status":"open","sticky":false,"template":"","format":"standard","meta":{"footnotes":""},"categories":[2369],"tags":[],"coauthors":[],"class_list":["post-30937","post","type-post","status-publish","format-standard","has-post-thumbnail","hentry","category-defense-des-interets"],"aioseo_notices":[],"_links":{"self":[{"href":"https:\/\/archive.cafe.crea.ca\/fr\/wp-json\/wp\/v2\/posts\/30937"}],"collection":[{"href":"https:\/\/archive.cafe.crea.ca\/fr\/wp-json\/wp\/v2\/posts"}],"about":[{"href":"https:\/\/archive.cafe.crea.ca\/fr\/wp-json\/wp\/v2\/types\/post"}],"author":[{"embeddable":true,"href":"https:\/\/archive.cafe.crea.ca\/fr\/wp-json\/wp\/v2\/users\/33"}],"replies":[{"embeddable":true,"href":"https:\/\/archive.cafe.crea.ca\/fr\/wp-json\/wp\/v2\/comments?post=30937"}],"version-history":[{"count":0,"href":"https:\/\/archive.cafe.crea.ca\/fr\/wp-json\/wp\/v2\/posts\/30937\/revisions"}],"wp:featuredmedia":[{"embeddable":true,"href":"https:\/\/archive.cafe.crea.ca\/fr\/wp-json\/wp\/v2\/media\/27632"}],"wp:attachment":[{"href":"https:\/\/archive.cafe.crea.ca\/fr\/wp-json\/wp\/v2\/media?parent=30937"}],"wp:term":[{"taxonomy":"category","embeddable":true,"href":"https:\/\/archive.cafe.crea.ca\/fr\/wp-json\/wp\/v2\/categories?post=30937"},{"taxonomy":"post_tag","embeddable":true,"href":"https:\/\/archive.cafe.crea.ca\/fr\/wp-json\/wp\/v2\/tags?post=30937"},{"taxonomy":"author","embeddable":true,"href":"https:\/\/archive.cafe.crea.ca\/fr\/wp-json\/wp\/v2\/coauthors?post=30937"}],"curies":[{"name":"wp","href":"https:\/\/api.w.org\/{rel}","templated":true}]}}