{"id":30901,"date":"2015-03-20T17:24:54","date_gmt":"2015-03-20T21:24:54","guid":{"rendered":"https:\/\/archive.cafe.crea.ca\/saveurs-de-la-semaine-le-20-mars-2015\/"},"modified":"2015-03-20T17:24:54","modified_gmt":"2015-03-20T21:24:54","slug":"saveurs-de-la-semaine-le-20-mars-2015","status":"publish","type":"post","link":"https:\/\/archive.cafe.crea.ca\/fr\/saveurs-de-la-semaine-le-20-mars-2015\/","title":{"rendered":"Saveurs de la semaine : le 20 mars 2015"},"content":{"rendered":"<p><em>Les Saveurs de la semaine sont votre source hebdomadaire de nouvelles et de reportages sur l\u2019immobilier qui auraient pu vous \u00e9chapper.<\/em><em> Notre \u00e9quipe des Saveurs de la semaine s\u2019acharne \u00e0 parcourir le Web, les groupes de nouvelles et les forums \u00e0 la recherche de reportages obscurs, bizarres, int\u00e9ressants et informatifs sur l\u2019immobilier ou des sujets connexes. Si vous d\u00e9sirez en contribuer un, veuillez l\u2019afficher \u00e0 notre section r\u00e9serv\u00e9e aux commentaires ou gazouiller sur le reportage en utilisant le mot-clic <strong>#Saveursdelasemaine<\/strong>. Faites-vous couler une bonne tasse de caf\u00e9 frais, savourez ces reportages\u2026 et faites-en peut-\u00eatre m\u00eame part \u00e0 vos amis et coll\u00e8gues. Bonne lecture!<\/em><\/p>\n<p><em>Voici mes choix de la semaine\u00a0:<\/em><\/p>\n<p>Les Echos partage \u00ab\u00a0<a href=\"http:\/\/www.lesechos.fr\/week-end\/le-meilleur-du-web\/index.php\" target=\"_blank\">le meilleur du Web<\/a>\u00a0\u00bb \u2013 incluant un bureau qui m\u00e9morise vos notes et une solution pour \u00e9liminer les ombres cr\u00e9\u00e9s pas les gratte-ciel.<\/p>\n<p>C\u2019est Miami ou Saint-Eustache? <a href=\"http:\/\/www.lapresse.ca\/maison\/immobilier\/projets-immobiliers\/201503\/19\/01-4853660-condos-haut-de-gamme-a-saint-eustache.php\" target=\"_blank\">Nouveaux condos haut de gamme<\/a>.<\/p>\n<p>En France\u00a0: une loi vot\u00e9e jeudi oblige <a href=\"http:\/\/immobilier.lefigaro.fr\/article\/il-va-falloir-verdir-les-toitures-commerciales_3cdc6c9a-ceda-11e4-9621-02a27d1dae82\/\" target=\"_blank\">d\u00e9sormais \u00e0 v\u00e9g\u00e9taliser<\/a> au moins partiellement les toits des nouveaux b\u00e2timents des zones commerciales.<\/p>\n<p>La traque aux immeubles <a href=\"http:\/\/immobilier.lefigaro.fr\/article\/la-traque-aux-immeubles-en-forme-de-lettre-est-lancee-_2aed3c9a-cd58-11e4-a999-9f5c811c8d7f\/\" target=\"_blank\">en forme de lettre est lanc\u00e9e<\/a> !<\/p>\n<p>Reconnaissez-vous ces 15\u00a0villes canadiennes? <a href=\"http:\/\/ici.radio-canada.ca\/nouvelles\/special\/questionnaires\/2015\/cartes-villes-canadiennes\/index.asp\" target=\"_blank\">Faites le test<\/a>.<\/p>\n<p>L&rsquo;architecte Jean Verville a r\u00e9ussi \u00e0 loger <a href=\"http:\/\/www.lapresse.ca\/maison\/decoration\/amenagement\/201503\/18\/01-4853295-quatre-pieces-en-une.php?utm_categorieinterne=trafficdrivers&amp;utm_contenuinterne=cyberpresse_B4_decoration_2641772_section_POS1\" target=\"_blank\">quatre \u00ab\u00a0pi\u00e8ces\u00a0\u00bb dans un minuscule espace<\/a> de 7 m<sup>2<\/sup>.<\/p>\n","protected":false},"excerpt":{"rendered":"<p>Les Saveurs de la semaine sont votre source hebdomadaire de nouvelles et de reportages sur l\u2019immobilier qui auraient pu vous \u00e9chapper. Notre \u00e9quipe des Saveurs de la semaine s\u2019acharne \u00e0 parcourir le Web, les groupes de nouvelles et les forums \u00e0 la recherche de reportages obscurs, bizarres, int\u00e9ressants et informatifs sur l\u2019immobilier ou des sujets &hellip; <a href=\"https:\/\/archive.cafe.crea.ca\/fr\/saveurs-de-la-semaine-le-20-mars-2015\/\" class=\"more-link\">Continue reading <span class=\"screen-reader-text\">Saveurs de la semaine : le 20 mars 2015<\/span><\/a><\/p>\n","protected":false},"author":23,"featured_media":27464,"comment_status":"open","ping_status":"open","sticky":false,"template":"","format":"standard","meta":{"footnotes":""},"categories":[2372],"tags":[],"coauthors":[],"class_list":["post-30901","post","type-post","status-publish","format-standard","has-post-thumbnail","hentry","category-divers"],"aioseo_notices":[],"_links":{"self":[{"href":"https:\/\/archive.cafe.crea.ca\/fr\/wp-json\/wp\/v2\/posts\/30901"}],"collection":[{"href":"https:\/\/archive.cafe.crea.ca\/fr\/wp-json\/wp\/v2\/posts"}],"about":[{"href":"https:\/\/archive.cafe.crea.ca\/fr\/wp-json\/wp\/v2\/types\/post"}],"author":[{"embeddable":true,"href":"https:\/\/archive.cafe.crea.ca\/fr\/wp-json\/wp\/v2\/users\/23"}],"replies":[{"embeddable":true,"href":"https:\/\/archive.cafe.crea.ca\/fr\/wp-json\/wp\/v2\/comments?post=30901"}],"version-history":[{"count":0,"href":"https:\/\/archive.cafe.crea.ca\/fr\/wp-json\/wp\/v2\/posts\/30901\/revisions"}],"wp:featuredmedia":[{"embeddable":true,"href":"https:\/\/archive.cafe.crea.ca\/fr\/wp-json\/wp\/v2\/media\/27464"}],"wp:attachment":[{"href":"https:\/\/archive.cafe.crea.ca\/fr\/wp-json\/wp\/v2\/media?parent=30901"}],"wp:term":[{"taxonomy":"category","embeddable":true,"href":"https:\/\/archive.cafe.crea.ca\/fr\/wp-json\/wp\/v2\/categories?post=30901"},{"taxonomy":"post_tag","embeddable":true,"href":"https:\/\/archive.cafe.crea.ca\/fr\/wp-json\/wp\/v2\/tags?post=30901"},{"taxonomy":"author","embeddable":true,"href":"https:\/\/archive.cafe.crea.ca\/fr\/wp-json\/wp\/v2\/coauthors?post=30901"}],"curies":[{"name":"wp","href":"https:\/\/api.w.org\/{rel}","templated":true}]}}