{"id":30898,"date":"2015-03-27T17:37:05","date_gmt":"2015-03-27T21:37:05","guid":{"rendered":"https:\/\/archive.cafe.crea.ca\/saveurs-de-la-semaine-le-27-mars-2015\/"},"modified":"2015-03-27T17:37:05","modified_gmt":"2015-03-27T21:37:05","slug":"saveurs-de-la-semaine-le-27-mars-2015","status":"publish","type":"post","link":"https:\/\/archive.cafe.crea.ca\/fr\/saveurs-de-la-semaine-le-27-mars-2015\/","title":{"rendered":"Saveurs de la semaine : le 27 mars 2015"},"content":{"rendered":"<p><em>Les Saveurs de la semaine sont votre source hebdomadaire de nouvelles et de reportages sur l\u2019immobilier qui auraient pu vous \u00e9chapper.<\/em><em> Notre \u00e9quipe des Saveurs de la semaine s\u2019acharne \u00e0 parcourir le Web, les groupes de nouvelles et les forums \u00e0 la recherche de reportages obscurs, bizarres, int\u00e9ressants et informatifs sur l\u2019immobilier ou des sujets connexes. Si vous d\u00e9sirez en contribuer un, veuillez l\u2019afficher \u00e0 notre section r\u00e9serv\u00e9e aux commentaires ou gazouiller sur le reportage en utilisant le mot-clic <strong>#Saveursdelasemaine<\/strong>. Faites-vous couler une bonne tasse de caf\u00e9 frais, savourez ces reportages\u2026 et faites-en peut-\u00eatre m\u00eame part \u00e0 vos amis et coll\u00e8gues. Bonne lecture!<\/em><\/p>\n<p><em>Voici mes choix de la semaine\u00a0:<\/em><\/p>\n<p>Maxime Bergeron de La Presse discute de <a href=\"http:\/\/tinyurl.com\/orv9cpm\" target=\"_blank\">l\u2019attrait de la ville c. la banlieue<\/a>.<\/p>\n<p>Les id\u00e9es d\u00e9co de la semaine\u00a0: <a href=\"http:\/\/tinyurl.com\/nqchd7k\" target=\"_blank\">tendances du printemps<\/a>; nouveaux <a href=\"http:\/\/tinyurl.com\/pa2r4nr\" target=\"_blank\">essentiels pour la terrasse<\/a>; <a href=\"http:\/\/tinyurl.com\/ork47pb\" target=\"_blank\">meubles c\u00f4t\u00e9 c\u0153ur<\/a>; nouvelle <a href=\"http:\/\/tinyurl.com\/lytzost\" target=\"_blank\">vie pour la m\u00e9lamine<\/a> et <a href=\"http:\/\/tinyurl.com\/mmkqj45\" target=\"_blank\">habitation d\u2019avenir<\/a>.<\/p>\n<p>La rue o\u00f9 l\u2019on retrouve les maisons les plus ch\u00e8res \u00e0 Montr\u00e9al? La <a href=\"http:\/\/tinyurl.com\/pg47ujh\" target=\"_blank\">place Belv\u00e9d\u00e8re<\/a>.<\/p>\n<p>D\u2019apr\u00e8s Le Droit, Gatineau <a href=\"http:\/\/tinyurl.com\/nfdgp5l\" target=\"_blank\">s\u2019int\u00e9resse aux poules de ville<\/a>.<\/p>\n<p>Dynamique entrepreneuriale pr\u00e9sente les <a href=\"http:\/\/www.dynamique-mag.com\/article\/sites-internet-vont-changer-immobilier.6352\" target=\"_blank\">5 sites Internet qui vont changer l\u2019immobilier<\/a> (de la France).<\/p>\n<p>D\u2019apr\u00e8s un sondage de CSA\/Groupe Pichet, <a href=\"http:\/\/www.pap.fr\/actualites\/immobilier-quatre-francais-sur-dix-veulent-acheter\/a17410\" target=\"_blank\">quatre Fran\u00e7ais sur dix veulent acheter<\/a>.<\/p>\n<p>Boursorama estime que <a href=\"http:\/\/www.boursorama.com\/actualites\/immobilier--paris-est-la-ville-ou-le-pouvoir-d-achat-a-le-plus-chute-3a3c45ad42ff316d2b7ffef96d381ff4\" target=\"_blank\">Paris est la ville o\u00f9 le pouvoir d\u2019achat a le plus chut\u00e9<\/a>. L\u2019Observateur estime que la <a href=\"http:\/\/tempsreel.nouvelobs.com\/immobilier\/special-immobilier\/20150325.OBS5473\/france-un-marche-immobilier-contraste.html\" target=\"_blank\">France est un march\u00e9 immobilier contrast\u00e9<\/a>.<\/p>\n<p>\u00c0 la suite d\u2019une enqu\u00eate qui a d\u00e9couvert que 42\u00a0% des agences immobili\u00e8res fran\u00e7aises ne respectent pas leurs taux pour les honoraires, elles auront bient\u00f4t leur Commission de contr\u00f4le\u00a0: les articles de <a href=\"http:\/\/www.liberation.fr\/economie\/2015\/03\/25\/honoraires-de-location-4-agences-immobilieres-sur-10-dans-l-illegalite_1228063\" target=\"_blank\">Lib\u00e9ration<\/a>, du <a href=\"http:\/\/www.lemonde.fr\/logement\/article\/2015\/03\/25\/quatre-agents-immobiliers-sur-dix-ne-respectent-pas-les-tarifs-d-honoraires-de-location_4600634_1653445.html\" target=\"_blank\">Monde<\/a>, de <a href=\"http:\/\/www.pap.fr\/actualites\/immobilier-polemique-sur-les-frais-d-agence\/a17413\" target=\"_blank\">Particulier \u00e0 particulier<\/a> et des <a href=\"http:\/\/www.lesechos.fr\/industrie-services\/immobilier-btp\/0204253835701-honoraires-de-location-42-des-agences-immobilieres-ne-respectent-pas-la-loi-1105357.php\" target=\"_blank\">\u00c9chos<\/a>.<\/p>\n<p>La Vie Immo rapporte que <a href=\"http:\/\/www.lavieimmo.com\/prix-immobilier\/1-acheteur-sur-2-negocie-quel-que-soit-le-prix-30826.html\" target=\"_blank\">1 acheteur sur 2 n\u00e9gocie, quel que soit le prix<\/a>.<\/p>\n<p>D\u00e9couvrez l\u2019incroyable \u00ab\u00a0<a href=\"http:\/\/www.lavieimmo.com\/insolite\/decouvrez-l-incroyable-arbre-a-logements-en-italie-30686.html\" target=\"_blank\">arbre \u00e0 logements<\/a>\u00a0\u00bb en Italie.<\/p>\n<p>Thailande.fr nous informe que <a href=\"http:\/\/www.thailande-fr.com\/immobilier\/33815-le-marche-immobilier-redemarre-a-bangkok\" target=\"_blank\">le march\u00e9 immobilier red\u00e9marre \u00e0 Bangkok<\/a>.<\/p>\n","protected":false},"excerpt":{"rendered":"<p>Les Saveurs de la semaine sont votre source hebdomadaire de nouvelles et de reportages sur l\u2019immobilier qui auraient pu vous \u00e9chapper. Notre \u00e9quipe des Saveurs de la semaine s\u2019acharne \u00e0 parcourir le Web, les groupes de nouvelles et les forums \u00e0 la recherche de reportages obscurs, bizarres, int\u00e9ressants et informatifs sur l\u2019immobilier ou des sujets &hellip; <a href=\"https:\/\/archive.cafe.crea.ca\/fr\/saveurs-de-la-semaine-le-27-mars-2015\/\" class=\"more-link\">Continue reading <span class=\"screen-reader-text\">Saveurs de la semaine : le 27 mars 2015<\/span><\/a><\/p>\n","protected":false},"author":23,"featured_media":27464,"comment_status":"open","ping_status":"open","sticky":false,"template":"","format":"standard","meta":{"footnotes":""},"categories":[2372],"tags":[],"coauthors":[],"class_list":["post-30898","post","type-post","status-publish","format-standard","has-post-thumbnail","hentry","category-divers"],"aioseo_notices":[],"_links":{"self":[{"href":"https:\/\/archive.cafe.crea.ca\/fr\/wp-json\/wp\/v2\/posts\/30898"}],"collection":[{"href":"https:\/\/archive.cafe.crea.ca\/fr\/wp-json\/wp\/v2\/posts"}],"about":[{"href":"https:\/\/archive.cafe.crea.ca\/fr\/wp-json\/wp\/v2\/types\/post"}],"author":[{"embeddable":true,"href":"https:\/\/archive.cafe.crea.ca\/fr\/wp-json\/wp\/v2\/users\/23"}],"replies":[{"embeddable":true,"href":"https:\/\/archive.cafe.crea.ca\/fr\/wp-json\/wp\/v2\/comments?post=30898"}],"version-history":[{"count":0,"href":"https:\/\/archive.cafe.crea.ca\/fr\/wp-json\/wp\/v2\/posts\/30898\/revisions"}],"wp:featuredmedia":[{"embeddable":true,"href":"https:\/\/archive.cafe.crea.ca\/fr\/wp-json\/wp\/v2\/media\/27464"}],"wp:attachment":[{"href":"https:\/\/archive.cafe.crea.ca\/fr\/wp-json\/wp\/v2\/media?parent=30898"}],"wp:term":[{"taxonomy":"category","embeddable":true,"href":"https:\/\/archive.cafe.crea.ca\/fr\/wp-json\/wp\/v2\/categories?post=30898"},{"taxonomy":"post_tag","embeddable":true,"href":"https:\/\/archive.cafe.crea.ca\/fr\/wp-json\/wp\/v2\/tags?post=30898"},{"taxonomy":"author","embeddable":true,"href":"https:\/\/archive.cafe.crea.ca\/fr\/wp-json\/wp\/v2\/coauthors?post=30898"}],"curies":[{"name":"wp","href":"https:\/\/api.w.org\/{rel}","templated":true}]}}