{"id":30895,"date":"2015-04-02T17:48:42","date_gmt":"2015-04-02T21:48:42","guid":{"rendered":"https:\/\/archive.cafe.crea.ca\/saveurs-de-la-semaine-le-2-avril-2015\/"},"modified":"2015-04-02T17:48:42","modified_gmt":"2015-04-02T21:48:42","slug":"saveurs-de-la-semaine-le-2-avril-2015","status":"publish","type":"post","link":"https:\/\/archive.cafe.crea.ca\/fr\/saveurs-de-la-semaine-le-2-avril-2015\/","title":{"rendered":"Saveurs de la semaine : le 2 avril 2015"},"content":{"rendered":"<p><em>Les Saveurs de la semaine sont votre source hebdomadaire de nouvelles et de reportages sur l\u2019immobilier qui auraient pu vous \u00e9chapper.<\/em><em> Notre \u00e9quipe des Saveurs de la semaine s\u2019acharne \u00e0 parcourir le Web, les groupes de nouvelles et les forums \u00e0 la recherche de reportages obscurs, bizarres, int\u00e9ressants et informatifs sur l\u2019immobilier ou des sujets connexes. Si vous d\u00e9sirez en contribuer un, veuillez l\u2019afficher \u00e0 notre section r\u00e9serv\u00e9e aux commentaires ou gazouiller sur le reportage en utilisant le mot-clic <strong>#Saveursdelasemaine<\/strong>. Faites-vous couler une bonne tasse de caf\u00e9 frais, savourez ces reportages\u2026 et faites-en peut-\u00eatre m\u00eame part \u00e0 vos amis et coll\u00e8gues. Bonne lecture!<\/em><\/p>\n<p><em>Voici mes choix de la semaine\u00a0:<\/em><\/p>\n<p>La Presse sugg\u00e8re que la <a href=\"http:\/\/tinyurl.com\/pvt9efr\" target=\"_blank\">Ville de Montr\u00e9al pourrait bannir foyers et po\u00eales polluants d\u00e8s l\u2019an prochain<\/a>.<\/p>\n<p>Le Devoir conf\u00e8re que le gouvernement songe \u00e0 <a href=\"http:\/\/tinyurl.com\/okklokl\" target=\"_blank\">aider les ain\u00e9s \u00e0 att\u00e9nuer les hausses de taxe fonci\u00e8re<\/a>.<\/p>\n<p>Les id\u00e9es d\u00e9co de la semaine\u00a0: <a href=\"http:\/\/tinyurl.com\/nq25tfz\" target=\"_blank\">piscines<\/a>; <a href=\"http:\/\/tinyurl.com\/ono9prz\" target=\"_blank\">tables printani\u00e8res<\/a> et <a href=\"http:\/\/tinyurl.com\/neprj9y\" target=\"_blank\">\u00e9viter les d\u00e9g\u00e2ts d\u2019eau<\/a>.<\/p>\n<p>Le Journal de l\u2019Habitation discute d\u2019une <a href=\"http:\/\/tinyurl.com\/pfvj78d\" target=\"_blank\">initiative de sensibilisation de la part des \u00e9valuateurs<\/a>.<\/p>\n<p>Le Figaro offre un reportage sur <a href=\"http:\/\/immobilier.lefigaro.fr\/article\/l-incroyable-patrimoine-immobilier-de-la-scientologie_1cfe8aae-d6b2-11e4-9938-4f0614ad288a\/\" target=\"_blank\">l\u2019incroyable patrimoine immobilier de la Scientologie<\/a>.<\/p>\n<p>Le Monde propose <a href=\"http:\/\/www.lemonde.fr\/argent\/article\/2015\/03\/30\/immobilier-les-8-villes-ou-investir_4606056_1657007.html\" target=\"_blank\">8 villes o\u00f9 investir en immobilier<\/a>.<\/p>\n<p>Batiactu rassemble le <a href=\"http:\/\/www.batiactu.com\/edito\/immobilier---top-10-des-rues-les-plus-cheres-de-pa-40834.php\" target=\"_blank\">top 10 des rues les plus ch\u00e8res de Paris<\/a>.<\/p>\n<p>L\u2019Espagne vous tente? La Vie Immo discute du <a href=\"http:\/\/www.lavieimmo.com\/avis-experts\/le-marche-immobilier-barcelonais-en-2015-30864.html\" target=\"_blank\">march\u00e9 immobilier barcelonais en 2015<\/a>.<\/p>\n<p>Le Vif raconte <a href=\"http:\/\/www.levif.be\/actualite\/insolite\/l-etrange-histoire-d-une-espagnole-proprietaire-du-soleil\/article-normal-373079.html\" target=\"_blank\">l\u2019\u00e9trange histoire d\u2019une Espagnole propri\u00e9taire du Soleil<\/a>.<\/p>\n<p>L\u2019Observateur souligne que <a href=\"http:\/\/tempsreel.nouvelobs.com\/immobilier\/monde\/20150401.OBS6138\/chine-le-gouvernement-veut-relancer-le-marche-immobillier.html\" target=\"_blank\">le gouvernement chinois veut relancer le march\u00e9 immobilier<\/a>.<\/p>\n","protected":false},"excerpt":{"rendered":"<p>Les Saveurs de la semaine sont votre source hebdomadaire de nouvelles et de reportages sur l\u2019immobilier qui auraient pu vous \u00e9chapper. Notre \u00e9quipe des Saveurs de la semaine s\u2019acharne \u00e0 parcourir le Web, les groupes de nouvelles et les forums \u00e0 la recherche de reportages obscurs, bizarres, int\u00e9ressants et informatifs sur l\u2019immobilier ou des sujets &hellip; <a href=\"https:\/\/archive.cafe.crea.ca\/fr\/saveurs-de-la-semaine-le-2-avril-2015\/\" class=\"more-link\">Continue reading <span class=\"screen-reader-text\">Saveurs de la semaine : le 2 avril 2015<\/span><\/a><\/p>\n","protected":false},"author":23,"featured_media":27464,"comment_status":"open","ping_status":"open","sticky":false,"template":"","format":"standard","meta":{"footnotes":""},"categories":[2372],"tags":[],"coauthors":[],"class_list":["post-30895","post","type-post","status-publish","format-standard","has-post-thumbnail","hentry","category-divers"],"aioseo_notices":[],"_links":{"self":[{"href":"https:\/\/archive.cafe.crea.ca\/fr\/wp-json\/wp\/v2\/posts\/30895"}],"collection":[{"href":"https:\/\/archive.cafe.crea.ca\/fr\/wp-json\/wp\/v2\/posts"}],"about":[{"href":"https:\/\/archive.cafe.crea.ca\/fr\/wp-json\/wp\/v2\/types\/post"}],"author":[{"embeddable":true,"href":"https:\/\/archive.cafe.crea.ca\/fr\/wp-json\/wp\/v2\/users\/23"}],"replies":[{"embeddable":true,"href":"https:\/\/archive.cafe.crea.ca\/fr\/wp-json\/wp\/v2\/comments?post=30895"}],"version-history":[{"count":0,"href":"https:\/\/archive.cafe.crea.ca\/fr\/wp-json\/wp\/v2\/posts\/30895\/revisions"}],"wp:featuredmedia":[{"embeddable":true,"href":"https:\/\/archive.cafe.crea.ca\/fr\/wp-json\/wp\/v2\/media\/27464"}],"wp:attachment":[{"href":"https:\/\/archive.cafe.crea.ca\/fr\/wp-json\/wp\/v2\/media?parent=30895"}],"wp:term":[{"taxonomy":"category","embeddable":true,"href":"https:\/\/archive.cafe.crea.ca\/fr\/wp-json\/wp\/v2\/categories?post=30895"},{"taxonomy":"post_tag","embeddable":true,"href":"https:\/\/archive.cafe.crea.ca\/fr\/wp-json\/wp\/v2\/tags?post=30895"},{"taxonomy":"author","embeddable":true,"href":"https:\/\/archive.cafe.crea.ca\/fr\/wp-json\/wp\/v2\/coauthors?post=30895"}],"curies":[{"name":"wp","href":"https:\/\/api.w.org\/{rel}","templated":true}]}}