{"id":30892,"date":"2015-04-10T17:42:42","date_gmt":"2015-04-10T21:42:42","guid":{"rendered":"https:\/\/archive.cafe.crea.ca\/saveurs-de-la-semaine-le-10-avril-2015\/"},"modified":"2015-04-10T17:42:42","modified_gmt":"2015-04-10T21:42:42","slug":"saveurs-de-la-semaine-le-10-avril-2015","status":"publish","type":"post","link":"https:\/\/archive.cafe.crea.ca\/fr\/saveurs-de-la-semaine-le-10-avril-2015\/","title":{"rendered":"Saveurs de la semaine : le 10 avril 2015"},"content":{"rendered":"<p><em>Les Saveurs de la semaine sont votre source hebdomadaire de nouvelles et de reportages sur l\u2019immobilier qui auraient pu vous \u00e9chapper.<\/em><em> Notre \u00e9quipe des Saveurs de la semaine s\u2019acharne \u00e0 parcourir le Web, les groupes de nouvelles et les forums \u00e0 la recherche de reportages obscurs, bizarres, int\u00e9ressants et informatifs sur l\u2019immobilier ou des sujets connexes. Si vous d\u00e9sirez en contribuer un, veuillez l\u2019afficher \u00e0 notre section r\u00e9serv\u00e9e aux commentaires ou gazouiller sur le reportage en utilisant le mot-clic <strong>#Saveursdelasemaine<\/strong>. Faites-vous couler une bonne tasse de caf\u00e9 frais, savourez ces reportages\u2026 et faites-en peut-\u00eatre m\u00eame part \u00e0 vos amis et coll\u00e8gues. Bonne lecture!<\/em><\/p>\n<p><em>Voici mes choix de la semaine\u00a0:<\/em><\/p>\n<p>Les id\u00e9es d\u00e9co de la semaine\u00a0: <a href=\"http:\/\/tinyurl.com\/qgddaam\" target=\"_blank\">arachides dans son jardin<\/a>; <a href=\"http:\/\/tinyurl.com\/knmo5gx\" target=\"_blank\">teintes neutres<\/a> et un <a href=\"http:\/\/tinyurl.com\/mfosu5z\" target=\"_blank\">potager dans sa cuisine<\/a>.<\/p>\n<p>Le Soleil note que la <a href=\"http:\/\/tinyurl.com\/od5m5kl\" target=\"_blank\">ville de Qu\u00e9bec veut offrir aux jeunes familles de l\u2019aide pour une mise de fonds<\/a>.<\/p>\n<p>D\u2019apr\u00e8s\u00a0Le Nouvelliste, certains citoyens de <a href=\"http:\/\/tinyurl.com\/ljo2au4\" target=\"_blank\">Trois-Rivi\u00e8res sont contre la r\u00e9forme des noms de rues<\/a>.<\/p>\n<p>Cano\u00eb Argent consid\u00e8re que <a href=\"http:\/\/fr.canoe.ca\/argent\/depenser\/projetdevie\/archives\/2015\/04\/20150407-162340.html\" target=\"_blank\">les acheteurs sont avis\u00e9s et responsables<\/a>.<\/p>\n<p>Leonardo DiCaprio se <a href=\"http:\/\/www.challenges.fr\/cinema\/20150408.CHA4742\/leonardo-dicaprio-se-lance-dans-le-tourisme-responsable.html\" target=\"_blank\">lance dans le tourisme responsable<\/a>.<\/p>\n<p>Les <a href=\"http:\/\/www.challenges.fr\/patrimoine\/20150409.CHA4776\/immobilier-les-nouvelles-rues-les-plus-cheres-du-monopoly.html\" target=\"_blank\">vrais prix des rues du Monopoly<\/a> (version fran\u00e7aise).<\/p>\n<p>Le Parisien s\u2019interroge \u00e0 savoir si le <a href=\"http:\/\/www.leparisien.fr\/flash-actualite-economie\/le-marche-immobilier-de-l-ancien-verra-t-il-le-retour-des-primo-accedants-en-2015-09-04-2015-4678545.php#xtref=http%3A%2F%2Fwww.google.ca%2Furl%3Fsa%3Dt%24rct%3Dj%24q%3D%24esrc%3Ds%24source%3Dnewssearch%24cd%3D1%24cad%3Drja%24uact%3D8%24ved%3D0CBwQqQIoADAA%24url%3Dhttp%253A%252F%252Fwww.leparisien.fr%252Fflash-actualite-economie%252Fle-marche-immobilier-de-l\" target=\"_blank\">march\u00e9 immobilier de l\u2019ancien verra le retour des primo-acc\u00e9dants en 2015<\/a>.<\/p>\n<p>La Vie Immo discute du <a href=\"http:\/\/www.lavieimmo.com\/insolite\/tiny-house-la-petite-maison-en-bois-qui-fait-un-carton-30948.html\" target=\"_blank\">ph\u00e9nom\u00e8ne \u2018tiny house\u2019<\/a>.<\/p>\n<p>AB Courtage publie <a href=\"http:\/\/www.abcourtage.com\/news\/insolites-immobilier-fevrier-2015-2-103698\/\" target=\"_blank\">les insolites immobiliers de mars 2015<\/a>.<\/p>\n<p>Voici le <a href=\"http:\/\/afriqueinside.com\/le-buzz-de-limmobilier-le-top-5-des-villes-en-afrique-pour-investir-dans-limmobilier-commercial09042015\/\" target=\"_blank\">top 5 des villes en Afrique pour investir dans l\u2019immobilier<\/a>.<\/p>\n","protected":false},"excerpt":{"rendered":"<p>Les Saveurs de la semaine sont votre source hebdomadaire de nouvelles et de reportages sur l\u2019immobilier qui auraient pu vous \u00e9chapper. Notre \u00e9quipe des Saveurs de la semaine s\u2019acharne \u00e0 parcourir le Web, les groupes de nouvelles et les forums \u00e0 la recherche de reportages obscurs, bizarres, int\u00e9ressants et informatifs sur l\u2019immobilier ou des sujets &hellip; <a href=\"https:\/\/archive.cafe.crea.ca\/fr\/saveurs-de-la-semaine-le-10-avril-2015\/\" class=\"more-link\">Continue reading <span class=\"screen-reader-text\">Saveurs de la semaine : le 10 avril 2015<\/span><\/a><\/p>\n","protected":false},"author":23,"featured_media":27464,"comment_status":"open","ping_status":"open","sticky":false,"template":"","format":"standard","meta":{"footnotes":""},"categories":[2372],"tags":[],"coauthors":[],"class_list":["post-30892","post","type-post","status-publish","format-standard","has-post-thumbnail","hentry","category-divers"],"aioseo_notices":[],"_links":{"self":[{"href":"https:\/\/archive.cafe.crea.ca\/fr\/wp-json\/wp\/v2\/posts\/30892"}],"collection":[{"href":"https:\/\/archive.cafe.crea.ca\/fr\/wp-json\/wp\/v2\/posts"}],"about":[{"href":"https:\/\/archive.cafe.crea.ca\/fr\/wp-json\/wp\/v2\/types\/post"}],"author":[{"embeddable":true,"href":"https:\/\/archive.cafe.crea.ca\/fr\/wp-json\/wp\/v2\/users\/23"}],"replies":[{"embeddable":true,"href":"https:\/\/archive.cafe.crea.ca\/fr\/wp-json\/wp\/v2\/comments?post=30892"}],"version-history":[{"count":0,"href":"https:\/\/archive.cafe.crea.ca\/fr\/wp-json\/wp\/v2\/posts\/30892\/revisions"}],"wp:featuredmedia":[{"embeddable":true,"href":"https:\/\/archive.cafe.crea.ca\/fr\/wp-json\/wp\/v2\/media\/27464"}],"wp:attachment":[{"href":"https:\/\/archive.cafe.crea.ca\/fr\/wp-json\/wp\/v2\/media?parent=30892"}],"wp:term":[{"taxonomy":"category","embeddable":true,"href":"https:\/\/archive.cafe.crea.ca\/fr\/wp-json\/wp\/v2\/categories?post=30892"},{"taxonomy":"post_tag","embeddable":true,"href":"https:\/\/archive.cafe.crea.ca\/fr\/wp-json\/wp\/v2\/tags?post=30892"},{"taxonomy":"author","embeddable":true,"href":"https:\/\/archive.cafe.crea.ca\/fr\/wp-json\/wp\/v2\/coauthors?post=30892"}],"curies":[{"name":"wp","href":"https:\/\/api.w.org\/{rel}","templated":true}]}}