{"id":30889,"date":"2015-04-23T12:48:18","date_gmt":"2015-04-23T16:48:18","guid":{"rendered":"https:\/\/archive.cafe.crea.ca\/cinq-similarites-entre-les-journees-du-cap-et-manny-pacquiao\/"},"modified":"2015-04-23T12:48:18","modified_gmt":"2015-04-23T16:48:18","slug":"cinq-similarites-entre-les-journees-du-cap-et-manny-pacquiao","status":"publish","type":"post","link":"https:\/\/archive.cafe.crea.ca\/fr\/cinq-similarites-entre-les-journees-du-cap-et-manny-pacquiao\/","title":{"rendered":"Cinq similarit\u00e9s entre les Journ\u00e9es du CAP et Manny Pacquiao"},"content":{"rendered":"<p>Que sont les Journ\u00e9es du CAP? Qui est Manny Pacquiao? Si vous vous posez ces questions, permettez-moi d\u2019abord de vous souhaiter la bienvenue dans le monde de la d\u00e9fense des int\u00e9r\u00eats politiques des courtiers et agents immobiliers, et des grandes vedettes de l\u2019athl\u00e9tisme du vingt et uni\u00e8me si\u00e8cle. Si vous me suivez jusqu\u2019ici, s\u2019il-vous pla\u00eet, restez avec moi \u00e0 mesure que cette comparaison deviendra tout ce \u00e0 quoi son titre suggestif vous a fait penser, et plus. Maintenant, ne regardez pas plus loin pendant que nous dressons la <em>liste des caract\u00e9ristiques<\/em> de ce que ces deux choses en apparence sans rapport, notre congr\u00e8s annuel de d\u00e9fense des int\u00e9r\u00eats et un boxeur international c\u00e9l\u00e8bre, ont en commun. Je vous assure que c\u2019est beaucoup plus que les lettres CAP.<\/p>\n<h3><em>N<sup>o<\/sup>\u00a01. Ils sont deux des plus importants programmes \u00e0 l\u2019affiche \u00e0 Las Vegas et \u00e0 Ottawa (Las Vegas du nord) respectivement la semaine prochaine.<\/em><\/h3>\n<p>C\u2019est exact, dans le cadre des Journ\u00e9es du comit\u00e9 d\u2019action politique (CAP) de 2015, les <strong>26, 27 et 28 avril 2015, les courtiers et agents immobiliers de l\u2019ensemble du pays se rendront sur la Colline du Parlement<\/strong> pour rencontrer leur d\u00e9put\u00e9 et des d\u00e9cideurs, et pour d\u00e9fendre les int\u00e9r\u00eats des acheteurs de maison et des propri\u00e9taires.<\/p>\n<p>Quelques jours plus tard, le <strong>2 mai, Manny Pacquiao montera sur le ring pour affronter Floyd Mayweather Jr.<\/strong> durant ce que les m\u00e9dias qualifient de combat de boxe le plus lucratif de tous les temps.<\/p>\n<h3><em>N<sup>o\u00a0<\/sup>2. Ils franchiront un CAP d\u00e9cisif!<\/em><\/h3>\n<p>Repr\u00e9sentant plus de 109\u00a0000 membres <strong>arriv\u00e9s en masse sur la Colline du Parlement<\/strong>, la pr\u00e9sence des courtiers et agents immobiliers se fait sentir et <strong>symbolise la force \u00e0 l\u2019origine de notre effort de lobbying<\/strong> communautaire.<\/p>\n<p>Affichant un poids de 147 livres et une taille de 5 pieds 6 pouces, Manny \u00ab\u00a0PAC Man\u00a0\u00bb Pacquiao est reconnu comme \u00e9tant un boxeur redoutable, <strong>un fonceur insurpassable, class\u00e9 depuis longtemps le plus puissant \u00e0 poids \u00e9gal au monde. <\/strong><\/p>\n<h3><em>N<sup>o<\/sup>\u00a03. Ils travaillent de la gauche comme de la droite.<\/em><\/h3>\n<p><strong>Le congr\u00e8s des Journ\u00e9es du CAP est une initiative de lobbying non partisane<\/strong> o\u00f9 nous accueillons des politiciens, des pontes, des journalistes et des commentateurs de toutes les all\u00e9geances politiques afin de plonger les participants dans l\u2019exp\u00e9rience politique d\u2019Ottawa.<\/p>\n<p>Manny Pacquiao d\u00e9montre sa puissance, autant de la gauche que de la droite. <strong>Il est gaucher, <\/strong>mais son entra\u00eeneur du temple de la renomm\u00e9e nous affirme <strong>qu\u2019il vaut mieux ne pas recevoir son coup en pleine figure non plus.<\/strong><\/p>\n<h3><em>N<sup>o<\/sup>\u00a04. Ils sont synonymes de parlementarisme.<\/em><\/h3>\n<p>Manny Pacquiao a \u00e9t\u00e9 \u00e9lu pour la premi\u00e8re fois en 2010 \u00e0 la Chambre des repr\u00e9sentants des Philippines, o\u00f9 il si\u00e8ge encore aujourd\u2019hui \u00e0 titre de membre \u00e9lu. <strong>Les rencontres avec les parlementaires sont l\u2019aspect le plus important des Journ\u00e9es du CAP dans leur ensemble,<\/strong> et sont sa raison d\u2019\u00eatre.<\/p>\n<h3><em>N<sup>o<\/sup>\u00a05. Ils offrent tous deux un excellent spectacle.<\/em><\/h3>\n<p><strong>Qu\u2019il s\u2019agisse des projecteurs du MGM Grand ou du l\u00e9g\u00e8rement moins tape-\u00e0-l\u2019\u0153il du Westin Ottawa, vous ne voudrez pas manquer le spectacle. <\/strong>Tout comme Manny Pacquiao affrontera Floyd Mayweather Jr., nous nous pr\u00e9parons \u00e0 regarder et \u00e0 \u00e9couter certains poids lourds comme Peter Mansbridge du r\u00e9seau CBC, Anne-Marie Slaughter, l\u2019ancienne conseill\u00e8re d\u2019Hillary Clinton, et le groupe de pontes des Journ\u00e9es du CAP, Tim Powers, Warren Kinsella et Kathleen Monk.<\/p>\n<p>Pour en savoir plus sur la d\u00e9fense des int\u00e9r\u00eats politiques des courtiers et agents immobiliers ou sur les Journ\u00e9es du CAP, vous n\u2019avez pas besoin de vous tourner vers la t\u00e9l\u00e9 payante; visitez tout simplement le <a href=\"http:\/\/reseaudactionimmobilier.ca\" target=\"_blank\">r\u00e9seaudactionimmobilier.ca<\/a> d\u00e8s aujourd\u2019hui.<\/p>\n<p>Vous \u00eates toujours curieux de savoir qui est Manny Pacquiao, ce \u00ab\u00a0jeune arriviste\u00a0\u00bb? Allez voir son <a href=\"http:\/\/mp8.ph\/\" target=\"_blank\">site Web officiel<\/a> ou songez \u00e0 devenir l\u2019une des 6\u00a0121\u00a0412 personnes qui ont cliqu\u00e9 <a href=\"https:\/\/www.facebook.com\/TopRankMannyPacquiao\" target=\"_blank\">\u00ab\u00a0J&rsquo;aime \u00bb sur Facebook<\/a>.<\/p>\n<p>&nbsp;<\/p>\n","protected":false},"excerpt":{"rendered":"<p>Que sont les Journ\u00e9es du CAP? Qui est Manny Pacquiao? Si vous vous posez ces questions, permettez-moi d\u2019abord de vous souhaiter la bienvenue dans le monde de la d\u00e9fense des int\u00e9r\u00eats politiques des courtiers et agents immobiliers, et des grandes vedettes de l\u2019athl\u00e9tisme du vingt et uni\u00e8me si\u00e8cle. Si vous me suivez jusqu\u2019ici, s\u2019il-vous pla\u00eet, &hellip; <a href=\"https:\/\/archive.cafe.crea.ca\/fr\/cinq-similarites-entre-les-journees-du-cap-et-manny-pacquiao\/\" class=\"more-link\">Continue reading <span class=\"screen-reader-text\">Cinq similarit\u00e9s entre les Journ\u00e9es du CAP et Manny Pacquiao<\/span><\/a><\/p>\n","protected":false},"author":15,"featured_media":27576,"comment_status":"open","ping_status":"open","sticky":false,"template":"","format":"standard","meta":{"footnotes":""},"categories":[2369],"tags":[],"coauthors":[],"class_list":["post-30889","post","type-post","status-publish","format-standard","has-post-thumbnail","hentry","category-defense-des-interets"],"aioseo_notices":[],"_links":{"self":[{"href":"https:\/\/archive.cafe.crea.ca\/fr\/wp-json\/wp\/v2\/posts\/30889"}],"collection":[{"href":"https:\/\/archive.cafe.crea.ca\/fr\/wp-json\/wp\/v2\/posts"}],"about":[{"href":"https:\/\/archive.cafe.crea.ca\/fr\/wp-json\/wp\/v2\/types\/post"}],"author":[{"embeddable":true,"href":"https:\/\/archive.cafe.crea.ca\/fr\/wp-json\/wp\/v2\/users\/15"}],"replies":[{"embeddable":true,"href":"https:\/\/archive.cafe.crea.ca\/fr\/wp-json\/wp\/v2\/comments?post=30889"}],"version-history":[{"count":0,"href":"https:\/\/archive.cafe.crea.ca\/fr\/wp-json\/wp\/v2\/posts\/30889\/revisions"}],"wp:featuredmedia":[{"embeddable":true,"href":"https:\/\/archive.cafe.crea.ca\/fr\/wp-json\/wp\/v2\/media\/27576"}],"wp:attachment":[{"href":"https:\/\/archive.cafe.crea.ca\/fr\/wp-json\/wp\/v2\/media?parent=30889"}],"wp:term":[{"taxonomy":"category","embeddable":true,"href":"https:\/\/archive.cafe.crea.ca\/fr\/wp-json\/wp\/v2\/categories?post=30889"},{"taxonomy":"post_tag","embeddable":true,"href":"https:\/\/archive.cafe.crea.ca\/fr\/wp-json\/wp\/v2\/tags?post=30889"},{"taxonomy":"author","embeddable":true,"href":"https:\/\/archive.cafe.crea.ca\/fr\/wp-json\/wp\/v2\/coauthors?post=30889"}],"curies":[{"name":"wp","href":"https:\/\/api.w.org\/{rel}","templated":true}]}}