{"id":30886,"date":"2015-05-01T15:43:07","date_gmt":"2015-05-01T19:43:07","guid":{"rendered":"https:\/\/archive.cafe.crea.ca\/saveurs-de-la-semaine-le-1-mai-2015\/"},"modified":"2015-05-01T15:43:07","modified_gmt":"2015-05-01T19:43:07","slug":"saveurs-de-la-semaine-le-1-mai-2015","status":"publish","type":"post","link":"https:\/\/archive.cafe.crea.ca\/fr\/saveurs-de-la-semaine-le-1-mai-2015\/","title":{"rendered":"Saveurs de la semaine : le 1 mai 2015"},"content":{"rendered":"<p><em>Les Saveurs de la semaine sont votre source hebdomadaire de nouvelles et de reportages sur l\u2019immobilier qui auraient pu vous \u00e9chapper.<\/em><em> Notre \u00e9quipe des Saveurs de la semaine s\u2019acharne \u00e0 parcourir le Web, les groupes de nouvelles et les forums \u00e0 la recherche de reportages obscurs, bizarres, int\u00e9ressants et informatifs sur l\u2019immobilier ou des sujets connexes. Si vous d\u00e9sirez en contribuer un, veuillez l\u2019afficher \u00e0 notre section r\u00e9serv\u00e9e aux commentaires ou gazouiller sur le reportage en utilisant le mot-clic <strong>#Saveursdelasemaine<\/strong>. Faites-vous couler une bonne tasse de caf\u00e9 frais, savourez ces reportages\u2026 et faites-en peut-\u00eatre m\u00eame part \u00e0 vos amis et coll\u00e8gues. Bonne lecture!<\/em><\/p>\n<p><em>Voici mes choix de la semaine\u00a0:<\/em><\/p>\n<p>Desjardins constate que <a href=\"http:\/\/tinyurl.com\/ntept2k\" target=\"_blank\">l\u2019acc\u00e8s \u00e0 la propri\u00e9t\u00e9 s\u2019am\u00e9liore au Qu\u00e9bec<\/a>.<\/p>\n<p>Joannie Fontaine des Affaires consid\u00e8re <a href=\"http:\/\/tinyurl.com\/myglv5e\" target=\"_blank\">le co\u00fbt d\u2019une vente de propri\u00e9t\u00e9 sans garantie l\u00e9gale<\/a>.<\/p>\n<p>Les Affaires se rend compte qu\u2019<a href=\"http:\/\/tinyurl.com\/ov3cujn\" target=\"_blank\">il n\u2019y a pas que Netflix<\/a>.<\/p>\n<p>Le Journal de Montr\u00e9al propose <a href=\"http:\/\/tinyurl.com\/p8guozl\" target=\"_blank\">des trucs pour amasser sa mise de fonds<\/a>.<\/p>\n<p>Les conseils d\u00e9co de la semaine\u00a0: <a href=\"http:\/\/tinyurl.com\/kf9sf2l\" target=\"_blank\">comment suivre les tendances<\/a> (sans se ruiner); <a href=\"http:\/\/tinyurl.com\/p93wwre\" target=\"_blank\">jongler avec les couleurs<\/a>; <a href=\"http:\/\/tinyurl.com\/mtl4rv8\" target=\"_blank\">voir clair dans une pi\u00e8ce sombre<\/a>; <a href=\"http:\/\/tinyurl.com\/laxllzj\" target=\"_blank\">camoufler les couleurs vives<\/a>.<\/p>\n<p>Wouhou! En immobilier, <a href=\"http:\/\/patrimoine.lesechos.fr\/patrimoine\/immobilier\/02139255668-immobilier-paris-moins-chere-que-londres-et-new-york-1115552.php\" target=\"_blank\">Paris est moins ch\u00e8re que Londres et New York<\/a>.<\/p>\n<p>Le Monde rapporte que <a href=\"http:\/\/www.lemonde.fr\/argent\/article\/2015\/04\/25\/le-filon-des-ventes-immobilieres-aux-encheres_4622613_1657007.html\" target=\"_blank\">les ventes immobili\u00e8res aux ench\u00e8res<\/a> gagnent en popularit\u00e9.<\/p>\n<p>JDN estime que <a href=\"http:\/\/www.journaldunet.com\/economie\/expert\/60784\/l-immobilier---l-humain-au-coeur-des-echanges.shtml\" target=\"_blank\">l\u2019humain demeure au c\u0153ur des \u00e9changes immobiliers<\/a>.<\/p>\n<p>Le Nouvel Observateur discute d\u2019un nouveau produit pour \u00e9duquer et informer les Fran\u00e7ais sur <a href=\"http:\/\/tempsreel.nouvelobs.com\/immobilier\/achat-vente\/20150428.OBS8119\/une-box-pour-devenir-proprietaire.html\" target=\"_blank\">l\u2019achat, l\u2019investissement locatif ou la cr\u00e9ation d\u2019une soci\u00e9t\u00e9 civile immobili\u00e8re<\/a>.<\/p>\n<p>Boursorama pr\u00e9sente le <a href=\"http:\/\/www.boursorama.com\/actualites\/immobilier-58-de-proprietaires-en-france-c1f9683ebabba5086a0d474d9271741f\" target=\"_blank\">portrait des propri\u00e9taires de biens immobiliers fran\u00e7ais<\/a>.<\/p>\n<p>D\u2019apr\u00e8s Slate, des <a href=\"http:\/\/www.slate.fr\/story\/100983\/agences-immobilieres-chine-figurants-blancs-prix\" target=\"_blank\">agences immobili\u00e8res chinoises embauchent des figurants blancs<\/a> pour faire augmenter les prix.<\/p>\n","protected":false},"excerpt":{"rendered":"<p>Les Saveurs de la semaine sont votre source hebdomadaire de nouvelles et de reportages sur l\u2019immobilier qui auraient pu vous \u00e9chapper. Notre \u00e9quipe des Saveurs de la semaine s\u2019acharne \u00e0 parcourir le Web, les groupes de nouvelles et les forums \u00e0 la recherche de reportages obscurs, bizarres, int\u00e9ressants et informatifs sur l\u2019immobilier ou des sujets &hellip; <a href=\"https:\/\/archive.cafe.crea.ca\/fr\/saveurs-de-la-semaine-le-1-mai-2015\/\" class=\"more-link\">Continue reading <span class=\"screen-reader-text\">Saveurs de la semaine : le 1 mai 2015<\/span><\/a><\/p>\n","protected":false},"author":23,"featured_media":27464,"comment_status":"open","ping_status":"open","sticky":false,"template":"","format":"standard","meta":{"footnotes":""},"categories":[2372],"tags":[],"coauthors":[],"class_list":["post-30886","post","type-post","status-publish","format-standard","has-post-thumbnail","hentry","category-divers"],"aioseo_notices":[],"_links":{"self":[{"href":"https:\/\/archive.cafe.crea.ca\/fr\/wp-json\/wp\/v2\/posts\/30886"}],"collection":[{"href":"https:\/\/archive.cafe.crea.ca\/fr\/wp-json\/wp\/v2\/posts"}],"about":[{"href":"https:\/\/archive.cafe.crea.ca\/fr\/wp-json\/wp\/v2\/types\/post"}],"author":[{"embeddable":true,"href":"https:\/\/archive.cafe.crea.ca\/fr\/wp-json\/wp\/v2\/users\/23"}],"replies":[{"embeddable":true,"href":"https:\/\/archive.cafe.crea.ca\/fr\/wp-json\/wp\/v2\/comments?post=30886"}],"version-history":[{"count":0,"href":"https:\/\/archive.cafe.crea.ca\/fr\/wp-json\/wp\/v2\/posts\/30886\/revisions"}],"wp:featuredmedia":[{"embeddable":true,"href":"https:\/\/archive.cafe.crea.ca\/fr\/wp-json\/wp\/v2\/media\/27464"}],"wp:attachment":[{"href":"https:\/\/archive.cafe.crea.ca\/fr\/wp-json\/wp\/v2\/media?parent=30886"}],"wp:term":[{"taxonomy":"category","embeddable":true,"href":"https:\/\/archive.cafe.crea.ca\/fr\/wp-json\/wp\/v2\/categories?post=30886"},{"taxonomy":"post_tag","embeddable":true,"href":"https:\/\/archive.cafe.crea.ca\/fr\/wp-json\/wp\/v2\/tags?post=30886"},{"taxonomy":"author","embeddable":true,"href":"https:\/\/archive.cafe.crea.ca\/fr\/wp-json\/wp\/v2\/coauthors?post=30886"}],"curies":[{"name":"wp","href":"https:\/\/api.w.org\/{rel}","templated":true}]}}