{"id":30884,"date":"2015-05-08T17:17:08","date_gmt":"2015-05-08T21:17:08","guid":{"rendered":"https:\/\/archive.cafe.crea.ca\/saveurs-de-la-semaine-le-7-mai-2015\/"},"modified":"2015-05-08T17:17:08","modified_gmt":"2015-05-08T21:17:08","slug":"saveurs-de-la-semaine-le-7-mai-2015","status":"publish","type":"post","link":"https:\/\/archive.cafe.crea.ca\/fr\/saveurs-de-la-semaine-le-7-mai-2015\/","title":{"rendered":"Saveurs de la semaine : le 7 mai 2015"},"content":{"rendered":"<p><em>Les Saveurs de la semaine sont votre source hebdomadaire de nouvelles et de reportages sur l\u2019immobilier qui auraient pu vous \u00e9chapper.<\/em><em> Notre \u00e9quipe des Saveurs de la semaine s\u2019acharne \u00e0 parcourir le Web, les groupes de nouvelles et les forums \u00e0 la recherche de reportages obscurs, bizarres, int\u00e9ressants et informatifs sur l\u2019immobilier ou des sujets connexes. Si vous d\u00e9sirez en contribuer un, veuillez l\u2019afficher \u00e0 notre section r\u00e9serv\u00e9e aux commentaires ou gazouiller sur le reportage en utilisant le mot-clic <strong>#Saveursdelasemaine<\/strong>. Faites-vous couler une bonne tasse de caf\u00e9 frais, savourez ces reportages\u2026 et faites-en peut-\u00eatre m\u00eame part \u00e0 vos amis et coll\u00e8gues. Bonne lecture!<\/em><\/p>\n<p><em>Voici mes choix de la semaine\u00a0:<\/em><\/p>\n<p>Les conseils d\u00e9co de la semaine\u00a0: la <a href=\"http:\/\/tinyurl.com\/l6h2pat\" target=\"_blank\">revanche du bois<\/a>; comment <a href=\"http:\/\/tinyurl.com\/p4ogbm8\" target=\"_blank\">acclimater ses plantes<\/a> et <a href=\"http:\/\/tinyurl.com\/nr8evcr\" target=\"_blank\">\u00e9viter de payer deux fois ses r\u00e9novations<\/a><\/p>\n<p>Le Soleil offre un reportage sur <a href=\"http:\/\/tinyurl.com\/ka8ap8t\" target=\"_blank\">un garage-atelier<\/a> qui a pris un an de planification.<\/p>\n<p>La Presse discute du <a href=\"http:\/\/tinyurl.com\/my4ncd3\" target=\"_blank\">projet de ville intelligente du Maire Coderre<\/a>.<\/p>\n<p>Ren\u00e9 V\u00e9zina des Affaires constate qu\u2019en immobilier, <a href=\"http:\/\/www.lesaffaires.com\/blogues\/rene-vezina\/immobilier--montreal-plus-a-risque-que-vancouver-\/578462\" target=\"_blank\">Montr\u00e9al est plus \u00e0 risque que Vancouver<\/a> (d\u2019apr\u00e8s la SCHL).<\/p>\n<p>Le PDG de Zillow (site Web d\u2019annonces immobili\u00e8res am\u00e9ricaines) <a href=\"http:\/\/www.journaldunet.com\/economie\/immobilier\/1151575-conseils-du-pdg-de-zillow\/\" target=\"_blank\">offre ses 13 conseils malins<\/a>.<\/p>\n<p>En France, il y a discussion autour du concept visant \u00e0 <a href=\"http:\/\/www.lemoniteur.fr\/article\/immobilier-taxer-les-annonces-entre-particuliers-28475096\" target=\"_blank\">taxer les annonces immobili\u00e8res entre particuliers<\/a>.<\/p>\n<p>D\u2019apr\u00e8s Les Echos, les <a href=\"http:\/\/patrimoine.lesechos.fr\/patrimoine\/immobilier\/02153844832-immobilier-les-professionnels-plus-optimistes-pour-2015-1117391.php\" target=\"_blank\">professionnels de l\u2019immobilier sont plus optimistes pour 2015<\/a>.<\/p>\n<p>Le Figaro propose le <a href=\"http:\/\/immobilier.lefigaro.fr\/article\/le-palmares-2015-des-villes-ou-investir-dans-l-immobilier_9dc32538-f272-11e4-b7ed-f46c0daff1e1\/\" target=\"_blank\">palmar\u00e8s 2015 des villes fran\u00e7aises o\u00f9 investir en immobilier<\/a>.<\/p>\n<p>La Tribune tente d\u2019\u00e9lucider <a href=\"http:\/\/www.latribune.fr\/vos-finances\/immobilier\/immobilier-pourquoi-londres-devient-plus-cher-que-paris-473355.html\" target=\"_blank\">pourquoi Londres devient plus cher que Paris<\/a>.<\/p>\n","protected":false},"excerpt":{"rendered":"<p>Les Saveurs de la semaine sont votre source hebdomadaire de nouvelles et de reportages sur l\u2019immobilier qui auraient pu vous \u00e9chapper. Notre \u00e9quipe des Saveurs de la semaine s\u2019acharne \u00e0 parcourir le Web, les groupes de nouvelles et les forums \u00e0 la recherche de reportages obscurs, bizarres, int\u00e9ressants et informatifs sur l\u2019immobilier ou des sujets &hellip; <a href=\"https:\/\/archive.cafe.crea.ca\/fr\/saveurs-de-la-semaine-le-7-mai-2015\/\" class=\"more-link\">Continue reading <span class=\"screen-reader-text\">Saveurs de la semaine : le 7 mai 2015<\/span><\/a><\/p>\n","protected":false},"author":23,"featured_media":27464,"comment_status":"open","ping_status":"open","sticky":false,"template":"","format":"standard","meta":{"footnotes":""},"categories":[2372],"tags":[],"coauthors":[],"class_list":["post-30884","post","type-post","status-publish","format-standard","has-post-thumbnail","hentry","category-divers"],"aioseo_notices":[],"_links":{"self":[{"href":"https:\/\/archive.cafe.crea.ca\/fr\/wp-json\/wp\/v2\/posts\/30884"}],"collection":[{"href":"https:\/\/archive.cafe.crea.ca\/fr\/wp-json\/wp\/v2\/posts"}],"about":[{"href":"https:\/\/archive.cafe.crea.ca\/fr\/wp-json\/wp\/v2\/types\/post"}],"author":[{"embeddable":true,"href":"https:\/\/archive.cafe.crea.ca\/fr\/wp-json\/wp\/v2\/users\/23"}],"replies":[{"embeddable":true,"href":"https:\/\/archive.cafe.crea.ca\/fr\/wp-json\/wp\/v2\/comments?post=30884"}],"version-history":[{"count":0,"href":"https:\/\/archive.cafe.crea.ca\/fr\/wp-json\/wp\/v2\/posts\/30884\/revisions"}],"wp:featuredmedia":[{"embeddable":true,"href":"https:\/\/archive.cafe.crea.ca\/fr\/wp-json\/wp\/v2\/media\/27464"}],"wp:attachment":[{"href":"https:\/\/archive.cafe.crea.ca\/fr\/wp-json\/wp\/v2\/media?parent=30884"}],"wp:term":[{"taxonomy":"category","embeddable":true,"href":"https:\/\/archive.cafe.crea.ca\/fr\/wp-json\/wp\/v2\/categories?post=30884"},{"taxonomy":"post_tag","embeddable":true,"href":"https:\/\/archive.cafe.crea.ca\/fr\/wp-json\/wp\/v2\/tags?post=30884"},{"taxonomy":"author","embeddable":true,"href":"https:\/\/archive.cafe.crea.ca\/fr\/wp-json\/wp\/v2\/coauthors?post=30884"}],"curies":[{"name":"wp","href":"https:\/\/api.w.org\/{rel}","templated":true}]}}