{"id":30882,"date":"2015-05-15T17:41:02","date_gmt":"2015-05-15T21:41:02","guid":{"rendered":"https:\/\/archive.cafe.crea.ca\/saveurs-de-la-semaine-le-15-mai-2015\/"},"modified":"2015-05-15T17:41:02","modified_gmt":"2015-05-15T21:41:02","slug":"saveurs-de-la-semaine-le-15-mai-2015","status":"publish","type":"post","link":"https:\/\/archive.cafe.crea.ca\/fr\/saveurs-de-la-semaine-le-15-mai-2015\/","title":{"rendered":"Saveurs de la semaine : le 15 mai 2015"},"content":{"rendered":"<p><em>Les Saveurs de la semaine sont votre source hebdomadaire de nouvelles et de reportages sur l\u2019immobilier qui auraient pu vous \u00e9chapper.<\/em><em> Notre \u00e9quipe des Saveurs de la semaine s\u2019acharne \u00e0 parcourir le Web, les groupes de nouvelles et les forums \u00e0 la recherche de reportages obscurs, bizarres, int\u00e9ressants et informatifs sur l\u2019immobilier ou des sujets connexes. Si vous d\u00e9sirez en contribuer un, veuillez l\u2019afficher \u00e0 notre section r\u00e9serv\u00e9e aux commentaires ou gazouiller sur le reportage en utilisant le mot-clic <strong>#Saveursdelasemaine<\/strong>. Faites-vous couler une bonne tasse de caf\u00e9 frais, savourez ces reportages\u2026 et faites-en peut-\u00eatre m\u00eame part \u00e0 vos amis et coll\u00e8gues. Bonne lecture!<\/em><\/p>\n<p><em>Voici mes choix de la semaine\u00a0:<\/em><\/p>\n<p>Les id\u00e9es d\u00e9co de la semaine\u00a0: <a href=\"http:\/\/tinyurl.com\/kbmnm84\" target=\"_blank\">pin noueux<\/a>, <a href=\"http:\/\/tinyurl.com\/m9hlhae\" target=\"_blank\">transplanter les v\u00e9g\u00e9taux<\/a> et <a href=\"http:\/\/tinyurl.com\/me6ddtd\" target=\"_blank\">une pelouse qui n\u2019est pas une pelouse<\/a>.<\/p>\n<p>Le Soleil constate qu\u2019<a href=\"http:\/\/tinyurl.com\/qbgymu4\" target=\"_blank\">un bon entretien prime sur la d\u00e9co tape-\u00e0-l\u2019\u0153il<\/a>.<\/p>\n<p>Cano\u00eb offre des conseils pour <a href=\"http:\/\/tinyurl.com\/nbabeqf\" target=\"_blank\">ne pas rebuter les acheteurs potentiels<\/a>.<\/p>\n<p>St\u00e9phanie Grammond de La Presse se demande <a href=\"http:\/\/tinyurl.com\/q6p8pnt\" target=\"_blank\">\u00e0 quand un protecteur des clients d\u2019Hydro-Qu\u00e9bec<\/a>?<\/p>\n<p>Le Droit conclut que <a href=\"http:\/\/tinyurl.com\/n9x44gm\" target=\"_blank\">l\u2019\u00e9talement de la ville de Gatineau co\u00fbte cher aux contribuables<\/a>.<\/p>\n<p>La premi\u00e8re ministre de la <a href=\"http:\/\/ici.radio-canada.ca\/regions\/colombie-britannique\/2015\/05\/13\/005-immobilier-taxes-etrangers-vancouver.shtml\" target=\"_blank\">Colombie-Britannique refuse de d\u00e9courager les investisseurs \u00e9trangers<\/a>.<\/p>\n<p>Il semble qu\u2019\u00e0 <a href=\"http:\/\/www.conseiller.ca\/nouvelles\/insolite-achetez-une-maison-pour-un-dollar-53607\" target=\"_blank\">Buffalo, New York, les r\u00e9sidents peuvent acheter une maison abandonn\u00e9e pour 1 $<\/a>.<\/p>\n<p>Le Figaro ose demander si <a href=\"http:\/\/immobilier.lefigaro.fr\/article\/cuba-un-futur-eldorado-pour-l-immobilier-_f2ee30c0-f7a4-11e4-9bf0-56683ba7481d\/\" target=\"_blank\">Cuba est un futur eldorado pour l\u2019immobilier<\/a>.<\/p>\n<p>Le Figaro demande aussi si <a href=\"http:\/\/immobilier.lefigaro.fr\/article\/immobilier-moins-de-paperasse-pour-faciliter-les-ventes_f3f40eda-f7cd-11e4-864f-554de7028f42\/\" target=\"_blank\">moins de \u00ab\u00a0paperasse\u00a0\u00bb faciliterait les ventes<\/a> en France.<\/p>\n<p>Bousorama discute de <a href=\"http:\/\/www.boursorama.com\/actualites\/la-verite-sur-les-realites-des-proprietaires-immobiliers-555199113dc7221c2df4b9dd2676adfb\" target=\"_blank\">la v\u00e9rit\u00e9 sur les r\u00e9alit\u00e9s des propri\u00e9taires immobiliers<\/a>.<\/p>\n<p>Tout sur mes finances discute de <a href=\"http:\/\/www.toutsurlescredits.com\/credit-immobilier-on-peut-trouver-des-solutions-au-dela-de-70-ans.html\" target=\"_blank\">pr\u00eats immobiliers pour les 70 ans et plus<\/a> en France.<\/p>\n","protected":false},"excerpt":{"rendered":"<p>Les Saveurs de la semaine sont votre source hebdomadaire de nouvelles et de reportages sur l\u2019immobilier qui auraient pu vous \u00e9chapper. Notre \u00e9quipe des Saveurs de la semaine s\u2019acharne \u00e0 parcourir le Web, les groupes de nouvelles et les forums \u00e0 la recherche de reportages obscurs, bizarres, int\u00e9ressants et informatifs sur l\u2019immobilier ou des sujets &hellip; <a href=\"https:\/\/archive.cafe.crea.ca\/fr\/saveurs-de-la-semaine-le-15-mai-2015\/\" class=\"more-link\">Continue reading <span class=\"screen-reader-text\">Saveurs de la semaine : le 15 mai 2015<\/span><\/a><\/p>\n","protected":false},"author":23,"featured_media":27464,"comment_status":"open","ping_status":"open","sticky":false,"template":"","format":"standard","meta":{"footnotes":""},"categories":[2372],"tags":[],"coauthors":[],"class_list":["post-30882","post","type-post","status-publish","format-standard","has-post-thumbnail","hentry","category-divers"],"aioseo_notices":[],"_links":{"self":[{"href":"https:\/\/archive.cafe.crea.ca\/fr\/wp-json\/wp\/v2\/posts\/30882"}],"collection":[{"href":"https:\/\/archive.cafe.crea.ca\/fr\/wp-json\/wp\/v2\/posts"}],"about":[{"href":"https:\/\/archive.cafe.crea.ca\/fr\/wp-json\/wp\/v2\/types\/post"}],"author":[{"embeddable":true,"href":"https:\/\/archive.cafe.crea.ca\/fr\/wp-json\/wp\/v2\/users\/23"}],"replies":[{"embeddable":true,"href":"https:\/\/archive.cafe.crea.ca\/fr\/wp-json\/wp\/v2\/comments?post=30882"}],"version-history":[{"count":0,"href":"https:\/\/archive.cafe.crea.ca\/fr\/wp-json\/wp\/v2\/posts\/30882\/revisions"}],"wp:featuredmedia":[{"embeddable":true,"href":"https:\/\/archive.cafe.crea.ca\/fr\/wp-json\/wp\/v2\/media\/27464"}],"wp:attachment":[{"href":"https:\/\/archive.cafe.crea.ca\/fr\/wp-json\/wp\/v2\/media?parent=30882"}],"wp:term":[{"taxonomy":"category","embeddable":true,"href":"https:\/\/archive.cafe.crea.ca\/fr\/wp-json\/wp\/v2\/categories?post=30882"},{"taxonomy":"post_tag","embeddable":true,"href":"https:\/\/archive.cafe.crea.ca\/fr\/wp-json\/wp\/v2\/tags?post=30882"},{"taxonomy":"author","embeddable":true,"href":"https:\/\/archive.cafe.crea.ca\/fr\/wp-json\/wp\/v2\/coauthors?post=30882"}],"curies":[{"name":"wp","href":"https:\/\/api.w.org\/{rel}","templated":true}]}}