{"id":30880,"date":"2015-05-22T17:34:07","date_gmt":"2015-05-22T21:34:07","guid":{"rendered":"https:\/\/archive.cafe.crea.ca\/saveurs-de-la-semaine-le-22-mai-2015\/"},"modified":"2015-05-22T17:34:07","modified_gmt":"2015-05-22T21:34:07","slug":"saveurs-de-la-semaine-le-22-mai-2015","status":"publish","type":"post","link":"https:\/\/archive.cafe.crea.ca\/fr\/saveurs-de-la-semaine-le-22-mai-2015\/","title":{"rendered":"Saveurs de la semaine : le 22 mai 2015"},"content":{"rendered":"<p><em>Les Saveurs de la semaine sont votre source hebdomadaire de nouvelles et de reportages sur l\u2019immobilier qui auraient pu vous \u00e9chapper.<\/em><em> Notre \u00e9quipe des Saveurs de la semaine s\u2019acharne \u00e0 parcourir le Web, les groupes de nouvelles et les forums \u00e0 la recherche de reportages obscurs, bizarres, int\u00e9ressants et informatifs sur l\u2019immobilier ou des sujets connexes. Si vous d\u00e9sirez en contribuer un, veuillez l\u2019afficher \u00e0 notre section r\u00e9serv\u00e9e aux commentaires ou gazouiller sur le reportage en utilisant le mot-clic <strong>#Saveursdelasemaine<\/strong>. Faites-vous couler une bonne tasse de caf\u00e9 frais, savourez ces reportages\u2026 et faites-en peut-\u00eatre m\u00eame part \u00e0 vos amis et coll\u00e8gues. Bonne lecture!<\/em><\/p>\n<p><em>Voici mes choix de la semaine\u00a0:<\/em><\/p>\n<p>Deux bonnes questions auxquelles r\u00e9pond Les Affaires cette semaine\u00a0: <a href=\"http:\/\/tinyurl.com\/n95osd8\" target=\"_blank\">faut-il attendre que le march\u00e9 baisse pour acheter?<\/a> et <a href=\"http:\/\/tinyurl.com\/k7g9qq6\" target=\"_blank\">devenir propri\u00e9taire, est-ce plus ou moins abordable qu\u2019avant?<\/a><\/p>\n<p>L\u2019Institut Fraser conclut que <a href=\"http:\/\/tinyurl.com\/mt2yccw\" target=\"_blank\">l\u2019endettement des m\u00e9nages n\u2019est pas si alarmant<\/a>.<\/p>\n<p>Le Devoir estime que <a href=\"http:\/\/tinyurl.com\/lr495ue\" target=\"_blank\">les prises d\u2019eau potable sont \u00e0 risque<\/a> avec le projet \u00c9nergie Est.<\/p>\n<p>Les id\u00e9es d\u00e9co de la semaine\u00a0: <a href=\"http:\/\/tinyurl.com\/mx4md5c\" target=\"_blank\">cabanons de filles<\/a>, <a href=\"http:\/\/tinyurl.com\/le8apwx\" target=\"_blank\">bars \u00e0 domicile<\/a> et comment <a href=\"http:\/\/tinyurl.com\/mr5r5pv\" target=\"_blank\">diviser des petits espaces<\/a>.<\/p>\n<p>Vous r\u00eavez de l\u2019Italie? Pourquoi pas <a href=\"http:\/\/affaires.lapresse.ca\/economie\/hors-cote\/201505\/21\/01-4871324-une-villa-italienne-en-vente-sur-alibaba-pour-20-millions.php?utm_categorieinterne=trafficdrivers&amp;utm_contenuinterne=lapresseaffaires_LA5_nouvelles_98718_accueil_POS4\" target=\"_blank\">une villa italienne \u00e0 20 M $<\/a>, mise en vente par un particulier?<\/p>\n<p>En parlant de dettes, on dit que les <a href=\"http:\/\/www.lemonde.fr\/argent\/article\/2015\/05\/20\/immobilier-les-proprietaires-francais-quatre-fois-moins-endettes-que-les-danois_4636868_1657007.html\" target=\"_blank\">propri\u00e9taires fran\u00e7ais sont quatre fois moins endett\u00e9s que les Danois<\/a>.<\/p>\n<p>Hmmm\u2026 d\u2019apr\u00e8s Le Figaro, les <a href=\"http:\/\/immobilier.lefigaro.fr\/article\/les-francais-et-les-professionnels-de-l-immobilier-je-t-aime-moi-non-plus_5957b350-fdee-11e4-8e41-bd113a000150\/\" target=\"_blank\">professionnels de l\u2019immobilier fran\u00e7ais n\u2019ont pas une image tr\u00e8s flatteuse<\/a>.<\/p>\n<p>Le Monde souligne que <a href=\"http:\/\/www.lemonde.fr\/economie\/article\/2015\/05\/20\/immobilier-les-courtiers-s-imposent-sur-le-marche-tres-actif-de-la-renegociation-de-prets_4636896_3234.html\" target=\"_blank\">les Fran\u00e7ais se pr\u00e9cipitent vers les pr\u00eateurs pour profiter des bas taux d\u2019int\u00e9r\u00eat<\/a>.<\/p>\n<p>Un d\u00e9put\u00e9 fran\u00e7ais propose <a href=\"http:\/\/www.lavieimmo.com\/insolite\/affaire-maryvonne-un-depute-veut-penaliser-davantage-les-squatteurs-31298.html\" target=\"_blank\">une loi pour prot\u00e9ger les propri\u00e9taires immobiliers des squatteurs<\/a>.<\/p>\n","protected":false},"excerpt":{"rendered":"<p>Les Saveurs de la semaine sont votre source hebdomadaire de nouvelles et de reportages sur l\u2019immobilier qui auraient pu vous \u00e9chapper. Notre \u00e9quipe des Saveurs de la semaine s\u2019acharne \u00e0 parcourir le Web, les groupes de nouvelles et les forums \u00e0 la recherche de reportages obscurs, bizarres, int\u00e9ressants et informatifs sur l\u2019immobilier ou des sujets &hellip; <a href=\"https:\/\/archive.cafe.crea.ca\/fr\/saveurs-de-la-semaine-le-22-mai-2015\/\" class=\"more-link\">Continue reading <span class=\"screen-reader-text\">Saveurs de la semaine : le 22 mai 2015<\/span><\/a><\/p>\n","protected":false},"author":23,"featured_media":27464,"comment_status":"open","ping_status":"open","sticky":false,"template":"","format":"standard","meta":{"footnotes":""},"categories":[2372],"tags":[],"coauthors":[],"class_list":["post-30880","post","type-post","status-publish","format-standard","has-post-thumbnail","hentry","category-divers"],"aioseo_notices":[],"_links":{"self":[{"href":"https:\/\/archive.cafe.crea.ca\/fr\/wp-json\/wp\/v2\/posts\/30880"}],"collection":[{"href":"https:\/\/archive.cafe.crea.ca\/fr\/wp-json\/wp\/v2\/posts"}],"about":[{"href":"https:\/\/archive.cafe.crea.ca\/fr\/wp-json\/wp\/v2\/types\/post"}],"author":[{"embeddable":true,"href":"https:\/\/archive.cafe.crea.ca\/fr\/wp-json\/wp\/v2\/users\/23"}],"replies":[{"embeddable":true,"href":"https:\/\/archive.cafe.crea.ca\/fr\/wp-json\/wp\/v2\/comments?post=30880"}],"version-history":[{"count":0,"href":"https:\/\/archive.cafe.crea.ca\/fr\/wp-json\/wp\/v2\/posts\/30880\/revisions"}],"wp:featuredmedia":[{"embeddable":true,"href":"https:\/\/archive.cafe.crea.ca\/fr\/wp-json\/wp\/v2\/media\/27464"}],"wp:attachment":[{"href":"https:\/\/archive.cafe.crea.ca\/fr\/wp-json\/wp\/v2\/media?parent=30880"}],"wp:term":[{"taxonomy":"category","embeddable":true,"href":"https:\/\/archive.cafe.crea.ca\/fr\/wp-json\/wp\/v2\/categories?post=30880"},{"taxonomy":"post_tag","embeddable":true,"href":"https:\/\/archive.cafe.crea.ca\/fr\/wp-json\/wp\/v2\/tags?post=30880"},{"taxonomy":"author","embeddable":true,"href":"https:\/\/archive.cafe.crea.ca\/fr\/wp-json\/wp\/v2\/coauthors?post=30880"}],"curies":[{"name":"wp","href":"https:\/\/api.w.org\/{rel}","templated":true}]}}