{"id":30879,"date":"2015-05-28T12:29:16","date_gmt":"2015-05-28T16:29:16","guid":{"rendered":"https:\/\/archive.cafe.crea.ca\/bilan-chiffre-du-congres-annuel-de-defense-des-interets-de-laci\/"},"modified":"2015-05-28T12:29:16","modified_gmt":"2015-05-28T16:29:16","slug":"bilan-chiffre-du-congres-annuel-de-defense-des-interets-de-laci","status":"publish","type":"post","link":"https:\/\/archive.cafe.crea.ca\/fr\/bilan-chiffre-du-congres-annuel-de-defense-des-interets-de-laci\/","title":{"rendered":"Bilan chiffr\u00e9 du congr\u00e8s annuel de d\u00e9fense des int\u00e9r\u00eats de l\u2019ACI"},"content":{"rendered":"<p>Un nombre sans pr\u00e9c\u00e9dent de courtiers et agents immobiliers les plus engag\u00e9s sur le plan politique ont pris part au congr\u00e8s annuel de d\u00e9fense des int\u00e9r\u00eats de l&rsquo;ACI, les Journ\u00e9es du CAP, qui s&rsquo;est d\u00e9roul\u00e9 \u00e0 Ottawa, du 26 au 28 avril 2015.<\/p>\n<p><a href=\"http:\/\/www.crea.ca\/wp-content\/uploads\/2015\/05\/PAC-Days2015-Impact-Infographic_fr-1.jpg\" target=\"_blank\" rel=\"attachment wp-att-5389\"><img loading=\"lazy\" decoding=\"async\" class=\"aligncenter wp-image-5389\" src=\"http:\/\/www.crea.ca\/wp-content\/uploads\/2015\/05\/PAC-Days2015-Impact-Infographic_fr-1.jpg\" alt=\"\" width=\"640\" height=\"414\" \/><\/a><\/p>\n<p>L&rsquo;\u00e9v\u00e9nement annuel, qui en est \u00e0 sa 30<sup>e<\/sup> \u00e9dition, a r\u00e9uni \u00e0 ce congr\u00e8s de trois jours des politiciens, des experts de la politique gouvernementale, des journalistes et des initi\u00e9s des partis politiques qui se sont joints \u00e0 des courtiers et agents immobiliers canadiens des plus engag\u00e9s sur le plan politique. Les participants ont fait entendre leur voix dans les m\u00e9dias sociaux \u00e0 l\u2019aide du mot-clic #CAP15ACI et en publiant des photos #avecfiert\u00e9, et ils ont inspir\u00e9 leurs coll\u00e8gues \u00e0 se joindre \u00e0 l&rsquo;exp\u00e9rience du CAP. Compte tenu de l&rsquo;importance de ce congr\u00e8s dans le cadre du programme f\u00e9d\u00e9ral de d\u00e9fense des int\u00e9r\u00eats de notre secteur, il a fourni aux participants une occasion de se renseigner sur les dossiers d&rsquo;actualit\u00e9 politique importants pour notre secteur et de les communiquer \u00e0 leurs d\u00e9put\u00e9s f\u00e9d\u00e9raux. Ces rencontres cruciales en personne permettent d&rsquo;ajouter des visages d&rsquo;\u00e9lecteurs et des voix locales \u00e0 nos efforts de d\u00e9fense des int\u00e9r\u00eats au f\u00e9d\u00e9ral. De plus, les courtiers et agents immobiliers peuvent d\u00e9montrer au gouvernement leur passion, leur professionnalisme et leurs comp\u00e9tences en tout ce qui touche l&rsquo;information associ\u00e9e \u00e0 l&rsquo;immobilier.<\/p>\n<p>Cette ann\u00e9e, les participants ont rencontr\u00e9 129 d\u00e9put\u00e9s en deux jours seulement, y compris 13 ministres et 11 secr\u00e9taires parlementaires. Ils ont discut\u00e9 de deux propositions importantes. La premi\u00e8re proposition demande au gouvernement de freiner l&rsquo;\u00e9rosion de la valeur du R\u00e9gime d&rsquo;accession \u00e0 la propri\u00e9t\u00e9 (RAP) en <a href=\"https:\/\/www.votervoice.net\/RAN\/1\/Campaigns\/30870\/Respond\" target=\"_blank\">l&rsquo;indexant sur l&rsquo;inflation<\/a>. La deuxi\u00e8me proposition cherche \u00e0 \u00e9tendre la port\u00e9e du RAP afin d&rsquo;<a href=\"https:\/\/www.votervoice.net\/RAN\/1\/Campaigns\/31994\/Respond\" target=\"_blank\">aider<\/a> les Canadiens appel\u00e9s \u00e0 d\u00e9m\u00e9nager \u00e0 des fins d\u2019emploi \u00e0 rester propri\u00e9taires de leur maison. Apr\u00e8s des ann\u00e9es de lobbying soutenu de la part de nos courtiers et agents immobiliers, le gouvernement a introduit le RAP \u00e0 titre d&rsquo;incitatif temporaire en 1992, puis l&rsquo;a rendu permanent en 1994. Le RAP demeure toujours un programme gouvernemental important qui continue de rendre la propri\u00e9t\u00e9 abordable pour les Canadiens.<\/p>\n<p>Pour en savoir davantage sur les <a href=\"http:\/\/www.realtorlink.ca\/content\/realtorlink\/crea\/fr_CA\/federal---public-outreach\/federal-advocacy\/political-action-committee.html\" target=\"_blank\">dossiers<\/a> d&rsquo;action politique des courtiers et agents immobiliers en 2015 et faire conna\u00eetre davantage la valeur du RAP aux politiciens et aux responsables des politiques, remplissez notre sondage sur le RAP pr\u00e9sent\u00e9 sur le <a href=\"https:\/\/www.votervoice.net\/RAN\/1\/spotlight\" target=\"_blank\">R\u00e9seau d\u2019action immobilier<\/a>.<\/p>\n","protected":false},"excerpt":{"rendered":"<p>Un nombre sans pr\u00e9c\u00e9dent de courtiers et agents immobiliers les plus engag\u00e9s sur le plan politique ont pris part au congr\u00e8s annuel de d\u00e9fense des int\u00e9r\u00eats de l&rsquo;ACI, les Journ\u00e9es du CAP, qui s&rsquo;est d\u00e9roul\u00e9 \u00e0 Ottawa, du 26 au 28 avril 2015. L&rsquo;\u00e9v\u00e9nement annuel, qui en est \u00e0 sa 30e \u00e9dition, a r\u00e9uni \u00e0 &hellip; <a href=\"https:\/\/archive.cafe.crea.ca\/fr\/bilan-chiffre-du-congres-annuel-de-defense-des-interets-de-laci\/\" class=\"more-link\">Continue reading <span class=\"screen-reader-text\">Bilan chiffr\u00e9 du congr\u00e8s annuel de d\u00e9fense des int\u00e9r\u00eats de l\u2019ACI<\/span><\/a><\/p>\n","protected":false},"author":33,"featured_media":27563,"comment_status":"open","ping_status":"open","sticky":false,"template":"","format":"standard","meta":{"footnotes":""},"categories":[2369],"tags":[],"coauthors":[],"class_list":["post-30879","post","type-post","status-publish","format-standard","has-post-thumbnail","hentry","category-defense-des-interets"],"aioseo_notices":[],"_links":{"self":[{"href":"https:\/\/archive.cafe.crea.ca\/fr\/wp-json\/wp\/v2\/posts\/30879"}],"collection":[{"href":"https:\/\/archive.cafe.crea.ca\/fr\/wp-json\/wp\/v2\/posts"}],"about":[{"href":"https:\/\/archive.cafe.crea.ca\/fr\/wp-json\/wp\/v2\/types\/post"}],"author":[{"embeddable":true,"href":"https:\/\/archive.cafe.crea.ca\/fr\/wp-json\/wp\/v2\/users\/33"}],"replies":[{"embeddable":true,"href":"https:\/\/archive.cafe.crea.ca\/fr\/wp-json\/wp\/v2\/comments?post=30879"}],"version-history":[{"count":0,"href":"https:\/\/archive.cafe.crea.ca\/fr\/wp-json\/wp\/v2\/posts\/30879\/revisions"}],"wp:featuredmedia":[{"embeddable":true,"href":"https:\/\/archive.cafe.crea.ca\/fr\/wp-json\/wp\/v2\/media\/27563"}],"wp:attachment":[{"href":"https:\/\/archive.cafe.crea.ca\/fr\/wp-json\/wp\/v2\/media?parent=30879"}],"wp:term":[{"taxonomy":"category","embeddable":true,"href":"https:\/\/archive.cafe.crea.ca\/fr\/wp-json\/wp\/v2\/categories?post=30879"},{"taxonomy":"post_tag","embeddable":true,"href":"https:\/\/archive.cafe.crea.ca\/fr\/wp-json\/wp\/v2\/tags?post=30879"},{"taxonomy":"author","embeddable":true,"href":"https:\/\/archive.cafe.crea.ca\/fr\/wp-json\/wp\/v2\/coauthors?post=30879"}],"curies":[{"name":"wp","href":"https:\/\/api.w.org\/{rel}","templated":true}]}}