{"id":30878,"date":"2015-05-29T17:42:35","date_gmt":"2015-05-29T21:42:35","guid":{"rendered":"https:\/\/archive.cafe.crea.ca\/saveurs-de-la-semaine-le-29-mai-2015\/"},"modified":"2015-05-29T17:42:35","modified_gmt":"2015-05-29T21:42:35","slug":"saveurs-de-la-semaine-le-29-mai-2015","status":"publish","type":"post","link":"https:\/\/archive.cafe.crea.ca\/fr\/saveurs-de-la-semaine-le-29-mai-2015\/","title":{"rendered":"Saveurs de la semaine : le 29 mai 2015"},"content":{"rendered":"<p><em>Les Saveurs de la semaine sont votre source hebdomadaire de nouvelles et de reportages sur l\u2019immobilier qui auraient pu vous \u00e9chapper.<\/em><em> Notre \u00e9quipe des Saveurs de la semaine s\u2019acharne \u00e0 parcourir le Web, les groupes de nouvelles et les forums \u00e0 la recherche de reportages obscurs, bizarres, int\u00e9ressants et informatifs sur l\u2019immobilier ou des sujets connexes. Si vous d\u00e9sirez en contribuer un, veuillez l\u2019afficher \u00e0 notre section r\u00e9serv\u00e9e aux commentaires ou gazouiller sur le reportage en utilisant le mot-clic <strong>#Saveursdelasemaine<\/strong>. Faites-vous couler une bonne tasse de caf\u00e9 frais, savourez ces reportages\u2026 et faites-en peut-\u00eatre m\u00eame part \u00e0 vos amis et coll\u00e8gues. Bonne lecture!<\/em><\/p>\n<p><em>Voici mes choix de la semaine\u00a0:<\/em><\/p>\n<p>Les suggestions d\u00e9co de la semaine\u00a0: comment <a href=\"http:\/\/tinyurl.com\/o98wm4r\" target=\"_blank\">\u00e9viter les pi\u00e8ges au centre jardin<\/a>; donner des <a href=\"http:\/\/tinyurl.com\/obnamw4\" target=\"_blank\">airs de vacances \u00e0 votre cour<\/a> et <a href=\"http:\/\/tinyurl.com\/me6kjo5\">entretenir son mur de briques<\/a>.<\/p>\n<p>St\u00e9phanie Grammond de La Presse consid\u00e8re <a href=\"http:\/\/tinyurl.com\/nhmt5l9\" target=\"_blank\">l&rsquo;h\u00e9ritage et la taxe de bienvenue (en double)<\/a>.<\/p>\n<p>Le Soleil per\u00e7oit que les Qu\u00e9b\u00e9cois sont plut\u00f4t <a href=\"http:\/\/tinyurl.com\/o9oyez4\" target=\"_blank\">favorables aux projets \u00e9nerg\u00e9tiques, juste pas dans leur cour<\/a>.<\/p>\n<p>Daniel Germain des Affaires signe une chronique sur <a href=\"https:\/\/www.lesaffaires.com\/blogues\/daniel-germain\/immobilier--le-vrai-cout-detre-proprietaire\/579081\" target=\"_blank\">le vrai co\u00fbt de la propri\u00e9t\u00e9<\/a>; Joanie Fontaine fait le <a href=\"http:\/\/tinyurl.com\/lyujxad\" target=\"_blank\">tour des r\u00e9gions o\u00f9 les propri\u00e9t\u00e9s sont les plus abordables<\/a> et le pr\u00eateur Morningstar discute des <a href=\"https:\/\/www.lesaffaires.com\/mes-finances\/retraite\/transformer-votre-maison-en-poule-aux-ufs-d-or\/579108\" target=\"_blank\">pr\u00eats hypoth\u00e9caires invers\u00e9s<\/a><\/p>\n<p>Voici un court article de Droit-Inc qui discute de <a href=\"http:\/\/www.droit-inc.com\/article15450-Immobilier-l-assurance-titres-serait-pertinente&amp;comzone=show\" target=\"_blank\">la pertinence de l\u2019assurance titres<\/a>.<\/p>\n<p>Et pour r\u00eaver un peu, <a href=\"http:\/\/www.lematin.ch\/economie\/los-angeles-maison-exces\/story\/10076967\" target=\"_blank\">une demeure de Los Angeles est mise sur le march\u00e9, prix demand\u00e9\u00a0: 500 millions<\/a>.<\/p>\n<p>Pas juste de notre c\u00f4t\u00e9 de l\u2019oc\u00e9an Atlantique\u00a0: <a href=\"http:\/\/patrimoine.lesechos.fr\/patrimoine\/immobilier\/02190132030-immobilier-70-des-francais-revent-dacheter-une-residence-secondaire-1122521.php\" target=\"_blank\">une \u00e9tude r\u00e9v\u00e8le que 70\u00a0% des Fran\u00e7ais r\u00eavent d\u2019acheter une r\u00e9sidence secondaire<\/a>. Et Le Monde constate <a href=\"http:\/\/www.lemonde.fr\/economie\/article\/2015\/05\/28\/immobilier-le-retour-timide-des-acheteurs_4642309_3234.html\" target=\"_blank\">le retour timide des acheteurs<\/a>.<\/p>\n<p>Et pour terminer de l\u2019autre c\u00f4t\u00e9 de la plan\u00e8te,\u00a0voici <a href=\"http:\/\/www.chine-informations.com\/actualite\/chine-insolite-maisons-clou-qui-ont-resiste-a-expropriation_77036.html\" target=\"_blank\">10 \u2018maisons clou\u2019 en Chine qui ont r\u00e9sist\u00e9 \u00e0 l\u2019expropriation<\/a>. Sans oublier <a href=\"http:\/\/immobilier.lefigaro.fr\/article\/une-entreprise-a-l-image-du-vaisseau-de-star-trek_04da4086-0384-11e5-8480-af0715a5b4c7\/\" target=\"_blank\">une entreprise \u00e0 l\u2019image du vaisseau de Star Trek<\/a>, ou encore <a href=\"http:\/\/www.journaldemontreal.com\/2015\/05\/27\/deux-apple-watch-en-or-pour-son-chien\" target=\"_blank\">le fils d\u2019un magnat immobilier qui a offert deux Apple Watch en or \u00e0 son chien<\/a>.<\/p>\n","protected":false},"excerpt":{"rendered":"<p>Les Saveurs de la semaine sont votre source hebdomadaire de nouvelles et de reportages sur l\u2019immobilier qui auraient pu vous \u00e9chapper. Notre \u00e9quipe des Saveurs de la semaine s\u2019acharne \u00e0 parcourir le Web, les groupes de nouvelles et les forums \u00e0 la recherche de reportages obscurs, bizarres, int\u00e9ressants et informatifs sur l\u2019immobilier ou des sujets &hellip; <a href=\"https:\/\/archive.cafe.crea.ca\/fr\/saveurs-de-la-semaine-le-29-mai-2015\/\" class=\"more-link\">Continue reading <span class=\"screen-reader-text\">Saveurs de la semaine : le 29 mai 2015<\/span><\/a><\/p>\n","protected":false},"author":23,"featured_media":27464,"comment_status":"open","ping_status":"open","sticky":false,"template":"","format":"standard","meta":{"footnotes":""},"categories":[2372],"tags":[],"coauthors":[],"class_list":["post-30878","post","type-post","status-publish","format-standard","has-post-thumbnail","hentry","category-divers"],"aioseo_notices":[],"_links":{"self":[{"href":"https:\/\/archive.cafe.crea.ca\/fr\/wp-json\/wp\/v2\/posts\/30878"}],"collection":[{"href":"https:\/\/archive.cafe.crea.ca\/fr\/wp-json\/wp\/v2\/posts"}],"about":[{"href":"https:\/\/archive.cafe.crea.ca\/fr\/wp-json\/wp\/v2\/types\/post"}],"author":[{"embeddable":true,"href":"https:\/\/archive.cafe.crea.ca\/fr\/wp-json\/wp\/v2\/users\/23"}],"replies":[{"embeddable":true,"href":"https:\/\/archive.cafe.crea.ca\/fr\/wp-json\/wp\/v2\/comments?post=30878"}],"version-history":[{"count":0,"href":"https:\/\/archive.cafe.crea.ca\/fr\/wp-json\/wp\/v2\/posts\/30878\/revisions"}],"wp:featuredmedia":[{"embeddable":true,"href":"https:\/\/archive.cafe.crea.ca\/fr\/wp-json\/wp\/v2\/media\/27464"}],"wp:attachment":[{"href":"https:\/\/archive.cafe.crea.ca\/fr\/wp-json\/wp\/v2\/media?parent=30878"}],"wp:term":[{"taxonomy":"category","embeddable":true,"href":"https:\/\/archive.cafe.crea.ca\/fr\/wp-json\/wp\/v2\/categories?post=30878"},{"taxonomy":"post_tag","embeddable":true,"href":"https:\/\/archive.cafe.crea.ca\/fr\/wp-json\/wp\/v2\/tags?post=30878"},{"taxonomy":"author","embeddable":true,"href":"https:\/\/archive.cafe.crea.ca\/fr\/wp-json\/wp\/v2\/coauthors?post=30878"}],"curies":[{"name":"wp","href":"https:\/\/api.w.org\/{rel}","templated":true}]}}