{"id":30866,"date":"2015-07-07T12:32:30","date_gmt":"2015-07-07T16:32:30","guid":{"rendered":"https:\/\/archive.cafe.crea.ca\/cinq-raisons-pour-lesquelles-je-suis-fier-de-faire-partie-du-reseau-daction-immobilier\/"},"modified":"2015-07-07T12:32:30","modified_gmt":"2015-07-07T16:32:30","slug":"cinq-raisons-pour-lesquelles-je-suis-fier-de-faire-partie-du-reseau-daction-immobilier","status":"publish","type":"post","link":"https:\/\/archive.cafe.crea.ca\/fr\/cinq-raisons-pour-lesquelles-je-suis-fier-de-faire-partie-du-reseau-daction-immobilier\/","title":{"rendered":"Cinq raisons pour lesquelles je suis fier de faire partie du R\u00e9seau d\u2019action immobilier"},"content":{"rendered":"<p>\u00c0 titre d\u2019ancien pr\u00e9sident de la Chambre des repr\u00e9sentants des \u00c9tats-Unis, Tip O\u2019Neill a d\u00e9j\u00e0 d\u00e9clar\u00e9 que \u00ab Toute politique est locale \u00bb. Que voulait-il dire exactement? Eh bien, je crois que cela signifie deux choses : (1) le succ\u00e8s d\u2019un politicien est directement li\u00e9 \u00e0 sa capacit\u00e9 de comprendre et de mettre en avant les dossiers de ses \u00e9lecteurs; (2) lorsque le gouvernement prend une d\u00e9cision, que ce soit \u00e0 Ottawa ou \u00e0 Washington, cette d\u00e9cision se fait sentir dans l\u2019ensemble du pays \u2013 en ayant des r\u00e9percussions sur chaque collectivit\u00e9 d\u2019une mani\u00e8re ou d\u2019une autre, ce qui fait en sorte que toute d\u00e9cision politique f\u00e9d\u00e9rale est locale.<\/p>\n<p>\u00c0 titre de courtier ou d\u2019agent immobilier, la d\u00e9centralisation de politiques peut se traduire par des changements positifs pour mon entreprise, tels que l\u2019introduction du <a href=\"http:\/\/www.cra-arc.gc.ca\/tx\/ndvdls\/tpcs\/rrsp-reer\/hbp-rap\/menu-fra.html\" target=\"_blank\" rel=\"noopener noreferrer\">R\u00e9gime d&rsquo;accession \u00e0 la propri\u00e9t\u00e9<\/a>, un programme gouvernemental qui a aid\u00e9 bon nombre de mes clients \u00e0 acheter leur premi\u00e8re maison. Le r\u00e9gime peut \u00e9galement pr\u00e9senter des d\u00e9fis; c\u2019est l\u2019une des raisons pour lesquelles je me suis joint au <a href=\"http:\/\/reseaudactionimmobilier.ca\" target=\"_blank\" rel=\"noopener noreferrer\">R\u00e9seau d&rsquo;action immobilier<\/a> (RAI), la plateforme interactive en ligne de notre secteur qui relie les courtiers ou agents immobiliers et les chambres ou associations aux d\u00e9cideurs politiques f\u00e9d\u00e9raux.<\/p>\n<p>Puisque \u00ab toute politique est locale \u00bb, les \u00ab gens de la place \u00bb d\u00e9cident qui repr\u00e9sente nos collectivit\u00e9s sur la Colline du Parlement; de plus en plus de d\u00e9put\u00e9s mettent l&rsquo;accent sur ce que racontent leurs \u00e9lecteurs. Ainsi, les courtiers et agents immobiliers ont l&rsquo;occasion de faire partie du processus politique et d&rsquo;exprimer leurs inqui\u00e9tudes quant aux enjeux auxquels leurs collectivit\u00e9s sont confront\u00e9es.<\/p>\n<p>Pour ma part, le moyen le plus efficace de me faire entendre sur la Colline du Parlement est de me joindre au RAI. J&rsquo;invite tous les courtiers et agents immobiliers \u00e0 en faire de m\u00eame. Si vous n&rsquo;\u00eates pas encore convaincus, voici cinq raisons pour lesquelles je suis fier de faire partie du R\u00e9seau d&rsquo;action immobilier :<\/p>\n<ol>\n<li>Le r\u00e9seau me permet de prot\u00e9ger mes affaires et mes clients. Le RAI me donne un lien direct \u00e0 mon d\u00e9put\u00e9 lorsque des lois qui ont des r\u00e9percussions s\u00e9v\u00e8res sur le secteur immobilier font l&rsquo;objet de d\u00e9bats au Parlement.<\/li>\n<\/ol>\n<ol start=\"2\">\n<li>Le r\u00e9seau me donne un aper\u00e7u des enjeux \u00e9mergents et me guide sur la fa\u00e7on de me conformer aux nouvelles lois et r\u00e9glementations afin que je puisse adapter mes affaires.<\/li>\n<\/ol>\n<ol start=\"3\">\n<li>Le r\u00e9seau me permet d&rsquo;offrir \u00e0 mes clients une valeur ajout\u00e9e en expliquant comment une loi r\u00e9cente et sa r\u00e9glementation les toucheront.<\/li>\n<\/ol>\n<ol start=\"4\">\n<li>Par l&rsquo;entremise de mon abonnement r\u00e9serv\u00e9 aux membres \u00e0 <em>iPolitics<\/em>, un fournisseur de nouvelles politiques \u00e0 Ottawa, j&rsquo;ai acc\u00e8s au point de vue d&rsquo;un initi\u00e9 quant aux activit\u00e9s sur la Colline du Parlement et dans les environs.<\/li>\n<\/ol>\n<ol start=\"5\">\n<li>J\u2019ai l&rsquo;occasion de fa\u00e7onner le point de mire du programme des affaires f\u00e9d\u00e9rales de l&rsquo;ACI en acheminant des dossiers et en contribuant \u00e0 la recherche en mati\u00e8re d&rsquo;affaires f\u00e9d\u00e9rales.<\/li>\n<\/ol>\n<p>\u00c0 l&rsquo;approche des \u00e9lections, c&rsquo;est un moment crucial pour que les courtiers et agents immobiliers se fassent entendre. La <a href=\"http:\/\/www.norfolk-mls.ca\/\" target=\"_blank\" rel=\"noopener noreferrer\">Simcoe and District Real Estate Board<\/a> et moi-m\u00eame avons fait la promotion du RAI dans notre r\u00e9gion et nous sommes heureux d&rsquo;annoncer une hausse de l&rsquo;effectif du RAI de 23,8 % en deux semaines \u00e0 peine. Nous sommes conscients qu&rsquo;afin d&rsquo;avoir <a href=\"http:\/\/www.realtorlink.ca\/content\/dam\/realtorlink\/crea\/Francais\/Ressources_et_confimite\/Publications\/Recherche\/Suivi%20de%20letude%20-%20De%20grandes%20attentes%20-%20mars%202014.pdf\" target=\"_blank\" rel=\"noopener noreferrer\">De grandes attentes<\/a>, nous devons \u00e9galement avoir une grande participation. Joignez-vous \u00e0 nous! Allez visiter le <a href=\"http:\/\/reseaudactionimmobilier.ca\" target=\"_blank\" rel=\"noopener noreferrer\">R\u00e9seau d&rsquo;action immobilier<\/a> d\u00e8s aujourd&rsquo;hui!<\/p>\n<p>&nbsp;<\/p>\n","protected":false},"excerpt":{"rendered":"<p>\u00c0 titre d\u2019ancien pr\u00e9sident de la Chambre des repr\u00e9sentants des \u00c9tats-Unis, Tip O\u2019Neill a d\u00e9j\u00e0 d\u00e9clar\u00e9 que \u00ab Toute politique est locale \u00bb. Que voulait-il dire exactement? Eh bien, je crois que cela signifie deux choses : (1) le succ\u00e8s d\u2019un politicien est directement li\u00e9 \u00e0 sa capacit\u00e9 de comprendre et de mettre en avant &hellip; <a href=\"https:\/\/archive.cafe.crea.ca\/fr\/cinq-raisons-pour-lesquelles-je-suis-fier-de-faire-partie-du-reseau-daction-immobilier\/\" class=\"more-link\">Continue reading <span class=\"screen-reader-text\">Cinq raisons pour lesquelles je suis fier de faire partie du R\u00e9seau d\u2019action immobilier<\/span><\/a><\/p>\n","protected":false},"author":60,"featured_media":27543,"comment_status":"open","ping_status":"open","sticky":false,"template":"","format":"standard","meta":{"footnotes":""},"categories":[2369],"tags":[],"coauthors":[],"class_list":["post-30866","post","type-post","status-publish","format-standard","has-post-thumbnail","hentry","category-defense-des-interets"],"aioseo_notices":[],"_links":{"self":[{"href":"https:\/\/archive.cafe.crea.ca\/fr\/wp-json\/wp\/v2\/posts\/30866"}],"collection":[{"href":"https:\/\/archive.cafe.crea.ca\/fr\/wp-json\/wp\/v2\/posts"}],"about":[{"href":"https:\/\/archive.cafe.crea.ca\/fr\/wp-json\/wp\/v2\/types\/post"}],"author":[{"embeddable":true,"href":"https:\/\/archive.cafe.crea.ca\/fr\/wp-json\/wp\/v2\/users\/60"}],"replies":[{"embeddable":true,"href":"https:\/\/archive.cafe.crea.ca\/fr\/wp-json\/wp\/v2\/comments?post=30866"}],"version-history":[{"count":0,"href":"https:\/\/archive.cafe.crea.ca\/fr\/wp-json\/wp\/v2\/posts\/30866\/revisions"}],"wp:featuredmedia":[{"embeddable":true,"href":"https:\/\/archive.cafe.crea.ca\/fr\/wp-json\/wp\/v2\/media\/27543"}],"wp:attachment":[{"href":"https:\/\/archive.cafe.crea.ca\/fr\/wp-json\/wp\/v2\/media?parent=30866"}],"wp:term":[{"taxonomy":"category","embeddable":true,"href":"https:\/\/archive.cafe.crea.ca\/fr\/wp-json\/wp\/v2\/categories?post=30866"},{"taxonomy":"post_tag","embeddable":true,"href":"https:\/\/archive.cafe.crea.ca\/fr\/wp-json\/wp\/v2\/tags?post=30866"},{"taxonomy":"author","embeddable":true,"href":"https:\/\/archive.cafe.crea.ca\/fr\/wp-json\/wp\/v2\/coauthors?post=30866"}],"curies":[{"name":"wp","href":"https:\/\/api.w.org\/{rel}","templated":true}]}}