{"id":30840,"date":"2015-10-06T12:48:06","date_gmt":"2015-10-06T16:48:06","guid":{"rendered":"https:\/\/archive.cafe.crea.ca\/les-predictions-de-lelection-federale-de-2015-des-resultats-historiques-remarquables-et-sans-precedent\/"},"modified":"2015-10-06T12:48:06","modified_gmt":"2015-10-06T16:48:06","slug":"les-predictions-de-lelection-federale-de-2015-des-resultats-historiques-remarquables-et-sans-precedent","status":"publish","type":"post","link":"https:\/\/archive.cafe.crea.ca\/fr\/les-predictions-de-lelection-federale-de-2015-des-resultats-historiques-remarquables-et-sans-precedent\/","title":{"rendered":"Les pr\u00e9dictions de l\u2019\u00e9lection f\u00e9d\u00e9rale de 2015 : Des r\u00e9sultats \u00ab historiques \u00bb, \u00ab remarquables \u00bb et \u00ab sans pr\u00e9c\u00e9dent \u00bb"},"content":{"rendered":"<p>Je fais fi de toute prudence \u00e0 l\u2019\u00e9gard de l\u2019\u00e9lection de 2015 et vais vous annoncer les r\u00e9sultats.<\/p>\n<p>Je n\u2019irai pas jusqu\u2019\u00e0 nommer notre prochain premier ministre, mais je suis confiante en pr\u00e9disant que les journalistes canadiens \u00e9poussetteront les superlatifs comme \u00ab historique \u00bb, \u00ab sans pr\u00e9c\u00e9dent \u00bb et \u00ab remarquable \u00bb dans leurs grands titres des r\u00e9sultats d\u2019\u00e9lection au lendemain du vote. Laissez-moi vous expliquer pourquoi.<\/p>\n<p>D\u2019abord, regardons M. Harper (Je ne suis \u00ab tout simplement pas pr\u00eate \u00bb \u00e0 parler de Justin). Il en est d\u00e9j\u00e0 \u00e0 son troisi\u00e8me mandat \u00e0 titre de premier ministre (presque 10 ans, ce qui signifie qu\u2019il est le deuxi\u00e8me premier ministre conservateur de l\u2019histoire \u00e0 occuper ce poste). Il se trouve \u00e9galement dans la mire d\u2019une \u00ab r\u00e9cession technique \u00bb, un surplus budg\u00e9taire qui se volatilise et un scandale de premier ordre. Tous ces facteurs, joints au revirement pr\u00e9visible de la pendule d\u00e9mocratique \u00e0 l\u2019\u00e9gard d\u2019un vote en faveur du changement, signifient de bonnes nouvelles pour le chef conservateur \u00e0 l\u2019heure actuelle puisqu\u2019on serait port\u00e9 \u00e0 croire qu\u2019il se trouverait en fait dans une pire situation. \u00c9tonnamment, les sondages semblent indiquer que les conservateurs sont encore dans la course! Le dernier premier ministre canadien \u00e0 ressortir gagnant de ce genre de d\u00e9confiture, contre toute attente, puis \u00e0 redevenir premier ministre (apr\u00e8s une br\u00e8ve interruption cependant) n\u2019est nul autre que sir John A. MacDonald en 1873. Donc, \u00eates-vous pr\u00eats \u00e0 parier que l\u2019histoire se r\u00e9p\u00e9tera?<\/p>\n<p>Ensuite, il y a M. Mulcair, chef du NPD. On n\u2019a pas \u00e0 expliquer que l\u2019\u00e9lection du NPD pourrait \u00eatre historique et non, ce n\u2019est pas parce que M. Mulcair porte une barbe (les <a href=\"http:\/\/pm.gc.ca\/fra\/premiers-ministres-du-Canada\" target=\"_blank\">Mackenzies<\/a> l\u2019ont devanc\u00e9 il y a quelque temps). C\u2019est parce que le gouvernement f\u00e9d\u00e9ral canadien pourrait bient\u00f4t avoir son premier ministre d\u00e9mocrate \u00e0 la barre. Si cela se produit, il est \u00e0 esp\u00e9rer que la fonction publique f\u00e9d\u00e9rale du Canada aura le pied marin, pr\u00eate \u00e0 se tourner vers b\u00e2bord, probablement en se fiant \u00e0 de r\u00e9centes politiques conservatrices et la possibilit\u00e9 que le s\u00e9nat soit jet\u00e9 par-dessus bord par la m\u00eame occasion. Peu importe si vous pensez que ce sera un bonbon ou un b\u00e2ton, Ottawa risque de nager dans la couleur orange \u00e0 la fin d\u2019octobre, et non pas seulement en raison de l\u2019Halloween.<\/p>\n<p>Pour terminer, il y a M. Trudeau. Qu\u2019est-ce qui ferait que le parti lib\u00e9ral, parfois appel\u00e9 le \u00ab parti naturellement au pouvoir au Canada \u00bb, devienne \u00ab le gagnant peu probable \u00bb? Pour commencer, pendant un bout de temps, le parti semblait se diriger dans le m\u00eame sens que le parti lib\u00e9ral britannique\u2026 \u00ab <em>une minute, quoi? le parti lib\u00e9ral britannique? \u00bb<\/em>\u2026 c\u2019est exact. Ce n\u2019est pas bon signe que le parti \u00ab naturellement au pouvoir \u00bb au Canada ait aussi peu de si\u00e8ges que le nombre de d\u00e9put\u00e9s ind\u00e9pendants si\u00e9geant \u00e0 la Chambre des communes, comme c\u2019\u00e9tait le cas lors du d\u00e9clenchement des \u00e9lections. Si se diriger vers l\u2019obsolescence n\u2019\u00e9tait pas un obstacle suffisant, aucun parti dans l\u2019histoire du pays n\u2019est jamais pass\u00e9 de la troisi\u00e8me place \u00e0 la premi\u00e8re place. Ajoutez \u00e0 cela certaines publicit\u00e9s assez efficaces du parti conservateur, bien avant le d\u00e9clenchement de l\u2019\u00e9lection. S\u2019il arrivait que Justin forme un gouvernement quelconque en 2015, ce serait le retour politique le plus important que le Canada ait jamais vu\u2026 eh! bien, probablement du jamais vu.<\/p>\n<p>Ajoutons \u00e0 toute cette fanfare que nous traversons la campagne \u00e9lectorale moderne la plus longue dans l\u2019histoire du Canada. On note l\u2019absence de tout parti s\u00e9paratiste d\u00e9termin\u00e9 \u00e0 remporter des si\u00e8ges pour la premi\u00e8re fois en plus de 20 ans, la fr\u00e9n\u00e9sie des m\u00e9dias sociaux, deux nouveaux chefs de parti qui n\u2019ont pas fait leurs preuves durant des campagnes \u00e9lectorales f\u00e9d\u00e9rales, les sous-courants changeants de la politique provinciale, et toute une s\u00e9rie de probl\u00e8mes li\u00e9s aux bo\u00eetes de scrutin. Donc, si quelqu\u2019un vous dit qu\u2019il sait comment tout va se d\u00e9rouler et qu&rsquo;il est confiant que M. Untel va gagner, n\u2019en croyez pas un mot. L\u2019\u00e9lection de 2015 commence \u00e0 devenir tr\u00e8s int\u00e9ressante et le restera fort probablement.<\/p>\n<p>Donc, restez \u00e0 l\u2019\u00e9coute du <a href=\"https:\/\/www.votervoice.net\/RAN\/1\/spotlight\" target=\"_blank\">reseaudactionimmobilier.ca<\/a> et suivez le d\u00e9roulement! Pendant que vous y \u00eates, consultez la <a href=\"http:\/\/www.realtorlink.ca\/content\/dam\/realtorlink\/crea\/Francais\/Relations_gouvernmentales_et_publiques\/Defense_des_interets_aupres_du_gouvernement_federal\/2015_Election_Toolkit_FR.pdf\" target=\"_blank\">Trousse \u00e9lectorale<\/a> pour apprendre comment vous pouvez y participer et partager le message des courtiers et agents immobiliers avec vos candidats \u00e0 l\u2019\u00e9chelle locale.<\/p>\n<p>&nbsp;<\/p>\n","protected":false},"excerpt":{"rendered":"<p>Je fais fi de toute prudence \u00e0 l\u2019\u00e9gard de l\u2019\u00e9lection de 2015 et vais vous annoncer les r\u00e9sultats. Je n\u2019irai pas jusqu\u2019\u00e0 nommer notre prochain premier ministre, mais je suis confiante en pr\u00e9disant que les journalistes canadiens \u00e9poussetteront les superlatifs comme \u00ab historique \u00bb, \u00ab sans pr\u00e9c\u00e9dent \u00bb et \u00ab remarquable \u00bb dans leurs grands &hellip; <a href=\"https:\/\/archive.cafe.crea.ca\/fr\/les-predictions-de-lelection-federale-de-2015-des-resultats-historiques-remarquables-et-sans-precedent\/\" class=\"more-link\">Continue reading <span class=\"screen-reader-text\">Les pr\u00e9dictions de l\u2019\u00e9lection f\u00e9d\u00e9rale de 2015 : Des r\u00e9sultats \u00ab historiques \u00bb, \u00ab remarquables \u00bb et \u00ab sans pr\u00e9c\u00e9dent \u00bb<\/span><\/a><\/p>\n","protected":false},"author":15,"featured_media":27504,"comment_status":"open","ping_status":"open","sticky":false,"template":"","format":"standard","meta":{"footnotes":""},"categories":[2369],"tags":[],"coauthors":[],"class_list":["post-30840","post","type-post","status-publish","format-standard","has-post-thumbnail","hentry","category-defense-des-interets"],"aioseo_notices":[],"_links":{"self":[{"href":"https:\/\/archive.cafe.crea.ca\/fr\/wp-json\/wp\/v2\/posts\/30840"}],"collection":[{"href":"https:\/\/archive.cafe.crea.ca\/fr\/wp-json\/wp\/v2\/posts"}],"about":[{"href":"https:\/\/archive.cafe.crea.ca\/fr\/wp-json\/wp\/v2\/types\/post"}],"author":[{"embeddable":true,"href":"https:\/\/archive.cafe.crea.ca\/fr\/wp-json\/wp\/v2\/users\/15"}],"replies":[{"embeddable":true,"href":"https:\/\/archive.cafe.crea.ca\/fr\/wp-json\/wp\/v2\/comments?post=30840"}],"version-history":[{"count":0,"href":"https:\/\/archive.cafe.crea.ca\/fr\/wp-json\/wp\/v2\/posts\/30840\/revisions"}],"wp:featuredmedia":[{"embeddable":true,"href":"https:\/\/archive.cafe.crea.ca\/fr\/wp-json\/wp\/v2\/media\/27504"}],"wp:attachment":[{"href":"https:\/\/archive.cafe.crea.ca\/fr\/wp-json\/wp\/v2\/media?parent=30840"}],"wp:term":[{"taxonomy":"category","embeddable":true,"href":"https:\/\/archive.cafe.crea.ca\/fr\/wp-json\/wp\/v2\/categories?post=30840"},{"taxonomy":"post_tag","embeddable":true,"href":"https:\/\/archive.cafe.crea.ca\/fr\/wp-json\/wp\/v2\/tags?post=30840"},{"taxonomy":"author","embeddable":true,"href":"https:\/\/archive.cafe.crea.ca\/fr\/wp-json\/wp\/v2\/coauthors?post=30840"}],"curies":[{"name":"wp","href":"https:\/\/api.w.org\/{rel}","templated":true}]}}