{"id":30837,"date":"2015-10-16T15:02:15","date_gmt":"2015-10-16T19:02:15","guid":{"rendered":"https:\/\/archive.cafe.crea.ca\/saveurs-de-la-semaine-le-16-octobre-2015\/"},"modified":"2015-10-16T15:02:15","modified_gmt":"2015-10-16T19:02:15","slug":"saveurs-de-la-semaine-le-16-octobre-2015","status":"publish","type":"post","link":"https:\/\/archive.cafe.crea.ca\/fr\/saveurs-de-la-semaine-le-16-octobre-2015\/","title":{"rendered":"Saveurs de la semaine : le 16 octobre 2015"},"content":{"rendered":"<p><em>Les Saveurs de la semaine sont votre source hebdomadaire de nouvelles et de reportages sur l\u2019immobilier qui auraient pu vous \u00e9chapper.<\/em><em> Notre \u00e9quipe des Saveurs de la semaine s\u2019acharne \u00e0 parcourir le Web, les groupes de nouvelles et les forums \u00e0 la recherche de reportages obscurs, bizarres, int\u00e9ressants et informatifs sur l\u2019immobilier ou des sujets connexes. Si vous d\u00e9sirez en contribuer un, veuillez l\u2019afficher \u00e0 notre section r\u00e9serv\u00e9e aux commentaires ou gazouiller sur le reportage en utilisant le mot-clic <strong>#Saveursdelasemaine<\/strong>. Faites-vous couler une bonne tasse de caf\u00e9 frais, savourez ces reportages\u2026 et faites-en peut-\u00eatre m\u00eame part \u00e0 vos amis et coll\u00e8gues. Bonne lecture!<\/em><\/p>\n<p><em>Voici mes choix de la semaine\u00a0:<\/em><\/p>\n<p>Les suggestions d\u00e9co de la semaine\u00a0: <a href=\"http:\/\/tinyurl.com\/ozdeqax\" target=\"_blank\">mati\u00e8res naturelles<\/a>, <a href=\"http:\/\/tinyurl.com\/ph633kv\" target=\"_blank\">puits de lumi\u00e8re<\/a> et <a href=\"http:\/\/tinyurl.com\/nbgewfq\" target=\"_blank\">appareils de\u00a0 chauffage<\/a>.<\/p>\n<p>Conseiller sugg\u00e8re que <a href=\"http:\/\/www.conseiller.ca\/nouvelles\/les-societes-de-placement-immobilier-ont-la-cote-55623\" target=\"_blank\">les soci\u00e9t\u00e9s de placement immobilier ont la cote<\/a>.<\/p>\n<p>Yvon Cournoyer des Affaires conseille de <a href=\"https:\/\/www.lesaffaires.com\/blogues\/yvan-cournoyer\/immobilier--preparez-vos-immeubles-en-vue-de-lhiver\/582367\" target=\"_blank\">pr\u00e9parer vos immeubles en vue de l\u2019hiver<\/a>.<\/p>\n<p>Surprenant! Le Figaro conclut que <a href=\"http:\/\/www.lemonde.fr\/immobilier\/article\/2015\/10\/15\/immobilier-les-passoires-energetiques-se-vendent-jusqu-a-18-moins-cher_4790482_1306281.html\" target=\"_blank\">les \u00ab\u00a0passoires\u00a0\u00bb \u00e9nerg\u00e9tiques se vendent jusqu\u2019\u00e0 18\u00a0% moins cher<\/a>.<\/p>\n<p>BFMTV consid\u00e8re que <a href=\"http:\/\/bfmbusiness.bfmtv.com\/votre-argent\/immobilier-attention-la-baisse-des-prix-est-peut-etre-terminee-922707.html\" target=\"_blank\">la baisse des prix est peut-\u00eatre termin\u00e9e<\/a>.<\/p>\n<p>La Parisienne constate que <a href=\"http:\/\/www.leparisien.fr\/laparisienne\/voyages\/la-location-entre-particuliers-de-plus-en-plus-privilegiee-pour-les-sejours-a-la-montagne-13-10-2015-5184469.php\" target=\"_blank\">la location entre particuliers est de plus en plus privil\u00e9gi\u00e9e pour les s\u00e9jours \u00e0 la montagne<\/a>.<\/p>\n<p>De quoi r\u00eaver\u00a0: <a href=\"http:\/\/quebec.huffingtonpost.ca\/2015\/10\/14\/immobilier-chalet-laurentides-moderne-et-rustique-photos_n_8297850.html\" target=\"_blank\">cette demeure des Laurentides est moderne et rustique \u00e0 la fois<\/a>.<\/p>\n<p>L\u2019occasion de la semaine! Le <a href=\"http:\/\/www.journaldemontreal.com\/2015\/10\/14\/le-celebre-palais-bulles-maintenant-sur-le-marche\" target=\"_blank\">c\u00e9l\u00e8bre Palais Bulles maintenant sur le march\u00e9<\/a>.<\/p>\n<p>Insolite! Une <a href=\"http:\/\/immobilier.lefigaro.fr\/article\/une-maison-texane-revisite-a-sa-facon-la-chapelle-sixtine_23c419cc-7251-11e5-bcfe-d3546669d509\/\" target=\"_blank\">maison texane revisite (\u00e0 sa fa\u00e7on) la chapelle Sixtine<\/a>.<\/p>\n","protected":false},"excerpt":{"rendered":"<p>Les Saveurs de la semaine sont votre source hebdomadaire de nouvelles et de reportages sur l\u2019immobilier qui auraient pu vous \u00e9chapper. Notre \u00e9quipe des Saveurs de la semaine s\u2019acharne \u00e0 parcourir le Web, les groupes de nouvelles et les forums \u00e0 la recherche de reportages obscurs, bizarres, int\u00e9ressants et informatifs sur l\u2019immobilier ou des sujets &hellip; <a href=\"https:\/\/archive.cafe.crea.ca\/fr\/saveurs-de-la-semaine-le-16-octobre-2015\/\" class=\"more-link\">Continue reading <span class=\"screen-reader-text\">Saveurs de la semaine : le 16 octobre 2015<\/span><\/a><\/p>\n","protected":false},"author":23,"featured_media":27464,"comment_status":"open","ping_status":"open","sticky":false,"template":"","format":"standard","meta":{"footnotes":""},"categories":[2372],"tags":[],"coauthors":[],"class_list":["post-30837","post","type-post","status-publish","format-standard","has-post-thumbnail","hentry","category-divers"],"aioseo_notices":[],"_links":{"self":[{"href":"https:\/\/archive.cafe.crea.ca\/fr\/wp-json\/wp\/v2\/posts\/30837"}],"collection":[{"href":"https:\/\/archive.cafe.crea.ca\/fr\/wp-json\/wp\/v2\/posts"}],"about":[{"href":"https:\/\/archive.cafe.crea.ca\/fr\/wp-json\/wp\/v2\/types\/post"}],"author":[{"embeddable":true,"href":"https:\/\/archive.cafe.crea.ca\/fr\/wp-json\/wp\/v2\/users\/23"}],"replies":[{"embeddable":true,"href":"https:\/\/archive.cafe.crea.ca\/fr\/wp-json\/wp\/v2\/comments?post=30837"}],"version-history":[{"count":0,"href":"https:\/\/archive.cafe.crea.ca\/fr\/wp-json\/wp\/v2\/posts\/30837\/revisions"}],"wp:featuredmedia":[{"embeddable":true,"href":"https:\/\/archive.cafe.crea.ca\/fr\/wp-json\/wp\/v2\/media\/27464"}],"wp:attachment":[{"href":"https:\/\/archive.cafe.crea.ca\/fr\/wp-json\/wp\/v2\/media?parent=30837"}],"wp:term":[{"taxonomy":"category","embeddable":true,"href":"https:\/\/archive.cafe.crea.ca\/fr\/wp-json\/wp\/v2\/categories?post=30837"},{"taxonomy":"post_tag","embeddable":true,"href":"https:\/\/archive.cafe.crea.ca\/fr\/wp-json\/wp\/v2\/tags?post=30837"},{"taxonomy":"author","embeddable":true,"href":"https:\/\/archive.cafe.crea.ca\/fr\/wp-json\/wp\/v2\/coauthors?post=30837"}],"curies":[{"name":"wp","href":"https:\/\/api.w.org\/{rel}","templated":true}]}}