{"id":30835,"date":"2015-10-23T17:30:12","date_gmt":"2015-10-23T21:30:12","guid":{"rendered":"https:\/\/archive.cafe.crea.ca\/saveurs-de-la-semaine-le-23-octobre-2015\/"},"modified":"2015-10-23T17:30:12","modified_gmt":"2015-10-23T21:30:12","slug":"saveurs-de-la-semaine-le-23-octobre-2015","status":"publish","type":"post","link":"https:\/\/archive.cafe.crea.ca\/fr\/saveurs-de-la-semaine-le-23-octobre-2015\/","title":{"rendered":"Saveurs de la semaine : le 23 octobre 2015"},"content":{"rendered":"<p><em>Les Saveurs de la semaine sont votre source hebdomadaire de nouvelles et de reportages sur l\u2019immobilier qui auraient pu vous \u00e9chapper.<\/em><em> Notre \u00e9quipe des Saveurs de la semaine s\u2019acharne \u00e0 parcourir le Web, les groupes de nouvelles et les forums \u00e0 la recherche de reportages obscurs, bizarres, int\u00e9ressants et informatifs sur l\u2019immobilier ou des sujets connexes. Si vous d\u00e9sirez en contribuer un, veuillez l\u2019afficher \u00e0 notre section r\u00e9serv\u00e9e aux commentaires ou gazouiller sur le reportage en utilisant le mot-clic <strong>#Saveursdelasemaine<\/strong>. Faites-vous couler une bonne tasse de caf\u00e9 frais, savourez ces reportages\u2026 et faites-en peut-\u00eatre m\u00eame part \u00e0 vos amis et coll\u00e8gues. Bonne lecture!<\/em><\/p>\n<p><em>Voici mes choix de la semaine\u00a0:<\/em><\/p>\n<p>Les id\u00e9es d\u00e9co de la semaine\u00a0: <a href=\"http:\/\/tinyurl.com\/p3fbhmc\" target=\"_blank\">planter des bulbes<\/a>,\u00a0<a href=\"http:\/\/tinyurl.com\/ort8hck\" target=\"_blank\">tapis de vinyle<\/a> et <a href=\"http:\/\/tinyurl.com\/ox9jkyw\" target=\"_blank\">\u00e9comat\u00e9riaux de l\u2019avenir<\/a>.<\/p>\n<p>Pourquoi cet engouement pour les mini-maisons? Voici deux reportages, un <a href=\"http:\/\/tinyurl.com\/ocdflqq\" target=\"_blank\">des Affaires<\/a> et l\u2019autre de <a href=\"http:\/\/tinyurl.com\/ozvg8bt\" target=\"_blank\">La Presse<\/a>.<\/p>\n<p>\u00cates-vous surpris?\u00a0La Presse note que <a href=\"http:\/\/tinyurl.com\/phusnpl\" target=\"_blank\">la r\u00e9fection de la rue Ste-Catherine ne sera pas termin\u00e9e pour le 375<sup>e<\/sup> anniversaire<\/a> de la Ville de Montr\u00e9al.<\/p>\n<p>Les Affaires pr\u00e9sente <a href=\"http:\/\/www.lesaffaires.com\/mes-finances\/immobilier\/l-effet-de-levier-en-immobilier-s-endetter-pour-s-enrichir\/582513\" target=\"_blank\">l\u2019effet levier en immobilier<\/a>.<\/p>\n<p>Fran\u00e7ois Hollande propose un <a href=\"http:\/\/immobilier.lefigaro.fr\/article\/immobilier-francois-hollande-promet-d-aider-les-primo-accedants_2bc1d326-762f-11e5-8780-7f9b2464cadb\/\" target=\"_blank\">programme pour aider les acheteurs \u00e0 acqu\u00e9rir leur premi\u00e8re demeure<\/a>.<\/p>\n<p>Challenges dresse la <a href=\"http:\/\/www.challenges.fr\/immobilier\/prix-immobilier-m2\/20151021.CHA0758\/immobilier-les-marseillais-peuvent-s-acheter-70m2-de-plus-qu-un-parisien.html\" target=\"_blank\">liste des villes fran\u00e7aises qui offrent le meilleur pouvoir d\u2019achat immobilier<\/a>.<\/p>\n<p>Le Figaro estime que <a href=\"http:\/\/immobilier.lefigaro.fr\/article\/immobilier-des-vendeurs-de-moins-en-moins-gourmands_e6f43934-7677-11e5-819f-440a6708958e\/\" target=\"_blank\">les vendeurs sont de moins en moins gourmands<\/a>.<\/p>\n<p>Le Nouvel Observateur note <a href=\"http:\/\/tempsreel.nouvelobs.com\/immobilier\/credit\/20151021.OBS8051\/immobilier-neuf-4-acquereurs-sur-10-ont-beneficie-d-un-pret-aide.html\" target=\"_blank\">4 acqu\u00e9reurs sur 10 ont b\u00e9n\u00e9fici\u00e9 d\u2019un pr\u00eat aid\u00e9<\/a>.<\/p>\n<p>Il semble qu\u2019en France, on <a href=\"http:\/\/www.mon-immeuble.com\/actualite\/credit-immobilier-ou-peut-on-emprunter-a-moins-de-2\" target=\"_blank\">puisse encore emprunter \u00e0 moins de 2\u00a0%<\/a>.<\/p>\n<p>cBanque discute de sociofinancement\u00a0: <a href=\"http:\/\/www.cbanque.com\/actu\/54726\/crowdfunding-immobilier-attire-plus-que-les-startups-chez-wiseed\" target=\"_blank\">crowdfunding immobilier avec le DG de Wiseed<\/a>.<\/p>\n<p>Pourquoi pas? <a href=\"http:\/\/www.autonet.ca\/fr\/2015\/10\/19\/mercedes-benz-se-lance-dans-limmobilier-de-luxe\" target=\"_blank\">Mercedes-Benz se lance dans l\u2019immobilier de luxe<\/a>.<\/p>\n<p>Un <a href=\"http:\/\/www.terre-net.fr\/materiel-agricole\/tracteur-quad\/article\/2-600-km-a-bord-d-un-mf-5435-rose-pour-sensibiliser-au-cancer-du-sein-207-114057.html\" target=\"_blank\">agent immobilier australien parcourt 2 600 km en tracteur rose<\/a> pour participer au mois de sensibilisation au cancer du sein.<\/p>\n","protected":false},"excerpt":{"rendered":"<p>Les Saveurs de la semaine sont votre source hebdomadaire de nouvelles et de reportages sur l\u2019immobilier qui auraient pu vous \u00e9chapper. Notre \u00e9quipe des Saveurs de la semaine s\u2019acharne \u00e0 parcourir le Web, les groupes de nouvelles et les forums \u00e0 la recherche de reportages obscurs, bizarres, int\u00e9ressants et informatifs sur l\u2019immobilier ou des sujets &hellip; <a href=\"https:\/\/archive.cafe.crea.ca\/fr\/saveurs-de-la-semaine-le-23-octobre-2015\/\" class=\"more-link\">Continue reading <span class=\"screen-reader-text\">Saveurs de la semaine : le 23 octobre 2015<\/span><\/a><\/p>\n","protected":false},"author":23,"featured_media":27464,"comment_status":"open","ping_status":"open","sticky":false,"template":"","format":"standard","meta":{"footnotes":""},"categories":[2372],"tags":[],"coauthors":[],"class_list":["post-30835","post","type-post","status-publish","format-standard","has-post-thumbnail","hentry","category-divers"],"aioseo_notices":[],"_links":{"self":[{"href":"https:\/\/archive.cafe.crea.ca\/fr\/wp-json\/wp\/v2\/posts\/30835"}],"collection":[{"href":"https:\/\/archive.cafe.crea.ca\/fr\/wp-json\/wp\/v2\/posts"}],"about":[{"href":"https:\/\/archive.cafe.crea.ca\/fr\/wp-json\/wp\/v2\/types\/post"}],"author":[{"embeddable":true,"href":"https:\/\/archive.cafe.crea.ca\/fr\/wp-json\/wp\/v2\/users\/23"}],"replies":[{"embeddable":true,"href":"https:\/\/archive.cafe.crea.ca\/fr\/wp-json\/wp\/v2\/comments?post=30835"}],"version-history":[{"count":0,"href":"https:\/\/archive.cafe.crea.ca\/fr\/wp-json\/wp\/v2\/posts\/30835\/revisions"}],"wp:featuredmedia":[{"embeddable":true,"href":"https:\/\/archive.cafe.crea.ca\/fr\/wp-json\/wp\/v2\/media\/27464"}],"wp:attachment":[{"href":"https:\/\/archive.cafe.crea.ca\/fr\/wp-json\/wp\/v2\/media?parent=30835"}],"wp:term":[{"taxonomy":"category","embeddable":true,"href":"https:\/\/archive.cafe.crea.ca\/fr\/wp-json\/wp\/v2\/categories?post=30835"},{"taxonomy":"post_tag","embeddable":true,"href":"https:\/\/archive.cafe.crea.ca\/fr\/wp-json\/wp\/v2\/tags?post=30835"},{"taxonomy":"author","embeddable":true,"href":"https:\/\/archive.cafe.crea.ca\/fr\/wp-json\/wp\/v2\/coauthors?post=30835"}],"curies":[{"name":"wp","href":"https:\/\/api.w.org\/{rel}","templated":true}]}}