{"id":30829,"date":"2015-11-12T14:29:59","date_gmt":"2015-11-12T19:29:59","guid":{"rendered":"https:\/\/archive.cafe.crea.ca\/le-canada-a-decide-que-le-moment-est-ideal-pour-accepter-le-changement\/"},"modified":"2015-11-12T14:29:59","modified_gmt":"2015-11-12T19:29:59","slug":"le-canada-a-decide-que-le-moment-est-ideal-pour-accepter-le-changement","status":"publish","type":"post","link":"https:\/\/archive.cafe.crea.ca\/fr\/le-canada-a-decide-que-le-moment-est-ideal-pour-accepter-le-changement\/","title":{"rendered":"Le Canada a d\u00e9cid\u00e9 que le moment est id\u00e9al pour accepter le changement"},"content":{"rendered":"<p><strong>Le Canada a d\u00e9cid\u00e9 que le moment est id\u00e9al pour accepter le changement<\/strong><\/p>\n<p>Apr\u00e8s avoir servi la circonscription de Papineau (Qu\u00e9bec) \u00e0 titre de d\u00e9put\u00e9 pendant sept ans, exerc\u00e9 la fonction de chef du Parti lib\u00e9ral du Canada pendant deux ans et demi, et 16 jours en tant que premier ministre d\u00e9sign\u00e9, le tr\u00e8s honorable Justin Trudeau a maintenant quatre ans devant lui \u00e0 titre de premier ministre du Canada. La c\u00e9r\u00e9monie d&rsquo;assermentation du premier ministre et de son nouveau conseil des ministres a eu lieu le 4 novembre 2015, \u00e0 Rideau Hall.<\/p>\n<p>Avec ses plus de 200 nouveaux d\u00e9put\u00e9s, il ne surprend personne de voir plusieurs nouveaux visages au cabinet. Voici d\u2019autres faits \u00e0 retenir :<\/p>\n<ol>\n<li>Le premier ministre Trudeau a tenu sa promesse en pr\u00e9sentant un conseil des ministres paritaire, compos\u00e9 de 15 femmes et de 15 hommes.<\/li>\n<li>Il compte 24 nouveaux ministres, et six qui faisaient partie de gouvernements lib\u00e9raux ant\u00e9rieurs.<\/li>\n<li>Chaque province obtient au moins un si\u00e8ge au cabinet, et les Territoires du Nord-Ouest en occupent un.<\/li>\n<li>Les Autochtones canadiens occupent deux postes au conseil des ministres, y compris plusieurs minorit\u00e9s visibles.<\/li>\n<li>Le cabinet est pass\u00e9 de 39 \u00e0 30 postes.<\/li>\n<\/ol>\n<p>Alors, qui a \u00e9t\u00e9 retenu?<\/p>\n<ul>\n<li>Le tr\u00e8s honorable <strong>Justin Trudeau<\/strong>, notre nouveau Premier ministre, occupe \u00e9galement le poste de ministre des Affaires intergouvernementales et ministre de la Jeunesse.<\/li>\n<li>L\u2019honorable <strong>Ralph Goodale, <\/strong>ancien d\u00e9put\u00e9 de la Saskatchewan, est ministre de la S\u00e9curit\u00e9 publique et de la Protection civile.<\/li>\n<li>L\u2019honorable <strong>Lawrence MacAulay<\/strong>, ancien d\u00e9put\u00e9 de l\u2019\u00cele-du-Prince-\u00c9douard, est ministre de l&rsquo;Agriculture et de l&rsquo;Agroalimentaire.<\/li>\n<li>L\u2019honorable <strong>St\u00e9phane Dion<\/strong>, ancien d\u00e9put\u00e9 du Qu\u00e9bec, a \u00e9t\u00e9 nomm\u00e9 ministre des Affaires \u00e9trang\u00e8res.<\/li>\n<li>L\u2019honorable<strong> Chrystia Freeland<\/strong>, ancienne d\u00e9put\u00e9e de l\u2019Ontario, devient ministre du Commerce international.<\/li>\n<li>L\u2019honorable<strong> Jim Carr<\/strong>, nouveau d\u00e9put\u00e9 du Manitoba, est ministre des Ressources naturelles.<\/li>\n<li>L\u2019honorable<strong> Catherine McKenna<\/strong>, nouvelle d\u00e9put\u00e9e de l\u2019Ontario, occupe le poste de ministre de l&rsquo;Environnement et du Changement climatique.<\/li>\n<li>L\u2019honorable<strong> Dominic LeBlanc<\/strong>, ancien d\u00e9put\u00e9 du Nouveau-Brunswick, a \u00e9t\u00e9 nomm\u00e9 Leader du gouvernement \u00e0 la Chambre des communes.<\/li>\n<li>L\u2019honorable<strong> John McCallum,<\/strong> ancien d\u00e9put\u00e9 de l\u2019Ontario, devient ministre de l&rsquo;Immigration, des R\u00e9fugi\u00e9s et de la Citoyennet\u00e9.<\/li>\n<li>L\u2019honorable<strong> Navdeep Bains<\/strong>, ancien d\u00e9put\u00e9 de l\u2019Ontario, occupe le poste de ministre de l&rsquo;Innovation, des Sciences et du D\u00e9veloppement \u00e9conomique.<\/li>\n<li>L\u2019honorable <strong>Bill Morneau<\/strong>, nouveau d\u00e9put\u00e9 de l\u2019Ontario, occupe le poste de ministre des Finances.<\/li>\n<li>L\u2019honorable<strong> Jody Wilson-Raybould<\/strong>, nouvelle d\u00e9put\u00e9e de la Colombie-Britannique, fait fonction de ministre de la Justice et procureure g\u00e9n\u00e9rale du Canada.<\/li>\n<li>L\u2019honorable<strong> Jane Philpott<\/strong>, nouvelle d\u00e9put\u00e9e de l\u2019Ontario, occupe le poste de ministre de la Sant\u00e9.<\/li>\n<li>L\u2019honorable<strong> M\u00e9lanie Joly<\/strong>, nouvelle d\u00e9put\u00e9e du Qu\u00e9bec, est ministre du Patrimoine.<\/li>\n<li>L\u2019honorable<strong> Harjit Sajjan<\/strong>, nouveau d\u00e9put\u00e9 de la Colombie-Britannique, devient ministre de la D\u00e9fense nationale.<\/li>\n<li>L\u2019honorable<strong> Jean-Yves Duclos<\/strong>, nouveau d\u00e9put\u00e9 du Qu\u00e9bec, fait fonction de ministre de la Famille, des Enfants et du D\u00e9veloppement social.<\/li>\n<li>L\u2019honorable <strong>Carolyn Bennett<\/strong>, ancienne d\u00e9put\u00e9e de l\u2019Ontario, devient ministre des Affaires autochtones et du Nord.<\/li>\n<li>L\u2019honorable <strong>Judy Foote<\/strong>, nouvelle d\u00e9put\u00e9e de Terre-Neuve-et-Labrador, a \u00e9t\u00e9 nomm\u00e9e ministre des Services publics et de l&rsquo;Approvisionnement.<\/li>\n<li>L\u2019honorable <strong>Marc Garneau<\/strong>, ancien d\u00e9put\u00e9 du Qu\u00e9bec, fait fonction de ministre des Transports.<\/li>\n<li>L\u2019honorable <strong>Diane Lebouthillier<\/strong>, nouvelle d\u00e9put\u00e9e du Qu\u00e9bec, occupe le poste de ministre du Revenu national.<\/li>\n<li>L\u2019honorable <strong>Scott Brison<\/strong>, ancien d\u00e9put\u00e9 de la Nouvelle-\u00c9cosse, fait fonction de Pr\u00e9sident du Conseil du Tr\u00e9sor.<\/li>\n<li>L\u2019honorable <strong>Marie-Claude Bibeau,<\/strong> nouvelle d\u00e9put\u00e9e du Qu\u00e9bec, devient ministre du D\u00e9veloppement international et de la Francophonie.<\/li>\n<li>L\u2019honorable <strong>Kent Hehr<\/strong>, nouveau d\u00e9put\u00e9 de l\u2019Alberta, devient ministre des Anciens combattants et ministre associ\u00e9 de la D\u00e9fense nationale.<\/li>\n<li>L\u2019honorable <strong>MaryAnn Mihychuk<\/strong>, nouvelle d\u00e9put\u00e9e du Manitoba, devient ministre de l&rsquo;Emploi, du D\u00e9veloppement de la main-d\u2019\u0153uvre et du Travail.<\/li>\n<li>L\u2019honorable <strong>Amarjeet Sohi<\/strong>, nouveau d\u00e9put\u00e9 de l\u2019Alberta, occupe le poste de ministre de l&rsquo;Infrastructure et des Collectivit\u00e9s.<\/li>\n<li>L\u2019honorable <strong>Maryam Monsef<\/strong>, nouvelle d\u00e9put\u00e9e de l\u2019Ontario, fait fonction de ministre des Institutions d\u00e9mocratiques.<\/li>\n<li>L\u2019honorable <strong>Carla Qualtrough<\/strong>, nouvelle d\u00e9put\u00e9e de la Colombie-Britannique, devient ministre des Sports et des Personnes handicap\u00e9es.<\/li>\n<li>L\u2019honorable <strong>Hunter Tootoo<\/strong>, nouveau d\u00e9put\u00e9 du Nunavut, devient ministre des P\u00eaches, des Oc\u00e9ans et de la Garde c\u00f4ti\u00e8re canadienne.<\/li>\n<li>L\u2019honorable <strong>Kirsty Duncan<\/strong>, ancienne d\u00e9put\u00e9e de l\u2019Ontario, occupe le poste de ministre des Sciences.<\/li>\n<li>L\u2019honorable <strong>Patricia Hajdu<\/strong>, nouvelle d\u00e9put\u00e9e de l\u2019Ontario, fait fonction de ministre de la Condition f\u00e9minine.<\/li>\n<li>L\u2019honorable <strong>Bardish Chagger<\/strong>, ancienne d\u00e9put\u00e9e de l\u2019Ontario, occupe le poste de ministre de la Petite entreprise et du Tourisme.<\/li>\n<\/ul>\n<p>F\u00e9licitations \u00e0 chacun des nouveaux ministres et \u00e0 tous les membres du 42<sup>e<\/sup> Parlement du Canada de leur victoire \u00e9lectorale. <strong>Nous encourageons tous les courtiers et agents immobiliers \u00e0 envoyer une lettre de f\u00e9licitations \u00e0 leur d\u00e9put\u00e9 ou d\u00e9put\u00e9e et \u00e0 notre premier ministre par l\u2019entremise du R\u00e9seau d\u2019action immobilier<\/strong> <strong>(RAI) de l\u2019ACI, \u00e0 <\/strong><a href=\"http:\/\/www.reseaudactionimmobilier.ca\/\" target=\"_blank\"><strong>appel \u00e0 l\u2019action<\/strong><\/a><strong>.<\/strong> Votre lettre sera incluse dans une trousse de bienvenue et livr\u00e9e au nouveau bureau de chaque d\u00e9put\u00e9 ou d\u00e9put\u00e9e sur la Colline du Parlement. Ce geste contribuera grandement \u00e0 assurer que notre secteur parte du bon pied d\u00e8s le d\u00e9but de la nouvelle session parlementaire.<\/p>\n<p>Nous souhaitons la bienvenue \u00e0 tous les d\u00e9put\u00e9s et d\u00e9put\u00e9es, nouveaux et anciens, \u00e0 Ottawa! Qui sait, peut-\u00eatre que certains d\u2019entre eux s\u2019ach\u00e8teront une copropri\u00e9t\u00e9 ou une maison en rang\u00e9e au cours de leur s\u00e9jour de quatre ans dans la capitale.<\/p>\n<p>&nbsp;<\/p>\n","protected":false},"excerpt":{"rendered":"<p>Le Canada a d\u00e9cid\u00e9 que le moment est id\u00e9al pour accepter le changement Apr\u00e8s avoir servi la circonscription de Papineau (Qu\u00e9bec) \u00e0 titre de d\u00e9put\u00e9 pendant sept ans, exerc\u00e9 la fonction de chef du Parti lib\u00e9ral du Canada pendant deux ans et demi, et 16 jours en tant que premier ministre d\u00e9sign\u00e9, le tr\u00e8s honorable &hellip; <a href=\"https:\/\/archive.cafe.crea.ca\/fr\/le-canada-a-decide-que-le-moment-est-ideal-pour-accepter-le-changement\/\" class=\"more-link\">Continue reading <span class=\"screen-reader-text\">Le Canada a d\u00e9cid\u00e9 que le moment est id\u00e9al pour accepter le changement<\/span><\/a><\/p>\n","protected":false},"author":33,"featured_media":27487,"comment_status":"open","ping_status":"open","sticky":false,"template":"","format":"standard","meta":{"footnotes":""},"categories":[2369],"tags":[],"coauthors":[],"class_list":["post-30829","post","type-post","status-publish","format-standard","has-post-thumbnail","hentry","category-defense-des-interets"],"aioseo_notices":[],"_links":{"self":[{"href":"https:\/\/archive.cafe.crea.ca\/fr\/wp-json\/wp\/v2\/posts\/30829"}],"collection":[{"href":"https:\/\/archive.cafe.crea.ca\/fr\/wp-json\/wp\/v2\/posts"}],"about":[{"href":"https:\/\/archive.cafe.crea.ca\/fr\/wp-json\/wp\/v2\/types\/post"}],"author":[{"embeddable":true,"href":"https:\/\/archive.cafe.crea.ca\/fr\/wp-json\/wp\/v2\/users\/33"}],"replies":[{"embeddable":true,"href":"https:\/\/archive.cafe.crea.ca\/fr\/wp-json\/wp\/v2\/comments?post=30829"}],"version-history":[{"count":0,"href":"https:\/\/archive.cafe.crea.ca\/fr\/wp-json\/wp\/v2\/posts\/30829\/revisions"}],"wp:featuredmedia":[{"embeddable":true,"href":"https:\/\/archive.cafe.crea.ca\/fr\/wp-json\/wp\/v2\/media\/27487"}],"wp:attachment":[{"href":"https:\/\/archive.cafe.crea.ca\/fr\/wp-json\/wp\/v2\/media?parent=30829"}],"wp:term":[{"taxonomy":"category","embeddable":true,"href":"https:\/\/archive.cafe.crea.ca\/fr\/wp-json\/wp\/v2\/categories?post=30829"},{"taxonomy":"post_tag","embeddable":true,"href":"https:\/\/archive.cafe.crea.ca\/fr\/wp-json\/wp\/v2\/tags?post=30829"},{"taxonomy":"author","embeddable":true,"href":"https:\/\/archive.cafe.crea.ca\/fr\/wp-json\/wp\/v2\/coauthors?post=30829"}],"curies":[{"name":"wp","href":"https:\/\/api.w.org\/{rel}","templated":true}]}}