{"id":30824,"date":"2015-11-26T13:53:30","date_gmt":"2015-11-26T18:53:30","guid":{"rendered":"https:\/\/archive.cafe.crea.ca\/des-courtiers-et-agents-immobiliers-nobles-soumettent-leur-maison-a-un-test-dun-gaz-radioactif-dans-le-cadre-du-mois-daction-contre-le-radon\/"},"modified":"2015-11-26T13:53:30","modified_gmt":"2015-11-26T18:53:30","slug":"des-courtiers-et-agents-immobiliers-nobles-soumettent-leur-maison-a-un-test-dun-gaz-radioactif-dans-le-cadre-du-mois-daction-contre-le-radon","status":"publish","type":"post","link":"https:\/\/archive.cafe.crea.ca\/fr\/des-courtiers-et-agents-immobiliers-nobles-soumettent-leur-maison-a-un-test-dun-gaz-radioactif-dans-le-cadre-du-mois-daction-contre-le-radon\/","title":{"rendered":"Des courtiers et agents immobiliers \u00ab nobles \u00bb soumettent leur maison \u00e0 un test d\u2019un gaz radioactif dans le cadre du Mois d\u2019action contre le radon"},"content":{"rendered":"<p>Le radon est un gaz radioactif qui peut s&rsquo;infiltrer par des br\u00e8ches dans la fondation, des drains, des puisards et le sol expos\u00e9, et qui risque de s&rsquo;accumuler pour atteindre des concentrations dangereuses en milieu r\u00e9sidentiel. M\u00eame s&rsquo;il fait partie de la famille des gaz nobles, le radon est loin d&rsquo;\u00eatre noble. \u00c0 l\u2019int\u00e9rieur, une concentration de radon de 200 Bq\/m<sup>3<\/sup> (becquerels par m\u00e8tre cube) ou plus pose des risques consid\u00e9rables pour la sant\u00e9 des r\u00e9sidents et peut n\u00e9cessiter des modifications pour que la maison soit un lieu s\u00fbr. La bonne nouvelle est que les concentrations excessives de radon peuvent \u00eatre att\u00e9nu\u00e9es dans n\u2019importe maison.<\/p>\n<p>Dans le cadre du Mois d&rsquo;action contre le radon, on a remis aux membres du comit\u00e9 des affaires f\u00e9d\u00e9rales de l\u2019Association canadienne de l\u2019immeuble des trousses \u00e0 long terme de d\u00e9tection des traces alpha du radon et on leur a donn\u00e9 une mission : soumettre leur maison \u00e0 un test et documenter ce qui les motive \u00e0 effectuer le test pour les propri\u00e9taires canadiens.<\/p>\n<p>Quatre membres ont relev\u00e9 le d\u00e9fi. Voici leurs r\u00e9sultats ainsi que les raisons pour lesquelles ils ont effectu\u00e9 le test :<\/p>\n<p><img loading=\"lazy\" decoding=\"async\" class=\"aligncenter wp-image-6207 size-full\" src=\"http:\/\/www.crea.ca\/wp-content\/uploads\/2015\/11\/CHRISTY_radon_Wiess_fr-1.jpg\" alt=\"\" width=\"630\" height=\"300\" \/><\/p>\n<p><img loading=\"lazy\" decoding=\"async\" class=\"aligncenter wp-image-6219 size-full\" src=\"http:\/\/www.crea.ca\/wp-content\/uploads\/2015\/11\/CHRISTY_radon_Madder_fr-1.jpg\" alt=\"\" width=\"630\" height=\"300\" \/><\/p>\n<p><img loading=\"lazy\" decoding=\"async\" class=\"aligncenter wp-image-6211 size-full\" src=\"http:\/\/www.crea.ca\/wp-content\/uploads\/2015\/11\/CHRISTY_radon_Carson_fr-1.jpg\" alt=\"\" width=\"630\" height=\"300\" \/><\/p>\n<p><img loading=\"lazy\" decoding=\"async\" class=\"aligncenter wp-image-6215 size-full\" src=\"http:\/\/www.crea.ca\/wp-content\/uploads\/2015\/11\/CHRISTY_radon_Kopp_fr-1.jpg\" alt=\"\" width=\"630\" height=\"300\" \/><\/p>\n<p>Peu importe la raison, le test du radon est essentiel pour tous les propri\u00e9taires canadiens. C\u2019est maintenant le moment id\u00e9al de soumettre votre maison \u00e0 un test puisque les fen\u00eatres sont ferm\u00e9es et que le syst\u00e8me de chauffage fonctionne. Informez-vous sur les dangers de concentrations \u00e9lev\u00e9es de radon \u00e0 l\u2019int\u00e9rieur et sur le processus de mesure du radon. Partagez notre publication <a href=\"http:\/\/crea.ca\/sites\/default\/files\/Le_radon_Guide_du_proprietaire_%28ACI%29.pdf\" target=\"_blank\">Le radon &#8211; Guide du propri\u00e9taire<\/a> et notre blogue avec vos clients et participez \u00e0 la conversation sur le radon \u00e0 l\u2019aide du mot-clic #Moisactionradon.<\/p>\n<p>&nbsp;<\/p>\n","protected":false},"excerpt":{"rendered":"<p>Le radon est un gaz radioactif qui peut s&rsquo;infiltrer par des br\u00e8ches dans la fondation, des drains, des puisards et le sol expos\u00e9, et qui risque de s&rsquo;accumuler pour atteindre des concentrations dangereuses en milieu r\u00e9sidentiel. M\u00eame s&rsquo;il fait partie de la famille des gaz nobles, le radon est loin d&rsquo;\u00eatre noble. \u00c0 l\u2019int\u00e9rieur, une &hellip; <a href=\"https:\/\/archive.cafe.crea.ca\/fr\/des-courtiers-et-agents-immobiliers-nobles-soumettent-leur-maison-a-un-test-dun-gaz-radioactif-dans-le-cadre-du-mois-daction-contre-le-radon\/\" class=\"more-link\">Continue reading <span class=\"screen-reader-text\">Des courtiers et agents immobiliers \u00ab nobles \u00bb soumettent leur maison \u00e0 un test d\u2019un gaz radioactif dans le cadre du Mois d\u2019action contre le radon<\/span><\/a><\/p>\n","protected":false},"author":33,"featured_media":27296,"comment_status":"open","ping_status":"open","sticky":false,"template":"","format":"standard","meta":{"footnotes":""},"categories":[2369],"tags":[],"coauthors":[],"class_list":["post-30824","post","type-post","status-publish","format-standard","has-post-thumbnail","hentry","category-defense-des-interets"],"aioseo_notices":[],"_links":{"self":[{"href":"https:\/\/archive.cafe.crea.ca\/fr\/wp-json\/wp\/v2\/posts\/30824"}],"collection":[{"href":"https:\/\/archive.cafe.crea.ca\/fr\/wp-json\/wp\/v2\/posts"}],"about":[{"href":"https:\/\/archive.cafe.crea.ca\/fr\/wp-json\/wp\/v2\/types\/post"}],"author":[{"embeddable":true,"href":"https:\/\/archive.cafe.crea.ca\/fr\/wp-json\/wp\/v2\/users\/33"}],"replies":[{"embeddable":true,"href":"https:\/\/archive.cafe.crea.ca\/fr\/wp-json\/wp\/v2\/comments?post=30824"}],"version-history":[{"count":0,"href":"https:\/\/archive.cafe.crea.ca\/fr\/wp-json\/wp\/v2\/posts\/30824\/revisions"}],"wp:featuredmedia":[{"embeddable":true,"href":"https:\/\/archive.cafe.crea.ca\/fr\/wp-json\/wp\/v2\/media\/27296"}],"wp:attachment":[{"href":"https:\/\/archive.cafe.crea.ca\/fr\/wp-json\/wp\/v2\/media?parent=30824"}],"wp:term":[{"taxonomy":"category","embeddable":true,"href":"https:\/\/archive.cafe.crea.ca\/fr\/wp-json\/wp\/v2\/categories?post=30824"},{"taxonomy":"post_tag","embeddable":true,"href":"https:\/\/archive.cafe.crea.ca\/fr\/wp-json\/wp\/v2\/tags?post=30824"},{"taxonomy":"author","embeddable":true,"href":"https:\/\/archive.cafe.crea.ca\/fr\/wp-json\/wp\/v2\/coauthors?post=30824"}],"curies":[{"name":"wp","href":"https:\/\/api.w.org\/{rel}","templated":true}]}}