{"id":30819,"date":"2015-12-11T18:33:10","date_gmt":"2015-12-11T23:33:10","guid":{"rendered":"https:\/\/archive.cafe.crea.ca\/saveurs-de-la-semaine-le-11-decembre-2015\/"},"modified":"2015-12-11T18:33:10","modified_gmt":"2015-12-11T23:33:10","slug":"saveurs-de-la-semaine-le-11-decembre-2015","status":"publish","type":"post","link":"https:\/\/archive.cafe.crea.ca\/fr\/saveurs-de-la-semaine-le-11-decembre-2015\/","title":{"rendered":"Saveurs de la semaine : le 11 d\u00e9cembre 2015"},"content":{"rendered":"<p><em>Les Saveurs de la semaine sont votre source hebdomadaire de nouvelles et de reportages sur l\u2019immobilier qui auraient pu vous \u00e9chapper.<\/em><em> Notre \u00e9quipe des Saveurs de la semaine s\u2019acharne \u00e0 parcourir le Web, les groupes de nouvelles et les forums \u00e0 la recherche de reportages obscurs, bizarres, int\u00e9ressants et informatifs sur l\u2019immobilier ou des sujets connexes. Si vous d\u00e9sirez en contribuer un, veuillez l\u2019afficher \u00e0 notre section r\u00e9serv\u00e9e aux commentaires ou gazouiller sur le reportage en utilisant le mot-clic <strong>#Saveursdelasemaine<\/strong>. Faites-vous couler une bonne tasse de caf\u00e9 frais, savourez ces reportages\u2026 et faites-en peut-\u00eatre m\u00eame part \u00e0 vos amis et coll\u00e8gues. Bonne lecture!<\/em><\/p>\n<p><em>Voici mes choix de la semaine\u00a0:<\/em><\/p>\n<p>Les conseils de la semaine\u00a0: <a href=\"http:\/\/www.journaldemontreal.com\/2015\/12\/07\/vice-cache--le-mot-le-dit-il-doit-etre-cache\" target=\"_blank\">quoi faire si vous d\u00e9couvrez un vice cach\u00e9<\/a>, <a href=\"http:\/\/tinyurl.com\/puk82yf\" target=\"_blank\">qui s\u2019occupe du permis pour changer portes et fen\u00eatres<\/a>, <a href=\"http:\/\/tinyurl.com\/hkwuflu\" target=\"_blank\">derniers pr\u00e9paratifs avant l\u2019hiver<\/a> et <a href=\"http:\/\/tinyurl.com\/jeny2uc\" target=\"_blank\">comment vendre sa maison en 90 secondes<\/a>.<\/p>\n<p>Le Soleil relate que le maire <a href=\"http:\/\/tinyurl.com\/nvyf25o\" target=\"_blank\">Labeaume s\u2019attaque \u00e0 la \u00ab\u00a0taxe de bienvenue\u00a0\u00bb des couples s\u00e9par\u00e9s<\/a>.<\/p>\n<p>Daniel Germain des Affaires conclut que <a href=\"http:\/\/tinyurl.com\/zrm5juc\" target=\"_blank\">le march\u00e9 des condos est d\u00e9traqu\u00e9<\/a>.<\/p>\n<p>Avez-vous des id\u00e9es pour am\u00e9nager d\u2019avantage Ottawa pour le 150<sup>e<\/sup> anniversaire de la Conf\u00e9d\u00e9ration canadienne\u00a0en 2017? <a href=\"http:\/\/tinyurl.com\/jfzorr3\" target=\"_blank\">La CCN cherche 17 projets de prestige<\/a>.<\/p>\n<p>Impressionnant! <a href=\"http:\/\/immobilier.lefigaro.fr\/article\/ces-prets-immobiliers-qui-deviennent-gratuits_4d0e1550-9cf7-11e5-98d3-d194717cf07f\/\" target=\"_blank\">Ces pr\u00eats immobiliers qui deviennent gratuits<\/a> \u2013 je suis jaloux!<\/p>\n<p>Je ne sais pas si c\u2019est nouveau en France, mais BFMTV discute d\u2019immobilier, constatant que <a href=\"http:\/\/bfmbusiness.bfmtv.com\/votre-argent\/immobilier-quel-que-soit-le-prix-d-un-bien-les-acheteurs-negocieront-935585.html\" target=\"_blank\">quel que soit le prix, les acheteurs n\u00e9gocieront<\/a>.\u00a0 Et Europe 1 remarque que les <a href=\"http:\/\/www.europe1.fr\/economie\/immobilier-les-delais-de-vente-de-plus-en-plus-courts-2633783\" target=\"_blank\">d\u00e9lais de vente sont de plus en plus courts<\/a>.<\/p>\n<p>Le Monde souligne <a href=\"http:\/\/www.lemonde.fr\/immobilier\/article\/2015\/12\/10\/dix-ans-d-inflation-immobiliere-passes-au-crible_4829317_1306281.html\" target=\"_blank\">dix ans de hausse de l\u2019immobilier dans les grandes villes de France<\/a>.<\/p>\n<p>En France, une bataille se dessine, opposant les sites Web <a href=\"http:\/\/bfmbusiness.bfmtv.com\/votre-argent\/petites-annonces-immobilieres-seloger-n-a-pas-peur-de-bien-ici-935325.html\" target=\"_blank\">SeLoger et Bien\u2019ici<\/a>. Voici un article sur <a href=\"http:\/\/www.journaldunet.com\/economie\/immobilier\/1168971-bien-ici\/\" target=\"_blank\">Bien\u2019ici, organis\u00e9 par le Syndicat national des professionnels de l\u2019immobilier<\/a>. De plus, le chroniqueur <a href=\"http:\/\/www.journaldunet.com\/economie\/expert\/62978\/immobilier---a-quand-la-vraie-revolution.shtml\" target=\"_blank\">Jean-Philippe Bertin demande \u00e0 quand la vraie r\u00e9volution<\/a> dans le domaine de l\u2019immobilier.<\/p>\n<p>En architecture, <a href=\"http:\/\/immobilier.lefigaro.fr\/article\/quand-les-origamis-inspirent-les-architectes_e2b16f96-9e7b-11e5-a427-a8a300a91601\/\" target=\"_blank\">quand les origamis inspirent les architectes<\/a>.<\/p>\n","protected":false},"excerpt":{"rendered":"<p>Les Saveurs de la semaine sont votre source hebdomadaire de nouvelles et de reportages sur l\u2019immobilier qui auraient pu vous \u00e9chapper. Notre \u00e9quipe des Saveurs de la semaine s\u2019acharne \u00e0 parcourir le Web, les groupes de nouvelles et les forums \u00e0 la recherche de reportages obscurs, bizarres, int\u00e9ressants et informatifs sur l\u2019immobilier ou des sujets &hellip; <a href=\"https:\/\/archive.cafe.crea.ca\/fr\/saveurs-de-la-semaine-le-11-decembre-2015\/\" class=\"more-link\">Continue reading <span class=\"screen-reader-text\">Saveurs de la semaine : le 11 d\u00e9cembre 2015<\/span><\/a><\/p>\n","protected":false},"author":23,"featured_media":27464,"comment_status":"open","ping_status":"open","sticky":false,"template":"","format":"standard","meta":{"footnotes":""},"categories":[2372],"tags":[],"coauthors":[],"class_list":["post-30819","post","type-post","status-publish","format-standard","has-post-thumbnail","hentry","category-divers"],"aioseo_notices":[],"_links":{"self":[{"href":"https:\/\/archive.cafe.crea.ca\/fr\/wp-json\/wp\/v2\/posts\/30819"}],"collection":[{"href":"https:\/\/archive.cafe.crea.ca\/fr\/wp-json\/wp\/v2\/posts"}],"about":[{"href":"https:\/\/archive.cafe.crea.ca\/fr\/wp-json\/wp\/v2\/types\/post"}],"author":[{"embeddable":true,"href":"https:\/\/archive.cafe.crea.ca\/fr\/wp-json\/wp\/v2\/users\/23"}],"replies":[{"embeddable":true,"href":"https:\/\/archive.cafe.crea.ca\/fr\/wp-json\/wp\/v2\/comments?post=30819"}],"version-history":[{"count":0,"href":"https:\/\/archive.cafe.crea.ca\/fr\/wp-json\/wp\/v2\/posts\/30819\/revisions"}],"wp:featuredmedia":[{"embeddable":true,"href":"https:\/\/archive.cafe.crea.ca\/fr\/wp-json\/wp\/v2\/media\/27464"}],"wp:attachment":[{"href":"https:\/\/archive.cafe.crea.ca\/fr\/wp-json\/wp\/v2\/media?parent=30819"}],"wp:term":[{"taxonomy":"category","embeddable":true,"href":"https:\/\/archive.cafe.crea.ca\/fr\/wp-json\/wp\/v2\/categories?post=30819"},{"taxonomy":"post_tag","embeddable":true,"href":"https:\/\/archive.cafe.crea.ca\/fr\/wp-json\/wp\/v2\/tags?post=30819"},{"taxonomy":"author","embeddable":true,"href":"https:\/\/archive.cafe.crea.ca\/fr\/wp-json\/wp\/v2\/coauthors?post=30819"}],"curies":[{"name":"wp","href":"https:\/\/api.w.org\/{rel}","templated":true}]}}