{"id":30817,"date":"2015-12-18T19:08:28","date_gmt":"2015-12-19T00:08:28","guid":{"rendered":"https:\/\/archive.cafe.crea.ca\/saveurs-de-la-semaine-le-18-decembre-2015\/"},"modified":"2015-12-18T19:08:28","modified_gmt":"2015-12-19T00:08:28","slug":"saveurs-de-la-semaine-le-18-decembre-2015","status":"publish","type":"post","link":"https:\/\/archive.cafe.crea.ca\/fr\/saveurs-de-la-semaine-le-18-decembre-2015\/","title":{"rendered":"Saveurs de la semaine : le 18 d\u00e9cembre 2015"},"content":{"rendered":"<p><em>Les Saveurs de la semaine sont votre source hebdomadaire de nouvelles et de reportages sur l\u2019immobilier qui auraient pu vous \u00e9chapper.<\/em><em> Notre \u00e9quipe des Saveurs de la semaine s\u2019acharne \u00e0 parcourir le Web, les groupes de nouvelles et les forums \u00e0 la recherche de reportages obscurs, bizarres, int\u00e9ressants et informatifs sur l\u2019immobilier ou des sujets connexes. Si vous d\u00e9sirez en contribuer un, veuillez l\u2019afficher \u00e0 notre section r\u00e9serv\u00e9e aux commentaires ou gazouiller sur le reportage en utilisant le mot-clic <strong>#Saveursdelasemaine<\/strong>. Faites-vous couler une bonne tasse de caf\u00e9 frais, savourez ces reportages\u2026 et faites-en peut-\u00eatre m\u00eame part \u00e0 vos amis et coll\u00e8gues. Bonne lecture!<\/em><\/p>\n<p><em>Voici mes choix de la semaine\u00a0:<\/em><\/p>\n<p>L&rsquo;utilisation des po\u00eales et des foyers au bois sera-t-elle <a href=\"http:\/\/www.lapresse.ca\/maison\/immobilier\/conseils\/201512\/14\/01-4930920-a-quand-la-derniere-buche-dans-le-poele.php\" target=\"_blank\">interdite \u00e0 Montr\u00e9al en 2018<\/a>?<\/p>\n<p><a href=\"http:\/\/www.lapresse.ca\/maison\/decoration\/201512\/11\/01-4930128-douce-nostalgie-de-saison.php?utm_categorieinterne=trafficdrivers&amp;utm_contenuinterne=cyberpresse_B13b_decoration_320591_section_POS3\" target=\"_blank\">Douce nostalgie de saison<\/a> \u2013 des chandelles rappelant l&rsquo;\u00e9corce de bouleau, coussins en fausse fourrure, articles en bois d&rsquo;aspect artisanal\u2026<\/p>\n<p>Le groupe Juste pour rire poursuit son expansion europ\u00e9enne <a href=\"http:\/\/www.journaldemontreal.com\/2015\/12\/16\/un-nouveau-theatre-pour-juste-pour-rire-a-paris\" target=\"_blank\">avec un nouveau th\u00e9\u00e2tre<\/a>.<\/p>\n<p>\u00c0 Astana, capitale kazakhe, un projet pr\u00e9voit de construire un immeuble r\u00e9sidentiel dont le toit ne serait autre qu\u2019une <a href=\"http:\/\/immobilier.lefigaro.fr\/article\/lasse-de-l-ascenseur-devalez-votre-immeuble-en-skiant_7ebf2e84-a26c-11e5-8fb9-6101e371fda1\/\" target=\"_blank\">v\u00e9ritable piste de ski<\/a>.<\/p>\n<p>Un fabricant am\u00e9ricain propose un <a href=\"http:\/\/immobilier.lefigaro.fr\/article\/ces-maisons-de-hobbit-peuvent-se-monter-en-3-jours_562160ba-a248-11e5-8fb9-6101e371fda1\/\" target=\"_blank\">habitat pr\u00e9fabriqu\u00e9 en fibre renforc\u00e9e qui s\u2019installe tr\u00e8s facilement<\/a>. Il ne reste plus qu\u2019\u00e0 v\u00e9g\u00e9taliser le dessus de la coque pour vivre comme les personnages du <em>Seigneur des anneaux<\/em>.<\/p>\n<p>Plus de quatorze ans apr\u00e8s les attentats du 11 septembre 2001, le <a href=\"http:\/\/bfmbusiness.bfmtv.com\/monde\/world-trade-center-un-gros-cheque-pour-attirer-les-futurs-locatairesbr-935804.html\" target=\"_blank\">nouveau World Trade Center (WTC)<\/a> peine \u00e0 s\u00e9duire ses futurs locataires.<\/p>\n<p>Toujours \u00e0 New York, <a href=\"http:\/\/quebec.huffingtonpost.ca\/2015\/12\/16\/architecture-manhattan_n_8818044.html\" target=\"_blank\">une tour digne de Gotham City imagin\u00e9e pour Manhattan<\/a>.<\/p>\n<p>Et finalement, <a href=\"http:\/\/quebec.huffingtonpost.ca\/2015\/12\/13\/paris-couleurs-photos-100-ans_n_8799782.html\" target=\"_blank\">de rares photos en couleurs de Paris il y a 100 ans<\/a>.<\/p>\n","protected":false},"excerpt":{"rendered":"<p>Les Saveurs de la semaine sont votre source hebdomadaire de nouvelles et de reportages sur l\u2019immobilier qui auraient pu vous \u00e9chapper. Notre \u00e9quipe des Saveurs de la semaine s\u2019acharne \u00e0 parcourir le Web, les groupes de nouvelles et les forums \u00e0 la recherche de reportages obscurs, bizarres, int\u00e9ressants et informatifs sur l\u2019immobilier ou des sujets &hellip; <a href=\"https:\/\/archive.cafe.crea.ca\/fr\/saveurs-de-la-semaine-le-18-decembre-2015\/\" class=\"more-link\">Continue reading <span class=\"screen-reader-text\">Saveurs de la semaine : le 18 d\u00e9cembre 2015<\/span><\/a><\/p>\n","protected":false},"author":23,"featured_media":27464,"comment_status":"open","ping_status":"open","sticky":false,"template":"","format":"standard","meta":{"footnotes":""},"categories":[2372],"tags":[],"coauthors":[],"class_list":["post-30817","post","type-post","status-publish","format-standard","has-post-thumbnail","hentry","category-divers"],"aioseo_notices":[],"_links":{"self":[{"href":"https:\/\/archive.cafe.crea.ca\/fr\/wp-json\/wp\/v2\/posts\/30817"}],"collection":[{"href":"https:\/\/archive.cafe.crea.ca\/fr\/wp-json\/wp\/v2\/posts"}],"about":[{"href":"https:\/\/archive.cafe.crea.ca\/fr\/wp-json\/wp\/v2\/types\/post"}],"author":[{"embeddable":true,"href":"https:\/\/archive.cafe.crea.ca\/fr\/wp-json\/wp\/v2\/users\/23"}],"replies":[{"embeddable":true,"href":"https:\/\/archive.cafe.crea.ca\/fr\/wp-json\/wp\/v2\/comments?post=30817"}],"version-history":[{"count":0,"href":"https:\/\/archive.cafe.crea.ca\/fr\/wp-json\/wp\/v2\/posts\/30817\/revisions"}],"wp:featuredmedia":[{"embeddable":true,"href":"https:\/\/archive.cafe.crea.ca\/fr\/wp-json\/wp\/v2\/media\/27464"}],"wp:attachment":[{"href":"https:\/\/archive.cafe.crea.ca\/fr\/wp-json\/wp\/v2\/media?parent=30817"}],"wp:term":[{"taxonomy":"category","embeddable":true,"href":"https:\/\/archive.cafe.crea.ca\/fr\/wp-json\/wp\/v2\/categories?post=30817"},{"taxonomy":"post_tag","embeddable":true,"href":"https:\/\/archive.cafe.crea.ca\/fr\/wp-json\/wp\/v2\/tags?post=30817"},{"taxonomy":"author","embeddable":true,"href":"https:\/\/archive.cafe.crea.ca\/fr\/wp-json\/wp\/v2\/coauthors?post=30817"}],"curies":[{"name":"wp","href":"https:\/\/api.w.org\/{rel}","templated":true}]}}