{"id":30814,"date":"2016-01-08T18:19:43","date_gmt":"2016-01-08T23:19:43","guid":{"rendered":"https:\/\/archive.cafe.crea.ca\/saveurs-de-la-semaine-le-8-janvier-2016\/"},"modified":"2016-01-08T18:19:43","modified_gmt":"2016-01-08T23:19:43","slug":"saveurs-de-la-semaine-le-8-janvier-2016","status":"publish","type":"post","link":"https:\/\/archive.cafe.crea.ca\/fr\/saveurs-de-la-semaine-le-8-janvier-2016\/","title":{"rendered":"Saveurs de la semaine : le 8 janvier 2016"},"content":{"rendered":"<p><em>Les Saveurs de la semaine sont votre source hebdomadaire de nouvelles et de reportages sur l\u2019immobilier qui auraient pu vous \u00e9chapper.<\/em><em> Notre \u00e9quipe des Saveurs de la semaine s\u2019acharne \u00e0 parcourir le Web, les groupes de nouvelles et les forums \u00e0 la recherche de reportages obscurs, bizarres, int\u00e9ressants et informatifs sur l\u2019immobilier ou des sujets connexes. Si vous d\u00e9sirez en contribuer un, veuillez l\u2019afficher \u00e0 notre section r\u00e9serv\u00e9e aux commentaires ou gazouiller sur le reportage en utilisant le mot-clic <strong>#Saveursdelasemaine<\/strong>. Faites-vous couler une bonne tasse de caf\u00e9 frais, savourez ces reportages\u2026 et faites-en peut-\u00eatre m\u00eame part \u00e0 vos amis et coll\u00e8gues. Bonne lecture!<\/em><\/p>\n<p><em>Voici mes choix de la semaine\u00a0:<\/em><\/p>\n<p>Les suggestions de la semaine\u00a0: <a href=\"http:\/\/tinyurl.com\/joomnlx\" target=\"_blank\">cocooning<\/a>; <a href=\"http:\/\/tinyurl.com\/h5djlag\" target=\"_blank\">loft dans la maison<\/a>; <a href=\"http:\/\/tinyurl.com\/zexam5x\" target=\"_blank\">nature mise en lumi\u00e8re<\/a>; une <a href=\"http:\/\/tinyurl.com\/jud6sjz\" target=\"_blank\">maison sous verre<\/a>; tendances 2016 pour la <a href=\"http:\/\/tinyurl.com\/ou9ocx2\" target=\"_blank\">cuisine<\/a>, <a href=\"http:\/\/tinyurl.com\/o5fwcdx\" target=\"_blank\">la salle de bains<\/a> et <a href=\"http:\/\/tinyurl.com\/hb9ell8\" target=\"_blank\">en textiles<\/a>; sans oublier de faire le vide pour <a href=\"http:\/\/tinyurl.com\/qebfxfk\" target=\"_blank\">\u00eatre plus l\u00e9ger<\/a> et <a href=\"http:\/\/tinyurl.com\/jzn3sy9\" target=\"_blank\">\u00eatre tout pr\u00e8s du but<\/a>.<\/p>\n<p>Voici <a href=\"http:\/\/tinyurl.com\/gw7erdo\" target=\"_blank\">les 10 r\u00e9solutions de l\u2019acheteur<\/a>, d\u2019apr\u00e8s La Presse.<\/p>\n<p>Ghislain Larochelle du Journal de Montr\u00e9al propose <a href=\"http:\/\/www.journaldemontreal.com\/2016\/01\/04\/vos-10-resolutions-2016-en-immobilier\" target=\"_blank\">10 r\u00e9solutions \u00e0 prendre pour conna\u00eetre du succ\u00e8s en immobilier en 2016<\/a>.<\/p>\n<p>Les Affaires consid\u00e8re <a href=\"http:\/\/tinyurl.com\/hm93hdk\" target=\"_blank\">pourquoi acheter un condo \u00ab\u00a0usag\u00e9\u00a0\u00bb<\/a>.<\/p>\n<p>Le Nouvel Observateur souligne qu\u2019<a href=\"http:\/\/tempsreel.nouvelobs.com\/immobilier\/luxe\/20160105.OBS2259\/paris-les-grands-appartements-familiaux-attirent-de-nouveaux-les-acquereurs.html\" target=\"_blank\">\u00e0 Paris, les grands appartements familiaux attirent de nouveau les acqu\u00e9reurs<\/a>.<\/p>\n<p>On souligne que <a href=\"http:\/\/www.lefigaro.fr\/flash-eco\/2016\/01\/07\/97002-20160107FILWWW00265-record-pour-l-immobilier-de-bureaux-en-2015.php\" target=\"_blank\">2015 est une ann\u00e9e record pour l\u2019immobilier de bureaux en France<\/a>.<\/p>\n<p>Voyez l\u2019incroyable <a href=\"http:\/\/immobilier.lefigaro.fr\/article\/l-incroyable-transformation-d-une-ferme-austere-en-oeuvre-d-art_3e6ed960-afa5-11e5-bac8-f716d4583b1a\/\" target=\"_blank\">transformation d\u2019une ferme aust\u00e8re en \u0153uvre d\u2019art<\/a>.<\/p>\n<p>En Belgique, Le Soir se demande ce <a href=\"http:\/\/www.lesoir.be\/1087396\/article\/economie\/immo\/2016-01-07\/que-nous-reserve-l-immobilier-en-2016\" target=\"_blank\">que nous r\u00e9serve l\u2019immobilier en 2016<\/a>.<\/p>\n<p>Tout un cadeau! Un acheteur anonyme s\u2019est offert un <a href=\"http:\/\/www.dna.fr\/actualite\/2015\/12\/27\/pour-noel-un-appartement-a-140-000-euros-le-m2\" target=\"_blank\">appartement de 532 m<sup>2<\/sup> sur l\u2019\u00eele de Hong Kong pour\u2026 70,1 millions d\u2019Euros<\/a>.<\/p>\n<p>Le Figaro note qu\u2019<a href=\"http:\/\/immobilier.lefigaro.fr\/article\/en-somalie-les-projets-immobiliers-renaissent-apres-20-ans-de-guerre_8be812b6-b2ab-11e5-b003-91231f436522\/\" target=\"_blank\">en Somalie, les projets immobiliers renaissent apr\u00e8s 20 ans de guerre<\/a> et qu\u2019un <a href=\"http:\/\/immobilier.lefigaro.fr\/article\/le-geant-chinois-de-l-immobilier-mise-sur-les-hopitaux_1a8469b6-b45a-11e5-9beb-a1def93023bd\/\" target=\"_blank\">g\u00e9ant chinois de l\u2019immobilier mise sur les h\u00f4pitaux<\/a>.<\/p>\n<p>Hmmm\u2026 Une <a href=\"http:\/\/www.lavieimmo.com\/insolite\/une-ile-flottante-pour-faire-face-a-la-montee-des-eaux-33980.html\" target=\"_blank\">\u00eele flottante pour faire face \u00e0 la mont\u00e9e des eaux<\/a>.<\/p>\n","protected":false},"excerpt":{"rendered":"<p>Les Saveurs de la semaine sont votre source hebdomadaire de nouvelles et de reportages sur l\u2019immobilier qui auraient pu vous \u00e9chapper. Notre \u00e9quipe des Saveurs de la semaine s\u2019acharne \u00e0 parcourir le Web, les groupes de nouvelles et les forums \u00e0 la recherche de reportages obscurs, bizarres, int\u00e9ressants et informatifs sur l\u2019immobilier ou des sujets &hellip; <a href=\"https:\/\/archive.cafe.crea.ca\/fr\/saveurs-de-la-semaine-le-8-janvier-2016\/\" class=\"more-link\">Continue reading <span class=\"screen-reader-text\">Saveurs de la semaine : le 8 janvier 2016<\/span><\/a><\/p>\n","protected":false},"author":23,"featured_media":27464,"comment_status":"open","ping_status":"open","sticky":false,"template":"","format":"standard","meta":{"footnotes":""},"categories":[2372],"tags":[],"coauthors":[],"class_list":["post-30814","post","type-post","status-publish","format-standard","has-post-thumbnail","hentry","category-divers"],"aioseo_notices":[],"_links":{"self":[{"href":"https:\/\/archive.cafe.crea.ca\/fr\/wp-json\/wp\/v2\/posts\/30814"}],"collection":[{"href":"https:\/\/archive.cafe.crea.ca\/fr\/wp-json\/wp\/v2\/posts"}],"about":[{"href":"https:\/\/archive.cafe.crea.ca\/fr\/wp-json\/wp\/v2\/types\/post"}],"author":[{"embeddable":true,"href":"https:\/\/archive.cafe.crea.ca\/fr\/wp-json\/wp\/v2\/users\/23"}],"replies":[{"embeddable":true,"href":"https:\/\/archive.cafe.crea.ca\/fr\/wp-json\/wp\/v2\/comments?post=30814"}],"version-history":[{"count":0,"href":"https:\/\/archive.cafe.crea.ca\/fr\/wp-json\/wp\/v2\/posts\/30814\/revisions"}],"wp:featuredmedia":[{"embeddable":true,"href":"https:\/\/archive.cafe.crea.ca\/fr\/wp-json\/wp\/v2\/media\/27464"}],"wp:attachment":[{"href":"https:\/\/archive.cafe.crea.ca\/fr\/wp-json\/wp\/v2\/media?parent=30814"}],"wp:term":[{"taxonomy":"category","embeddable":true,"href":"https:\/\/archive.cafe.crea.ca\/fr\/wp-json\/wp\/v2\/categories?post=30814"},{"taxonomy":"post_tag","embeddable":true,"href":"https:\/\/archive.cafe.crea.ca\/fr\/wp-json\/wp\/v2\/tags?post=30814"},{"taxonomy":"author","embeddable":true,"href":"https:\/\/archive.cafe.crea.ca\/fr\/wp-json\/wp\/v2\/coauthors?post=30814"}],"curies":[{"name":"wp","href":"https:\/\/api.w.org\/{rel}","templated":true}]}}