{"id":30812,"date":"2016-01-15T18:59:13","date_gmt":"2016-01-15T23:59:13","guid":{"rendered":"https:\/\/archive.cafe.crea.ca\/saveurs-de-la-semaine-le-15-janvier-2016\/"},"modified":"2016-01-15T18:59:13","modified_gmt":"2016-01-15T23:59:13","slug":"saveurs-de-la-semaine-le-15-janvier-2016","status":"publish","type":"post","link":"https:\/\/archive.cafe.crea.ca\/fr\/saveurs-de-la-semaine-le-15-janvier-2016\/","title":{"rendered":"Saveurs de la semaine : le 15 janvier 2016"},"content":{"rendered":"<p>&lt;em&gt;Les Saveurs de la semaine sont votre source hebdomadaire de nouvelles et de reportages sur l\u2019immobilier qui auraient pu vous \u00e9chapper.&lt;\/em&gt;&lt;em&gt; Notre \u00e9quipe des Saveurs de la semaine s\u2019acharne \u00e0 parcourir le Web, les groupes de nouvelles et les forums \u00e0 la recherche de reportages obscurs, bizarres, int\u00e9ressants et informatifs sur l\u2019immobilier ou des sujets connexes. Si vous d\u00e9sirez en contribuer un, veuillez l\u2019afficher \u00e0 notre section r\u00e9serv\u00e9e aux commentaires ou gazouiller sur le reportage en utilisant le mot-clic &lt;strong&gt;#Saveursdelasemaine&lt;\/strong&gt;. Faites-vous couler une bonne tasse de caf\u00e9 frais, savourez ces reportages\u2026 et faites-en peut-\u00eatre m\u00eame part \u00e0 vos amis et coll\u00e8gues. Bonne lecture!&lt;\/em&gt;<\/p>\n<p>&lt;em&gt;Voici mes choix de la semaine\u00a0:&lt;\/em&gt;<\/p>\n<p>Les suggestions de la semaine\u00a0: &lt;a href=\u00a0\u00bbhttp:\/\/tinyurl.com\/jkqxrnz\u00a0\u00bb&gt;pare-soleil intelligent&lt;\/a&gt;; un &lt;a href=\u00a0\u00bbhttp:\/\/tinyurl.com\/gmduq3n\u00a0\u00bb&gt;potager dans sa cuisine&lt;\/a&gt;; un &lt;a href=\u00a0\u00bbhttp:\/\/tinyurl.com\/hcuqlyq\u00a0\u00bb&gt;aspirateur ennemi des acariens&lt;\/a&gt;; &lt;a href=\u00a0\u00bbhttp:\/\/tinyurl.com\/jdsmd5y\u00a0\u00bb&gt;tendances 2016 en luminaires&lt;\/a&gt; et &lt;a href=\u00a0\u00bbhttp:\/\/tinyurl.com\/jf7jqey\u00a0\u00bb&gt;mousse polyur\u00e9thane&lt;\/a&gt;.<\/p>\n<p>Daniel Germain du journal Les Affaires trouve que &lt;a href=\u00a0\u00bbhttp:\/\/tinyurl.com\/hmzveq5&Prime; target=\u00a0\u00bb_blank\u00a0\u00bb&gt;nos maisons sont devenues trop petites&lt;\/a&gt;, Joanie Fontaine constate que &lt;a href=\u00a0\u00bbhttp:\/\/tinyurl.com\/zsdfto6&Prime; target=\u00a0\u00bb_blank\u00a0\u00bb&gt;2015 est une autre ann\u00e9e au ralenti&lt;\/a&gt; pour l\u2019immobilier qu\u00e9b\u00e9cois et la firme de recherche en investissement Morningstar sugg\u00e8re que &lt;a href=\u00a0\u00bbhttp:\/\/tinyurl.com\/hqzyest\u00a0\u00bb target=\u00a0\u00bb_blank\u00a0\u00bb&gt;votre maison est votre meilleur all\u00e9gement fiscal&lt;\/a&gt;.<\/p>\n<p>Le Devoir remarque qu\u2019il y a peut-\u00eatre &lt;a href=\u00a0\u00bbhttp:\/\/tinyurl.com\/hyn935b\u00a0\u00bb target=\u00a0\u00bb_blank\u00a0\u00bb&gt;trop de condos le long du canal Lachine&lt;\/a&gt;.<\/p>\n<p>Le Figaro souligne une &lt;a href=\u00a0\u00bbhttp:\/\/immobilier.lefigaro.fr\/article\/nouvelle-operation-coup-de-poing-contre-les-meubles-touristique_73262cac-b90b-11e5-87c4-1bb20342c4b4\/\u00a0\u00bb target=\u00a0\u00bb_blank\u00a0\u00bb&gt;nouvelle op\u00e9ration coup de poing contre les meubl\u00e9s touristiques&lt;\/a&gt; (location type-Airbnb).<\/p>\n<p>Le Nouvel Observateur demande si &lt;a href=\u00a0\u00bbhttp:\/\/tempsreel.nouvelobs.com\/immobilier\/marche-immobilier\/20160113.OBS2711\/la-baisse-des-prix-de-l-immobilier-est-elle-terminee.html\u00a0\u00bb target=\u00a0\u00bb_blank\u00a0\u00bb&gt;la baisse des prix de l\u2019immobilier est termin\u00e9e&lt;\/a&gt;.<\/p>\n<p>L\u2019immeuble &lt;a href=\u00a0\u00bbhttp:\/\/www.lavieimmo.com\/immobilier-saint-denis-36331\/le-verone-l-incroyable-immeuble-de-vente-priveecom-34192.html\u00a0\u00bb target=\u00a0\u00bb_blank\u00a0\u00bb&gt;Le V\u00e9rone, en face du Stade de France, affiche d\u00e9sormais des petites annonces immobili\u00e8res&lt;\/a&gt;.<\/p>\n<p>Le Journal du Net consid\u00e8re &lt;a href=\u00a0\u00bbhttp:\/\/www.journaldunet.com\/economie\/expert\/63236\/l-immobilier-d-entreprise&#8212;secteur-qui-resiste-a-la-crise.shtml\u00a0\u00bb target=\u00a0\u00bb_blank\u00a0\u00bb&gt;l\u2019immobilier d\u2019entreprise un secteur qui r\u00e9siste \u00e0 la crise&lt;\/a&gt;.<\/p>\n<p>Hmmm\u2026 pourquoi pas &lt;a href=\u00a0\u00bbhttp:\/\/www.masculin.com\/lifestyle\/12014-maison-hobbit\/?utm_content=buffer193d0&amp;amp;utm_medium=social&amp;amp;utm_source=facebook.com&amp;amp;utm_campaign=buffer\u00a0\u00bb target=\u00a0\u00bb_blank\u00a0\u00bb&gt;sa propre maison de hobbit&lt;\/a&gt;? Sinon, pourquoi pas le &lt;a href=\u00a0\u00bbhttp:\/\/www.20minutes.fr\/insolite\/1762799-20160110-manoir-playboy-vendre-200-millions-dollars\u00a0\u00bb target=\u00a0\u00bb_blank\u00a0\u00bb&gt;manoir Playboy, offert \u00e0 200M $ USD&lt;\/a&gt;?<\/p>\n<p>&amp;nbsp;<\/p>\n","protected":false},"excerpt":{"rendered":"<p>&lt;em&gt;Les Saveurs de la semaine sont votre source hebdomadaire de nouvelles et de reportages sur l\u2019immobilier qui auraient pu vous \u00e9chapper.&lt;\/em&gt;&lt;em&gt; Notre \u00e9quipe des Saveurs de la semaine s\u2019acharne \u00e0 parcourir le Web, les groupes de nouvelles et les forums \u00e0 la recherche de reportages obscurs, bizarres, int\u00e9ressants et informatifs sur l\u2019immobilier ou des sujets &hellip; <a href=\"https:\/\/archive.cafe.crea.ca\/fr\/saveurs-de-la-semaine-le-15-janvier-2016\/\" class=\"more-link\">Continue reading <span class=\"screen-reader-text\">Saveurs de la semaine : le 15 janvier 2016<\/span><\/a><\/p>\n","protected":false},"author":23,"featured_media":27440,"comment_status":"open","ping_status":"open","sticky":false,"template":"","format":"standard","meta":{"footnotes":""},"categories":[2372],"tags":[],"coauthors":[],"class_list":["post-30812","post","type-post","status-publish","format-standard","has-post-thumbnail","hentry","category-divers"],"aioseo_notices":[],"_links":{"self":[{"href":"https:\/\/archive.cafe.crea.ca\/fr\/wp-json\/wp\/v2\/posts\/30812"}],"collection":[{"href":"https:\/\/archive.cafe.crea.ca\/fr\/wp-json\/wp\/v2\/posts"}],"about":[{"href":"https:\/\/archive.cafe.crea.ca\/fr\/wp-json\/wp\/v2\/types\/post"}],"author":[{"embeddable":true,"href":"https:\/\/archive.cafe.crea.ca\/fr\/wp-json\/wp\/v2\/users\/23"}],"replies":[{"embeddable":true,"href":"https:\/\/archive.cafe.crea.ca\/fr\/wp-json\/wp\/v2\/comments?post=30812"}],"version-history":[{"count":0,"href":"https:\/\/archive.cafe.crea.ca\/fr\/wp-json\/wp\/v2\/posts\/30812\/revisions"}],"wp:featuredmedia":[{"embeddable":true,"href":"https:\/\/archive.cafe.crea.ca\/fr\/wp-json\/wp\/v2\/media\/27440"}],"wp:attachment":[{"href":"https:\/\/archive.cafe.crea.ca\/fr\/wp-json\/wp\/v2\/media?parent=30812"}],"wp:term":[{"taxonomy":"category","embeddable":true,"href":"https:\/\/archive.cafe.crea.ca\/fr\/wp-json\/wp\/v2\/categories?post=30812"},{"taxonomy":"post_tag","embeddable":true,"href":"https:\/\/archive.cafe.crea.ca\/fr\/wp-json\/wp\/v2\/tags?post=30812"},{"taxonomy":"author","embeddable":true,"href":"https:\/\/archive.cafe.crea.ca\/fr\/wp-json\/wp\/v2\/coauthors?post=30812"}],"curies":[{"name":"wp","href":"https:\/\/api.w.org\/{rel}","templated":true}]}}