{"id":30808,"date":"2016-01-29T17:44:22","date_gmt":"2016-01-29T22:44:22","guid":{"rendered":"https:\/\/archive.cafe.crea.ca\/saveurs-de-la-semaine-le-29-janvier-2016\/"},"modified":"2016-01-29T17:44:22","modified_gmt":"2016-01-29T22:44:22","slug":"saveurs-de-la-semaine-le-29-janvier-2016","status":"publish","type":"post","link":"https:\/\/archive.cafe.crea.ca\/fr\/saveurs-de-la-semaine-le-29-janvier-2016\/","title":{"rendered":"Saveurs de la semaine : le 29 janvier 2016"},"content":{"rendered":"<h4>Les Saveurs de la semaine sont votre source hebdomadaire de nouvelles et de reportages sur l\u2019immobilier qui auraient pu vous \u00e9chapper.\u00a0Notre \u00e9quipe des Saveurs de la semaine s\u2019acharne \u00e0 parcourir le Web, les groupes de nouvelles et les forums \u00e0 la recherche de reportages obscurs, bizarres, int\u00e9ressants et informatifs sur l\u2019immobilier ou des sujets connexes. Si vous d\u00e9sirez en contribuer un, veuillez l\u2019afficher \u00e0 notre section r\u00e9serv\u00e9e aux commentaires ou gazouiller sur le reportage en utilisant le mot-clic\u00a0<strong>#Saveursdelasemaine<\/strong>. Faites-vous couler une bonne tasse de caf\u00e9 frais, savourez ces reportages\u2026 et faites-en peut-\u00eatre m\u00eame part \u00e0 vos amis et coll\u00e8gues. Bonne lecture!<\/h4>\n<p><strong>Voici mes choix de la semaine\u00a0:<\/strong><\/p>\n<ul>\n<li>Les conseils de la semaine\u00a0:\u00a0<a href=\"http:\/\/tinyurl.com\/j6s357h\" target=\"_blank\">f\u00e9ru de solaire<\/a>;\u00a0<a href=\"http:\/\/tinyurl.com\/gubf274\" target=\"_blank\">robots culinaires<\/a>;\u00a0<a href=\"http:\/\/tinyurl.com\/gt67exd\" target=\"_blank\">vieux radiateurs<\/a>;\u00a0<a href=\"http:\/\/tinyurl.com\/hc2r6j2\" target=\"_blank\">belle vitrine pour maisons abandonn\u00e9es<\/a>; et\u00a0<a href=\"http:\/\/tinyurl.com\/hay483a\" target=\"_blank\">application pour ceux qui ne veulent pas pelleter<\/a>.<\/li>\n<li>La Presse fait le tour des\u00a0<a href=\"http:\/\/tinyurl.com\/jmglek5\" target=\"_blank\">nouveaux projets pr\u00e9vus en 2016<\/a>.<\/li>\n<li>Les Affaires discute d\u2019un\u00a0<a href=\"http:\/\/www.lesaffaires.com\/secteurs-d-activite\/immobilier\/un-projet-titanesque-a-ottawa\/584845\" target=\"_blank\">projet immobilier titanesque \u00e0 Ottawa<\/a>, et survole\u00a0<a href=\"http:\/\/tinyurl.com\/z4chuw4\" target=\"_blank\">comment se vendent les maisons par MRC<\/a>. Matthieu Charest estime que\u00a0<a href=\"http:\/\/tinyurl.com\/z2u6tvy\" target=\"_blank\">la taxe fonci\u00e8re ne suffit plus<\/a>.<\/li>\n<li>Le Conseiller souligne que\u00a0<a href=\"http:\/\/www.conseiller.ca\/nouvelles\/les-etats-unis-sattaquent-au-blanchiment-dargent-dans-limmobilier-57074\" target=\"_blank\">les \u00c9tats-Unis s\u2019attaquent au blanchiment d\u2019argent dans l\u2019immobilier<\/a>.<\/li>\n<li>Surprenant! Le Figaro note que\u00a0<a href=\"http:\/\/immobilier.lefigaro.fr\/article\/l-immobilier-mondial-vaut-36-fois-plus-que-le-stock-d-or-disponible_b7a85486-c405-11e5-90e3-f4ea03ca71d0\/\" target=\"_blank\">l\u2019immobilier mondial vaut 36 fois plus que le stock d\u2019or disponible<\/a>.<\/li>\n<li>Europe 1 constate qu\u2019<a href=\"http:\/\/www.europe1.fr\/economie\/immobilier-acheter-est-devenu-plus-cher-que-louer-2657021\" target=\"_blank\">acheter est devenu plus cher que louer<\/a>.<\/li>\n<li>Les \u00c9chos r\u00e9v\u00e8lent qu\u2019en mati\u00e8re d\u2019<a href=\"http:\/\/www.lesechos.fr\/industrie-services\/immobilier-btp\/021648107253-investissement-immobilier-berlin-reste-la-ville-la-plus-attractive-deurope-1195275.php\" target=\"_blank\">investissement immobilier, Berlin reste la ville la plus attractive de l\u2019Europe<\/a>.<\/li>\n<\/ul>\n","protected":false},"excerpt":{"rendered":"<p>Les Saveurs de la semaine sont votre source hebdomadaire de nouvelles et de reportages sur l\u2019immobilier qui auraient pu vous \u00e9chapper.\u00a0Notre \u00e9quipe des Saveurs de la semaine s\u2019acharne \u00e0 parcourir le Web, les groupes de nouvelles et les forums \u00e0 la recherche de reportages obscurs, bizarres, int\u00e9ressants et informatifs sur l\u2019immobilier ou des sujets connexes. &hellip; <a href=\"https:\/\/archive.cafe.crea.ca\/fr\/saveurs-de-la-semaine-le-29-janvier-2016\/\" class=\"more-link\">Continue reading <span class=\"screen-reader-text\">Saveurs de la semaine : le 29 janvier 2016<\/span><\/a><\/p>\n","protected":false},"author":23,"featured_media":27440,"comment_status":"open","ping_status":"open","sticky":false,"template":"","format":"standard","meta":{"footnotes":""},"categories":[2372],"tags":[],"coauthors":[],"class_list":["post-30808","post","type-post","status-publish","format-standard","has-post-thumbnail","hentry","category-divers"],"aioseo_notices":[],"_links":{"self":[{"href":"https:\/\/archive.cafe.crea.ca\/fr\/wp-json\/wp\/v2\/posts\/30808"}],"collection":[{"href":"https:\/\/archive.cafe.crea.ca\/fr\/wp-json\/wp\/v2\/posts"}],"about":[{"href":"https:\/\/archive.cafe.crea.ca\/fr\/wp-json\/wp\/v2\/types\/post"}],"author":[{"embeddable":true,"href":"https:\/\/archive.cafe.crea.ca\/fr\/wp-json\/wp\/v2\/users\/23"}],"replies":[{"embeddable":true,"href":"https:\/\/archive.cafe.crea.ca\/fr\/wp-json\/wp\/v2\/comments?post=30808"}],"version-history":[{"count":0,"href":"https:\/\/archive.cafe.crea.ca\/fr\/wp-json\/wp\/v2\/posts\/30808\/revisions"}],"wp:featuredmedia":[{"embeddable":true,"href":"https:\/\/archive.cafe.crea.ca\/fr\/wp-json\/wp\/v2\/media\/27440"}],"wp:attachment":[{"href":"https:\/\/archive.cafe.crea.ca\/fr\/wp-json\/wp\/v2\/media?parent=30808"}],"wp:term":[{"taxonomy":"category","embeddable":true,"href":"https:\/\/archive.cafe.crea.ca\/fr\/wp-json\/wp\/v2\/categories?post=30808"},{"taxonomy":"post_tag","embeddable":true,"href":"https:\/\/archive.cafe.crea.ca\/fr\/wp-json\/wp\/v2\/tags?post=30808"},{"taxonomy":"author","embeddable":true,"href":"https:\/\/archive.cafe.crea.ca\/fr\/wp-json\/wp\/v2\/coauthors?post=30808"}],"curies":[{"name":"wp","href":"https:\/\/api.w.org\/{rel}","templated":true}]}}