{"id":30806,"date":"2016-02-05T17:36:18","date_gmt":"2016-02-05T22:36:18","guid":{"rendered":"https:\/\/archive.cafe.crea.ca\/saveurs-de-la-semaine-le-5-fevrier-2016\/"},"modified":"2016-02-05T17:36:18","modified_gmt":"2016-02-05T22:36:18","slug":"saveurs-de-la-semaine-le-5-fevrier-2016","status":"publish","type":"post","link":"https:\/\/archive.cafe.crea.ca\/fr\/saveurs-de-la-semaine-le-5-fevrier-2016\/","title":{"rendered":"Saveurs de la semaine : le 5 f\u00e9vrier 2016"},"content":{"rendered":"<h4>Les Saveurs de la semaine sont votre source hebdomadaire de nouvelles et de reportages sur l\u2019immobilier qui auraient pu vous \u00e9chapper.\u00a0Notre \u00e9quipe des Saveurs de la semaine s\u2019acharne \u00e0 parcourir le Web, les groupes de nouvelles et les forums \u00e0 la recherche de reportages obscurs, bizarres, int\u00e9ressants et informatifs sur l\u2019immobilier ou des sujets connexes. Si vous d\u00e9sirez en contribuer un, veuillez l\u2019afficher \u00e0 notre section r\u00e9serv\u00e9e aux commentaires ou gazouiller sur le reportage en utilisant le mot-clic\u00a0<strong>#Saveursdelasemaine<\/strong>. Faites-vous couler une bonne tasse de caf\u00e9 frais, savourez ces reportages\u2026 et faites-en peut-\u00eatre m\u00eame part \u00e0 vos amis et coll\u00e8gues. Bonne lecture!<\/h4>\n<p><strong>Voici mes choix de la semaine\u00a0:<\/strong><\/p>\n<ul>\n<li>Les conseils de la semaine\u00a0:\u00a0<a href=\"http:\/\/tinyurl.com\/zmovxrr\" target=\"_blank\">choisir son oreiller<\/a>;\u00a0<a href=\"http:\/\/tinyurl.com\/has3tcz\" target=\"_blank\">tendances planchers<\/a>; un\u00a0<a href=\"http:\/\/tinyurl.com\/jam2n8y\" target=\"_blank\">homme et son salon<\/a>\u00a0et\u00a0<a href=\"http:\/\/tinyurl.com\/j9n89zv\" target=\"_blank\">poursuivre son inspecteur pr\u00e9achat<\/a>.<\/li>\n<li>Maxime Bergeron de La Presse conclut que\u00a0<a href=\"http:\/\/tinyurl.com\/z3sledk\" target=\"_blank\">les Qu\u00e9b\u00e9cois aiment les grosses\u2026 mises de fonds<\/a>.<\/li>\n<li>St\u00e9phanie Grammond estime qu\u2019en mati\u00e8re\u00a0<a href=\"http:\/\/tinyurl.com\/zg9hyf9\" target=\"_blank\">d\u2019hypoth\u00e8que, moins on emprunte, plus \u00e7a co\u00fbte cher<\/a>.<\/li>\n<li>Ouf\u00a0: il semblerait que\u00a0<a href=\"http:\/\/www.conseiller.ca\/nouvelles\/limmobilier-mondial-vaut-deux-fois-le-pib-de-la-planete-57087\" target=\"_blank\">l\u2019immobilier mondial vaut deux fois le PIB de la plan\u00e8te<\/a>.<\/li>\n<li>Le Journal du Net propose des\u00a0<a href=\"http:\/\/www.journaldunet.com\/patrimoine\/finances-personnelles\/1172307-crowdfunding-immobilier-comment-eviter-les-mauvais-projets\/\" target=\"_blank\">conseils pour \u00e9viter les mauvais projets en crowdfunding immobilier<\/a>.<\/li>\n<li>Hmmm\u00a0: est-ce que\u00a0<a href=\"http:\/\/www.lavieimmo.com\/immobilier-montigny-les-metz-22462\/voisinage-un-vice-cache-comme-les-autres-34502.html\" target=\"_blank\">le voisinage est un vice cach\u00e9 comme les autres<\/a>?<\/li>\n<li>Le gouvernement fran\u00e7ais s\u2019int\u00e9resse \u00e0\u00a0<a href=\"http:\/\/www.itespresso.fr\/numerique-gouvernement-sinteresse-avenir-secteur-immobilier-120475.html\" target=\"_blank\">l\u2019avenir du secteur immobilier dans l\u2019\u00e8re num\u00e9rique<\/a>.<\/li>\n<li>Le Figaro r\u00e9v\u00e8le\u00a0<a href=\"http:\/\/immobilier.lefigaro.fr\/article\/decouvrez-les-22-projets-selectionnes-pour-reinventer-paris-_26186fdc-ca64-11e5-9ce6-c474f7e64b95\/\" target=\"_blank\">les 22 laur\u00e9ats du concours d\u2019am\u00e9nagement organis\u00e9 par Paris<\/a>.<\/li>\n<li>Attention! Pour\u00a0<a href=\"http:\/\/immobilier.lefigaro.fr\/article\/pour-vendre-son-logement-il-tait-l-existence-d-une-voisine-a-problemes_f0997760-c8c5-11e5-a909-d77d41c0c755\/\" target=\"_blank\">vendre son logement, il tait l\u2019existence d\u2019une voisine \u00e0 probl\u00e8me<\/a>.<\/li>\n<li>On dit que\u00a0<a href=\"http:\/\/immobilier.lefigaro.fr\/article\/berlin-craint-la-folie-immobiliere-avec-des-prix-trois-fois-plus-bas-qu-a-paris_7643aea8-c5b0-11e5-abc3-c9fb7240c549\/\" target=\"_blank\">Berlin vit \u00ab\u00a0la folie immobili\u00e8re\u00a0\u00bb avec des prix trois fois plus bas qu\u2019\u00e0 Paris<\/a>.<\/li>\n<li>Brrr\u00a0:\u00a0<a href=\"http:\/\/www.20min.ch\/ro\/news\/insolite\/story\/-Des-esprits-tortur-s-vivent-dans-ma-maison--25662740\" target=\"_blank\">\u00ab\u00a0Des esprits tortur\u00e9s vivent dans ma maison\u00a0\u00bb<\/a>.<\/li>\n<li>Le journal belge La Libre constate\u00a0<a href=\"http:\/\/www.lalibre.be\/economie\/actualite\/immobilier-le-boom-des-residences-secondaires-56b240c23570fdebf5b230cd\" target=\"_blank\">un boom en r\u00e9sidences secondaires<\/a>.<\/li>\n<li>Une occasion unique\u00a0:\u00a0<a href=\"http:\/\/www.20min.ch\/ro\/news\/insolite\/story\/13267060\" target=\"_blank\">un appartement \u00e0 Rome pour 5 centimes par mois<\/a>.<\/li>\n<li>Et pour les fans de foot, 2 articles sur Cristiano Ronaldo\u00a0: le premier sur\u00a0<a href=\"http:\/\/www.sen360.fr\/people\/cristiano-ronaldo-joue-les-agents-immobiliers-et-vous-fait-decouvrir-son-magnifique-spa-video-416996.html\" target=\"_blank\">son magnifique spa<\/a>, et le deuxi\u00e8me d\u00e9crivant son\u00a0<a href=\"http:\/\/www.tf1.fr\/tf1\/telefoot\/news\/insolite-cristiano-ronaldo-achete-un-hotel-a-monaco-4875041.html\" target=\"_blank\">achat d\u2019un h\u00f4tel \u00e0 Monaco<\/a>.<\/li>\n<\/ul>\n","protected":false},"excerpt":{"rendered":"<p>Les Saveurs de la semaine sont votre source hebdomadaire de nouvelles et de reportages sur l\u2019immobilier qui auraient pu vous \u00e9chapper.\u00a0Notre \u00e9quipe des Saveurs de la semaine s\u2019acharne \u00e0 parcourir le Web, les groupes de nouvelles et les forums \u00e0 la recherche de reportages obscurs, bizarres, int\u00e9ressants et informatifs sur l\u2019immobilier ou des sujets connexes. &hellip; <a href=\"https:\/\/archive.cafe.crea.ca\/fr\/saveurs-de-la-semaine-le-5-fevrier-2016\/\" class=\"more-link\">Continue reading <span class=\"screen-reader-text\">Saveurs de la semaine : le 5 f\u00e9vrier 2016<\/span><\/a><\/p>\n","protected":false},"author":23,"featured_media":27440,"comment_status":"open","ping_status":"open","sticky":false,"template":"","format":"standard","meta":{"footnotes":""},"categories":[2372],"tags":[],"coauthors":[],"class_list":["post-30806","post","type-post","status-publish","format-standard","has-post-thumbnail","hentry","category-divers"],"aioseo_notices":[],"_links":{"self":[{"href":"https:\/\/archive.cafe.crea.ca\/fr\/wp-json\/wp\/v2\/posts\/30806"}],"collection":[{"href":"https:\/\/archive.cafe.crea.ca\/fr\/wp-json\/wp\/v2\/posts"}],"about":[{"href":"https:\/\/archive.cafe.crea.ca\/fr\/wp-json\/wp\/v2\/types\/post"}],"author":[{"embeddable":true,"href":"https:\/\/archive.cafe.crea.ca\/fr\/wp-json\/wp\/v2\/users\/23"}],"replies":[{"embeddable":true,"href":"https:\/\/archive.cafe.crea.ca\/fr\/wp-json\/wp\/v2\/comments?post=30806"}],"version-history":[{"count":0,"href":"https:\/\/archive.cafe.crea.ca\/fr\/wp-json\/wp\/v2\/posts\/30806\/revisions"}],"wp:featuredmedia":[{"embeddable":true,"href":"https:\/\/archive.cafe.crea.ca\/fr\/wp-json\/wp\/v2\/media\/27440"}],"wp:attachment":[{"href":"https:\/\/archive.cafe.crea.ca\/fr\/wp-json\/wp\/v2\/media?parent=30806"}],"wp:term":[{"taxonomy":"category","embeddable":true,"href":"https:\/\/archive.cafe.crea.ca\/fr\/wp-json\/wp\/v2\/categories?post=30806"},{"taxonomy":"post_tag","embeddable":true,"href":"https:\/\/archive.cafe.crea.ca\/fr\/wp-json\/wp\/v2\/tags?post=30806"},{"taxonomy":"author","embeddable":true,"href":"https:\/\/archive.cafe.crea.ca\/fr\/wp-json\/wp\/v2\/coauthors?post=30806"}],"curies":[{"name":"wp","href":"https:\/\/api.w.org\/{rel}","templated":true}]}}