{"id":30799,"date":"2016-03-04T13:32:23","date_gmt":"2016-03-04T18:32:23","guid":{"rendered":"https:\/\/archive.cafe.crea.ca\/saveurs-de-la-semaine-le-4-mars-2016\/"},"modified":"2016-03-04T13:32:23","modified_gmt":"2016-03-04T18:32:23","slug":"saveurs-de-la-semaine-le-4-mars-2016","status":"publish","type":"post","link":"https:\/\/archive.cafe.crea.ca\/fr\/saveurs-de-la-semaine-le-4-mars-2016\/","title":{"rendered":"Saveurs de la semaine : le 4 mars 2016"},"content":{"rendered":"<p><em>Les Saveurs de la semaine sont votre source hebdomadaire de nouvelles et de reportages sur l\u2019immobilier qui auraient pu vous \u00e9chapper.<\/em><em>\u00a0Notre \u00e9quipe des Saveurs de la semaine s\u2019acharne \u00e0 parcourir le Web, les groupes de nouvelles et les forums \u00e0 la recherche de reportages obscurs, bizarres, int\u00e9ressants et informatifs sur l\u2019immobilier ou des sujets connexes. Si vous d\u00e9sirez en contribuer un, veuillez l\u2019afficher \u00e0 notre section r\u00e9serv\u00e9e aux commentaires ou gazouiller sur le reportage en utilisant le mot-clic\u00a0<strong>#Saveursdelasemaine<\/strong>. Faites-vous couler une bonne tasse de caf\u00e9 frais, savourez ces reportages\u2026 et faites-en peut-\u00eatre m\u00eame part \u00e0 vos amis et coll\u00e8gues. Bonne lecture!<\/em><\/p>\n<p><strong>Voici mes choix de la semaine\u00a0:<\/strong><\/p>\n<p>Les conseils de la semaine\u00a0: <a href=\"http:\/\/tinyurl.com\/hbsy6wm\" target=\"_blank\">maison branch\u00e9e (sur la vue)<\/a>; <a href=\"http:\/\/tinyurl.com\/jrfqr3x\" target=\"_blank\">s\u00e9duits par la lumi\u00e8re<\/a>; <a href=\"http:\/\/tinyurl.com\/gswsypj\" target=\"_blank\">chalets de ski<\/a> et <a href=\"http:\/\/tinyurl.com\/hxmqdmh\" target=\"_blank\">maison en d\u00e9pression<\/a>.<\/p>\n<p>L\u2019APCHQ aimerait que <a href=\"http:\/\/tinyurl.com\/hfn6xqm\" target=\"_blank\">le programme qu\u00e9b\u00e9cois LogiR\u00e9nov continue<\/a>.<\/p>\n<p>Maxime Bergeron de La Presse fait le tour <a href=\"http:\/\/tinyurl.com\/hw3ey82\" target=\"_blank\">des prix au pied carr\u00e9<\/a>.<\/p>\n<p>20 Minutes conclut qu\u2019une <a href=\"http:\/\/www.20min.ch\/ro\/news\/insolite\/story\/19797523\" target=\"_blank\">\u00eele canadienne propose d\u2019accueillir des anti-Trump<\/a>.<\/p>\n<p>Le Huffington Post Qu\u00e9bec indique que <a href=\"http:\/\/quebec.huffingtonpost.ca\/2016\/02\/29\/immobilier-l-accessibilite-reste-stable-au-pays-sauf-a-toronto-et-vancouver_n_9348170.html\" target=\"_blank\">l\u2019accessibilit\u00e9 reste stable au pays, sauf \u00e0 Toronto et Vancouver<\/a>, tandis que La Presse souligne que <a href=\"http:\/\/affaires.lapresse.ca\/economie\/immobilier\/201603\/03\/01-4956914-residences-de-luxe-toronto-et-vancouver-dominent-le-marche.php\" target=\"_blank\">Toronto et Vancouver dominent le march\u00e9 de luxe<\/a>.<\/p>\n<p>Se Loger note que <a href=\"http:\/\/edito.seloger.com\/lifestyle\/people-insolites\/la-propriete-viticole-de-robin-williams-achetee-par-des-vignerons-francais-article-8589.html\" target=\"_blank\">la propri\u00e9t\u00e9 viticole du regrett\u00e9 Robin Williams fut achet\u00e9e par des vignerons fran\u00e7ais<\/a>.<\/p>\n<p>L\u2019Opinion publie une chronique de Cyrile Lach\u00e8vre intitul\u00e9e <a href=\"http:\/\/www.lopinion.fr\/edition\/economie\/l-immobilier-face-a-deferlante-numerique-97693\" target=\"_blank\">L\u2019immobilier face \u00e0 la d\u00e9ferlante num\u00e9rique<\/a>.<\/p>\n<p>Le Figaro souligne que <a href=\"http:\/\/immobilier.lefigaro.fr\/article\/immobilier-les-prix-augmentent-dans-plusieurs-grandes-villes_9c65483c-dfbc-11e5-a4da-fc5ca188cd22\/\" target=\"_blank\">les prix augmentent dans plusieurs grandes villes<\/a>.<\/p>\n<p>Les \u00c9chos remarque que <a href=\"http:\/\/www.lesechos.fr\/industrie-services\/immobilier-btp\/021740494812-immobilier-paris-teste-la-formule-de-limmeuble-sans-charges-de-copropriete-1204552.php\" target=\"_blank\">Paris teste la formule de l\u2019immeuble sans charges de copropri\u00e9t\u00e9<\/a>.<\/p>\n<p>Mon Argent estime que <a href=\"http:\/\/monargent.lecho.be\/immobilier\/Les_taux_bas_protegent_le_marche_immobilier.9739312-1786.art?ckc=1&amp;ts=1456944625\" target=\"_blank\">les taux bas prot\u00e8gent le march\u00e9 immobilier<\/a>.<\/p>\n<p>Le Monde sugg\u00e8re <a href=\"http:\/\/www.lemonde.fr\/argent\/article\/2016\/03\/01\/la-vache-l-avenir-des-rentiers_4874471_1657007.html\" target=\"_blank\">d\u2019oublier l\u2019immobilier et d\u2019investir dans le b\u00e9tail<\/a>.<\/p>\n<p>M\u00e9dias 24 au Maroc r\u00e9v\u00e8le que <a href=\"http:\/\/www.medias24.com\/Immobilier\/162098-Immobilier.-Le-referentiel-de-Casablanca-a-ralenti-les-transactions.html\" target=\"_blank\">le r\u00e9f\u00e9rentiel des prix immobiliers est critiqu\u00e9<\/a>.<\/p>\n<p>Les projets insolites de la semaine\u00a0: <a href=\"http:\/\/www.lavieimmo.com\/insolite\/habiter-dans-une-centrale-electrique-le-projet-fou-d-un-iranien-34970.html\" target=\"_blank\">habiter dans une centrale \u00e9lectrique<\/a>, le <a href=\"http:\/\/www.lavieimmo.com\/insolite\/le-manoir-du-fondateur-de-megaupload-est-a-vendre-34958.html\" target=\"_blank\">manoir de Megaupload est \u00e0 vendre<\/a> et le <a href=\"http:\/\/edito.seloger.com\/lifestyle\/people-insolites\/le-bien-immobilier-le-plus-cher-du-monde-vendu-650-meu-au-texas-article-9031.html\" target=\"_blank\">bien immobilier le plus cher du monde vendu au Texas<\/a>.<\/p>\n<p>La Vie Immo fait le tour de <a href=\"http:\/\/www.lavieimmo.com\/prix-immobilier\/quelle-surface-peut-on-s-offrir-pour-un-million-d-euros-34974.html\" target=\"_blank\">quelle surface peut-on s\u2019offrir pour 1 million d\u2019euros<\/a>?<\/p>\n<p>Et pour terminer, une <a href=\"http:\/\/www.linfo.re\/magazine\/insolite\/687484-un-batiment-italien-capable-d-absorber-la-pollution-de-l-air\" target=\"_blank\">firme italienne a construit un b\u00e2timent capable d\u2019absorber la pollution de l\u2019air<\/a>.<\/p>\n<p>&nbsp;<\/p>\n","protected":false},"excerpt":{"rendered":"<p>Les Saveurs de la semaine sont votre source hebdomadaire de nouvelles et de reportages sur l\u2019immobilier qui auraient pu vous \u00e9chapper.\u00a0Notre \u00e9quipe des Saveurs de la semaine s\u2019acharne \u00e0 parcourir le Web, les groupes de nouvelles et les forums \u00e0 la recherche de reportages obscurs, bizarres, int\u00e9ressants et informatifs sur l\u2019immobilier ou des sujets connexes. &hellip; <a href=\"https:\/\/archive.cafe.crea.ca\/fr\/saveurs-de-la-semaine-le-4-mars-2016\/\" class=\"more-link\">Continue reading <span class=\"screen-reader-text\">Saveurs de la semaine : le 4 mars 2016<\/span><\/a><\/p>\n","protected":false},"author":23,"featured_media":27440,"comment_status":"open","ping_status":"open","sticky":false,"template":"","format":"standard","meta":{"footnotes":""},"categories":[2372],"tags":[],"coauthors":[],"class_list":["post-30799","post","type-post","status-publish","format-standard","has-post-thumbnail","hentry","category-divers"],"aioseo_notices":[],"_links":{"self":[{"href":"https:\/\/archive.cafe.crea.ca\/fr\/wp-json\/wp\/v2\/posts\/30799"}],"collection":[{"href":"https:\/\/archive.cafe.crea.ca\/fr\/wp-json\/wp\/v2\/posts"}],"about":[{"href":"https:\/\/archive.cafe.crea.ca\/fr\/wp-json\/wp\/v2\/types\/post"}],"author":[{"embeddable":true,"href":"https:\/\/archive.cafe.crea.ca\/fr\/wp-json\/wp\/v2\/users\/23"}],"replies":[{"embeddable":true,"href":"https:\/\/archive.cafe.crea.ca\/fr\/wp-json\/wp\/v2\/comments?post=30799"}],"version-history":[{"count":0,"href":"https:\/\/archive.cafe.crea.ca\/fr\/wp-json\/wp\/v2\/posts\/30799\/revisions"}],"wp:featuredmedia":[{"embeddable":true,"href":"https:\/\/archive.cafe.crea.ca\/fr\/wp-json\/wp\/v2\/media\/27440"}],"wp:attachment":[{"href":"https:\/\/archive.cafe.crea.ca\/fr\/wp-json\/wp\/v2\/media?parent=30799"}],"wp:term":[{"taxonomy":"category","embeddable":true,"href":"https:\/\/archive.cafe.crea.ca\/fr\/wp-json\/wp\/v2\/categories?post=30799"},{"taxonomy":"post_tag","embeddable":true,"href":"https:\/\/archive.cafe.crea.ca\/fr\/wp-json\/wp\/v2\/tags?post=30799"},{"taxonomy":"author","embeddable":true,"href":"https:\/\/archive.cafe.crea.ca\/fr\/wp-json\/wp\/v2\/coauthors?post=30799"}],"curies":[{"name":"wp","href":"https:\/\/api.w.org\/{rel}","templated":true}]}}