{"id":30795,"date":"2016-03-18T13:21:20","date_gmt":"2016-03-18T17:21:20","guid":{"rendered":"https:\/\/archive.cafe.crea.ca\/saveurs-de-la-semaine-le-18-mars-2016\/"},"modified":"2016-03-18T13:21:20","modified_gmt":"2016-03-18T17:21:20","slug":"saveurs-de-la-semaine-le-18-mars-2016","status":"publish","type":"post","link":"https:\/\/archive.cafe.crea.ca\/fr\/saveurs-de-la-semaine-le-18-mars-2016\/","title":{"rendered":"Saveurs de la semaine : le 18 mars 2016"},"content":{"rendered":"<p><em>Les Saveurs de la semaine sont votre source hebdomadaire de nouvelles et de reportages sur l\u2019immobilier qui auraient pu vous \u00e9chapper.<\/em><em>\u00a0Notre \u00e9quipe des Saveurs de la semaine s\u2019acharne \u00e0 parcourir le Web, les groupes de nouvelles et les forums \u00e0 la recherche de reportages obscurs, bizarres, int\u00e9ressants et informatifs sur l\u2019immobilier ou des sujets connexes. Si vous d\u00e9sirez en contribuer un, veuillez l\u2019afficher \u00e0 notre section r\u00e9serv\u00e9e aux commentaires ou gazouiller sur le reportage en utilisant le mot-clic\u00a0<strong>#Saveursdelasemaine<\/strong>. Faites-vous couler une bonne tasse de caf\u00e9 frais, savourez ces reportages\u2026 et faites-en peut-\u00eatre m\u00eame part \u00e0 vos amis et coll\u00e8gues. Bonne lecture!<\/em><\/p>\n<p><strong>Voici mes choix de la semaine\u00a0:<\/strong><\/p>\n<p>Les conseils de la semaine\u00a0: <a href=\"http:\/\/tinyurl.com\/h65xxc5\" target=\"_blank\">la for\u00eat au salon<\/a>, <a href=\"http:\/\/tinyurl.com\/zum9wge\" target=\"_blank\">vendre le design autrement<\/a>,\u00a0<a href=\"http:\/\/tinyurl.com\/gscov3r\" target=\"_blank\">vivre entre ville et campagne<\/a>, sans oublier <a href=\"http:\/\/tinyurl.com\/jkrazhu\" target=\"_blank\">les conseils de Grammond sur des d\u00e9ductions d\u2019imp\u00f4t que l\u2019on oublie souvent de r\u00e9clamer<\/a>.<\/p>\n<p>Tendance? Les <a href=\"http:\/\/tinyurl.com\/hbq52uz\" target=\"_blank\">jeunes Qu\u00e9b\u00e9cois d\u00e9laissent-ils la voiture<\/a>?<\/p>\n<p>Immobilier cher \u00e0 Toronto? Voici une propri\u00e9t\u00e9 <a href=\"http:\/\/www.ouest-france.fr\/insolite\/toronto-une-immense-maison-vendre-pour-un-euro-4102143\" target=\"_blank\">sur le march\u00e9 pour un Euro<\/a>.<\/p>\n<p>Saviez-vous que <a href=\"http:\/\/www.sympatico.ca\/actualites\/insolite\/logement-populaire-airbnb-cabine-californie-1.1681372\" target=\"_blank\">le logement le plus populaire d\u2019Airbnb se trouve en Californie<\/a>?<\/p>\n<p>Toolito estime que <a href=\"http:\/\/www.toolito.com\/geek\/realite-virtuelle-revolution-immobilier\/\" target=\"_blank\">la r\u00e9alit\u00e9 virtuelle sera la prochaine r\u00e9volution de l\u2019immobilier<\/a>.<\/p>\n<p>Le Figaro discute des <a href=\"http:\/\/immobilier.lefigaro.fr\/article\/ces-start-up-rendront-l-immobilier-plus-facile-a-vivre_f28eea6c-eaaf-11e5-973b-cefe5f981d4d\/\" target=\"_blank\">start-up qui rendront l\u2019immobilier plus facile \u00e0 vivre<\/a>.<\/p>\n<p>Boursorama constate que <a href=\"http:\/\/www.boursorama.com\/actualites\/immobilier-le-secteur-se-convertit-au-numerique-et-au-developpement-durable-7304fe463e306367f56eb48dc8c48c2d\" target=\"_blank\">le secteur immobilier fran\u00e7ais se convertit au num\u00e9rique et au d\u00e9veloppement durable<\/a>.<\/p>\n<p>Du cot\u00e9 immobilier commercial, La Vie Immo consid\u00e8re que le d\u00e9fi est d\u2019<a href=\"http:\/\/www.lavieimmo.com\/divers-immobilier\/immobilier-commercial-etre-flexible-ou-disparaitre-35114.html\" target=\"_blank\">\u00eatre flexible ou dispara\u00eetre<\/a>, Capital analyse <a href=\"http:\/\/www.capital.fr\/a-la-une\/actualites\/quand-la-ville-de-paris-concurrence-le-prive-dans-l-immobilier-commercial-1109548\" target=\"_blank\">quand la ville de Paris concurrence le priv\u00e9<\/a> et Lib\u00e9ration remarque <a href=\"http:\/\/www.liberation.fr\/futurs\/2016\/03\/15\/salon-de-l-immobilier-les-entrepots-xxl-profitent-de-l-essor-du-commerce-en-ligne_1439658\" target=\"_blank\">les entrep\u00f4ts XXL<\/a> qui profitent du commerce en ligne.<\/p>\n<p>&nbsp;<\/p>\n","protected":false},"excerpt":{"rendered":"<p>Les Saveurs de la semaine sont votre source hebdomadaire de nouvelles et de reportages sur l\u2019immobilier qui auraient pu vous \u00e9chapper.\u00a0Notre \u00e9quipe des Saveurs de la semaine s\u2019acharne \u00e0 parcourir le Web, les groupes de nouvelles et les forums \u00e0 la recherche de reportages obscurs, bizarres, int\u00e9ressants et informatifs sur l\u2019immobilier ou des sujets connexes. &hellip; <a href=\"https:\/\/archive.cafe.crea.ca\/fr\/saveurs-de-la-semaine-le-18-mars-2016\/\" class=\"more-link\">Continue reading <span class=\"screen-reader-text\">Saveurs de la semaine : le 18 mars 2016<\/span><\/a><\/p>\n","protected":false},"author":23,"featured_media":27432,"comment_status":"open","ping_status":"open","sticky":false,"template":"","format":"standard","meta":{"footnotes":""},"categories":[2372],"tags":[],"coauthors":[],"class_list":["post-30795","post","type-post","status-publish","format-standard","has-post-thumbnail","hentry","category-divers"],"aioseo_notices":[],"_links":{"self":[{"href":"https:\/\/archive.cafe.crea.ca\/fr\/wp-json\/wp\/v2\/posts\/30795"}],"collection":[{"href":"https:\/\/archive.cafe.crea.ca\/fr\/wp-json\/wp\/v2\/posts"}],"about":[{"href":"https:\/\/archive.cafe.crea.ca\/fr\/wp-json\/wp\/v2\/types\/post"}],"author":[{"embeddable":true,"href":"https:\/\/archive.cafe.crea.ca\/fr\/wp-json\/wp\/v2\/users\/23"}],"replies":[{"embeddable":true,"href":"https:\/\/archive.cafe.crea.ca\/fr\/wp-json\/wp\/v2\/comments?post=30795"}],"version-history":[{"count":0,"href":"https:\/\/archive.cafe.crea.ca\/fr\/wp-json\/wp\/v2\/posts\/30795\/revisions"}],"wp:featuredmedia":[{"embeddable":true,"href":"https:\/\/archive.cafe.crea.ca\/fr\/wp-json\/wp\/v2\/media\/27432"}],"wp:attachment":[{"href":"https:\/\/archive.cafe.crea.ca\/fr\/wp-json\/wp\/v2\/media?parent=30795"}],"wp:term":[{"taxonomy":"category","embeddable":true,"href":"https:\/\/archive.cafe.crea.ca\/fr\/wp-json\/wp\/v2\/categories?post=30795"},{"taxonomy":"post_tag","embeddable":true,"href":"https:\/\/archive.cafe.crea.ca\/fr\/wp-json\/wp\/v2\/tags?post=30795"},{"taxonomy":"author","embeddable":true,"href":"https:\/\/archive.cafe.crea.ca\/fr\/wp-json\/wp\/v2\/coauthors?post=30795"}],"curies":[{"name":"wp","href":"https:\/\/api.w.org\/{rel}","templated":true}]}}