{"id":30788,"date":"2016-04-15T13:36:02","date_gmt":"2016-04-15T17:36:02","guid":{"rendered":"https:\/\/archive.cafe.crea.ca\/saveurs-de-la-semaine-le-15-avril-2016\/"},"modified":"2016-04-15T13:36:02","modified_gmt":"2016-04-15T17:36:02","slug":"saveurs-de-la-semaine-le-15-avril-2016","status":"publish","type":"post","link":"https:\/\/archive.cafe.crea.ca\/fr\/saveurs-de-la-semaine-le-15-avril-2016\/","title":{"rendered":"Saveurs de la semaine : le 15 avril 2016"},"content":{"rendered":"<p><em>Les Saveurs de la semaine sont votre source hebdomadaire de nouvelles et de reportages sur l\u2019immobilier qui auraient pu vous \u00e9chapper.<\/em><em>\u00a0Notre \u00e9quipe des Saveurs de la semaine s\u2019acharne \u00e0 parcourir le Web, les groupes de nouvelles et les forums \u00e0 la recherche de reportages obscurs, bizarres, int\u00e9ressants et informatifs sur l\u2019immobilier ou des sujets connexes. Si vous d\u00e9sirez en contribuer un, veuillez l\u2019afficher \u00e0 notre section r\u00e9serv\u00e9e aux commentaires ou gazouiller sur le reportage en utilisant le mot-clic\u00a0<strong>#Saveursdelasemaine<\/strong>. Faites-vous couler une bonne tasse de caf\u00e9 frais, savourez ces reportages\u2026 et faites-en peut-\u00eatre m\u00eame part \u00e0 vos amis et coll\u00e8gues. Bonne lecture!<\/em><\/p>\n<p><strong>Voici mes choix de la semaine\u00a0:<\/strong><\/p>\n<p>Les suggestions de la semaine\u00a0: <a href=\"http:\/\/www.lapresse.ca\/maison\/immobilier\/conseils\/201604\/13\/01-4970730-acheter-pour-agrandir.php?utm_categorieinterne=trafficdrivers&amp;utm_contenuinterne=cyberpresse_B13b_immobilier_320590_section_POS3\" target=\"_blank\">acheter pour agrandir<\/a>, <a href=\"http:\/\/go.pardot.com\/e\/94862\/jej6hjv\/ydbnh\/38112094\" target=\"_blank\">l\u2019escalier cr\u00e9atif<\/a>, <a href=\"http:\/\/tinyurl.com\/hjudejd\" target=\"_blank\">designers de mode chez IKEA<\/a> et <a href=\"http:\/\/www.lapresse.ca\/maison\/immobilier\/201604\/07\/01-4968680-minichalets-grands-horizons.php\" target=\"_blank\">minichalets, grands horizons<\/a>.<\/p>\n<p>La Presse discute du <a href=\"http:\/\/tinyurl.com\/z5yjwlt\" target=\"_blank\">programme qu\u00e9b\u00e9cois R\u00e9noVert<\/a>, et fait le tour des travaux admissibles.<\/p>\n<p>Le Devoir conclut que la <a href=\"http:\/\/go.pardot.com\/e\/94862\/hfkx36x\/ydbk3\/38112094\" target=\"_blank\">nouvelle loi encadrant les locations type Airbnb deviendront le cauchemar des inspecteurs<\/a>.<\/p>\n<p>Le Journal de Qu\u00e9bec constate que <a href=\"http:\/\/www.journaldequebec.com\/2016\/04\/10\/le-marche-de-limmobilier-en-arrache\" target=\"_blank\">le march\u00e9 de l\u2019immobilier qu\u00e9b\u00e9cois en arrache<\/a>.<\/p>\n<p>Le Temps estime que <a href=\"http:\/\/www.letemps.ch\/economie\/2016\/04\/13\/immobilier-americain-une-machine-blanchir-argent-sale\" target=\"_blank\">l\u2019immobilier am\u00e9ricain est une machine \u00e0 blanchir l\u2019argent sale<\/a>.<\/p>\n<p>Les retours de la crise financi\u00e8re\u00a0: <a href=\"http:\/\/affaires.lapresse.ca\/dossiers\/litiges-economiques\/201604\/11\/01-4969938-goldman-sachs-accord-de-5-milliards-pour-clore-un-litige-immobilier.php\" target=\"_blank\">Goldman Sachs signe un accord de 5 milliards pour clore un litige immobilier<\/a>.<\/p>\n<p>La Tribune publie un billet de l\u2019\u00e9conomiste <a href=\"http:\/\/www.latribune.fr\/opinions\/tribunes\/quand-l-immobilier-menace-la-croissance-563826.html\" target=\"_blank\">Michel Santi intitul\u00e9 <em>Quand l\u2019immobilier menace la croissance<\/em><\/a>.<\/p>\n<p>Le Nouvel Observateur note que <a href=\"http:\/\/rue89.nouvelobs.com\/2016\/04\/11\/ville-paris-marieuse-start-up-263730\">Paris couve ses start-up<\/a>. Deux Bordelais cr\u00e9ent un <a href=\"http:\/\/www.sudouest.fr\/2016\/04\/13\/immobilier-deux-bordelais-creent-un-site-pour-casser-les-commissions-des-agents-2329753-705.php\" target=\"_blank\">site pour \u00ab\u00a0casser\u00a0\u00bb les commissions des agents immobiliers fran\u00e7ais<\/a>.<\/p>\n<p>ExplorImmo compare <a href=\"http:\/\/www.explorimmo.com\/edito\/actualite-immobiliere\/detail\/article\/france-espagne-le-match-de-l-immobilier.html\" target=\"_blank\">la France et l\u2019Espagne dans le match de l\u2019immobilier<\/a>. Bousorama souligne qu\u2019en Espagne, <a href=\"http:\/\/www.boursorama.com\/actualites\/espagne-les-etrangers-se-pressent-de-profiter-de-l-immobilier-a-petit-prix-91a367af4fc119d72f0a1b298884c0a1\">les \u00e9trangers se pressent de profiter de l\u2019immobilier \u00e0 petit prix<\/a>.<\/p>\n<p>Ils sont fous ces\u2026 <a href=\"http:\/\/www.lavieimmo.com\/insolite\/dubai-veut-construire-une-tour-de-plus-de-830-metres-de-haut-35388.html\">Duba\u00ef veut construire une tour de plus de 830 m\u00e8tres de hauteur<\/a>.<\/p>\n","protected":false},"excerpt":{"rendered":"<p>Les Saveurs de la semaine sont votre source hebdomadaire de nouvelles et de reportages sur l\u2019immobilier qui auraient pu vous \u00e9chapper.\u00a0Notre \u00e9quipe des Saveurs de la semaine s\u2019acharne \u00e0 parcourir le Web, les groupes de nouvelles et les forums \u00e0 la recherche de reportages obscurs, bizarres, int\u00e9ressants et informatifs sur l\u2019immobilier ou des sujets connexes. &hellip; <a href=\"https:\/\/archive.cafe.crea.ca\/fr\/saveurs-de-la-semaine-le-15-avril-2016\/\" class=\"more-link\">Continue reading <span class=\"screen-reader-text\">Saveurs de la semaine : le 15 avril 2016<\/span><\/a><\/p>\n","protected":false},"author":23,"featured_media":27418,"comment_status":"open","ping_status":"open","sticky":false,"template":"","format":"standard","meta":{"footnotes":""},"categories":[2372],"tags":[],"coauthors":[],"class_list":["post-30788","post","type-post","status-publish","format-standard","has-post-thumbnail","hentry","category-divers"],"aioseo_notices":[],"_links":{"self":[{"href":"https:\/\/archive.cafe.crea.ca\/fr\/wp-json\/wp\/v2\/posts\/30788"}],"collection":[{"href":"https:\/\/archive.cafe.crea.ca\/fr\/wp-json\/wp\/v2\/posts"}],"about":[{"href":"https:\/\/archive.cafe.crea.ca\/fr\/wp-json\/wp\/v2\/types\/post"}],"author":[{"embeddable":true,"href":"https:\/\/archive.cafe.crea.ca\/fr\/wp-json\/wp\/v2\/users\/23"}],"replies":[{"embeddable":true,"href":"https:\/\/archive.cafe.crea.ca\/fr\/wp-json\/wp\/v2\/comments?post=30788"}],"version-history":[{"count":0,"href":"https:\/\/archive.cafe.crea.ca\/fr\/wp-json\/wp\/v2\/posts\/30788\/revisions"}],"wp:featuredmedia":[{"embeddable":true,"href":"https:\/\/archive.cafe.crea.ca\/fr\/wp-json\/wp\/v2\/media\/27418"}],"wp:attachment":[{"href":"https:\/\/archive.cafe.crea.ca\/fr\/wp-json\/wp\/v2\/media?parent=30788"}],"wp:term":[{"taxonomy":"category","embeddable":true,"href":"https:\/\/archive.cafe.crea.ca\/fr\/wp-json\/wp\/v2\/categories?post=30788"},{"taxonomy":"post_tag","embeddable":true,"href":"https:\/\/archive.cafe.crea.ca\/fr\/wp-json\/wp\/v2\/tags?post=30788"},{"taxonomy":"author","embeddable":true,"href":"https:\/\/archive.cafe.crea.ca\/fr\/wp-json\/wp\/v2\/coauthors?post=30788"}],"curies":[{"name":"wp","href":"https:\/\/api.w.org\/{rel}","templated":true}]}}